{"id":26109,"date":"2013-09-28T13:13:12","date_gmt":"2013-09-28T13:13:12","guid":{"rendered":"http:\/\/www.hoymercedes.com.ar\/principal\/?p=26109"},"modified":"2013-09-27T23:16:23","modified_gmt":"2013-09-27T23:16:23","slug":"caminata-por-los-barrios-del-frente-renovador-encabezados-por-bozzini","status":"publish","type":"post","link":"https:\/\/www.hoymercedes.com.ar\/principal\/2013\/09\/28\/caminata-por-los-barrios-del-frente-renovador-encabezados-por-bozzini\/","title":{"rendered":"Caminata por los barrios del Frente Renovador encabezados por Bozzini"},"content":{"rendered":"<p><a href=\"https:\/\/www.hoymercedes.com.ar\/principal\/wp-content\/uploads\/2013\/09\/caminataunzue.jpg\"><img loading=\"lazy\" decoding=\"async\" data-attachment-id=\"26111\" data-permalink=\"https:\/\/www.hoymercedes.com.ar\/principal\/2013\/09\/28\/caminata-por-los-barrios-del-frente-renovador-encabezados-por-bozzini\/caminataunzue\/#main\" data-orig-file=\"https:\/\/www.hoymercedes.com.ar\/principal\/wp-content\/uploads\/2013\/09\/caminataunzue.jpg\" data-orig-size=\"620,413\" data-comments-opened=\"1\" data-image-meta=\"{&quot;aperture&quot;:&quot;5.6&quot;,&quot;credit&quot;:&quot;&quot;,&quot;camera&quot;:&quot;NIKON D3100&quot;,&quot;caption&quot;:&quot;&quot;,&quot;created_timestamp&quot;:&quot;1379893187&quot;,&quot;copyright&quot;:&quot;&quot;,&quot;focal_length&quot;:&quot;18&quot;,&quot;iso&quot;:&quot;250&quot;,&quot;shutter_speed&quot;:&quot;0.008&quot;,&quot;title&quot;:&quot;&quot;}\" data-image-title=\"caminataunzue\" data-image-description=\"\" data-image-caption=\"\" data-large-file=\"https:\/\/www.hoymercedes.com.ar\/principal\/wp-content\/uploads\/2013\/09\/caminataunzue.jpg\" class=\"aligncenter size-full wp-image-26111\" alt=\"caminataunzue\" src=\"https:\/\/www.hoymercedes.com.ar\/principal\/wp-content\/uploads\/2013\/09\/caminataunzue.jpg\" width=\"620\" height=\"413\" \/><\/a><\/p>\n<p><em><strong>El referente del Frente Renovador en la lista 504 que ir\u00e1 a las elecciones generales el 27 de octubre, Ricardo Bozzini, recorri\u00f3 varios de nuestra comuna durante la \u00faltima semana. Entre ellos Unzu\u00e9 y Unidad y Progreso, haci\u00e9ndolo acompa\u00f1ado de militentes y actuales concejales.<\/strong><\/em><\/p>\n<p>El primer candidato del Frente Renovador Ricardo Bozzini se traslad\u00f3 hacia la zona Oeste de la ciudad y camin\u00f3 los barrios Unzu\u00e9 y Unidad y Progreso. All\u00ed llegaron a los vecinos con material gr\u00e1fico y adem\u00e1s se tomaron un tiempo para conversar sobre distintas inquietudes que se iban generando. \u201c<em>M\u00e1s all\u00e1 de charlar con los vecinos sobre cuestiones particulares a resolver, les recordamos trabajos que se han desarrollado en la zona de la ciudad como es el entoscado y mejoramiento de muchas calles, como tambi\u00e9n obras de zanjeo y dem\u00e1s\u201d<\/em>, sostuvo el primer candidato Bozzini.<\/p>\n<p>Bozzini estuvo acompa\u00f1ado de otros candidatos como Sabrina Selva, Juan Navarro, Cacho Colotta, Agust\u00edn Lasala, Hern\u00e1n Torales y Alicia Arce, como as\u00ed tambi\u00e9n por militantes y el presidente del bloque de concejales del Frente Renovador Carlos Milhomme. <em>\u201cHemos conformado un grupo de trabajo muy lindo. Lo importante de esto es que a la gente le estamos llegando con el mismo mensaje que en agosto, nosotros no cambiamos de discurso entre una elecci\u00f3n y otra. Seguimos diciendo que Massa es el mejor futuro para este pa\u00eds y que debemos acompa\u00f1ar al intendente Carlos Selva en su gesti\u00f3n. Necesitamos del voto de la gente para que la gesti\u00f3n avance y no haya palos en la rueda por parte de algunos opositores como ya venimos apreciando en las \u00faltimas sesiones del Concejo Deliberante\u201d<\/em>, afirm\u00f3 Ricardo Bozzini.<\/p>\n<p>Mientras tanto otro grupo, encabezado por el candidato y actual concejal Juan Carlos Ben\u00edtez recorr\u00eda la zona del San Justo llegando hasta esos lugares con el mensaje de Sergio Massa.<\/p>\n<p><span style=\"color: #888888;\">Fuente: Frente Renovador<\/span><\/p>\n","protected":false},"excerpt":{"rendered":"<p>El referente del Frente Renovador en la lista 504 que ir\u00e1 a las elecciones generales el 27 de octubre, Ricardo &#8230; <a title=\"Caminata por los barrios del Frente Renovador encabezados por Bozzini\" class=\"read-more\" href=\"https:\/\/www.hoymercedes.com.ar\/principal\/2013\/09\/28\/caminata-por-los-barrios-del-frente-renovador-encabezados-por-bozzini\/\" aria-label=\"Leer m\u00e1s sobre Caminata por los barrios del Frente Renovador encabezados por Bozzini\">Leer m\u00e1s<\/a><\/p>\n","protected":false},"author":1,"featured_media":0,"comment_status":"open","ping_status":"open","sticky":false,"template":"","format":"standard","meta":{"_monsterinsights_skip_tracking":false,"_monsterinsights_sitenote_active":false,"_monsterinsights_sitenote_note":"","_monsterinsights_sitenote_category":0,"jetpack_post_was_ever_published":false,"_jetpack_newsletter_access":"","_jetpack_dont_email_post_to_subs":false,"_jetpack_newsletter_tier_id":0,"_jetpack_memberships_contains_paywalled_content":false,"_jetpack_memberships_contains_paid_content":false,"footnotes":"","jetpack_publicize_message":"","jetpack_publicize_feature_enabled":true,"jetpack_social_post_already_shared":true,"jetpack_social_options":{"image_generator_settings":{"template":"highway","default_image_id":0,"font":"","enabled":false},"version":2},"_wpas_customize_per_network":false},"categories":[5],"tags":[3537,3648],"class_list":["post-26109","post","type-post","status-publish","format-standard","hentry","category-politica","tag-frente-renovador","tag-ricardo-bozzini","generate-columns","tablet-grid-50","mobile-grid-100","grid-parent","grid-50"],"jetpack_publicize_connections":[],"jetpack_featured_media_url":"","wps_subtitle":"","jetpack_sharing_enabled":true,"_links":{"self":[{"href":"https:\/\/www.hoymercedes.com.ar\/principal\/wp-json\/wp\/v2\/posts\/26109","targetHints":{"allow":["GET"]}}],"collection":[{"href":"https:\/\/www.hoymercedes.com.ar\/principal\/wp-json\/wp\/v2\/posts"}],"about":[{"href":"https:\/\/www.hoymercedes.com.ar\/principal\/wp-json\/wp\/v2\/types\/post"}],"author":[{"embeddable":true,"href":"https:\/\/www.hoymercedes.com.ar\/principal\/wp-json\/wp\/v2\/users\/1"}],"replies":[{"embeddable":true,"href":"https:\/\/www.hoymercedes.com.ar\/principal\/wp-json\/wp\/v2\/comments?post=26109"}],"version-history":[{"count":0,"href":"https:\/\/www.hoymercedes.com.ar\/principal\/wp-json\/wp\/v2\/posts\/26109\/revisions"}],"wp:attachment":[{"href":"https:\/\/www.hoymercedes.com.ar\/principal\/wp-json\/wp\/v2\/media?parent=26109"}],"wp:term":[{"taxonomy":"category","embeddable":true,"href":"https:\/\/www.hoymercedes.com.ar\/principal\/wp-json\/wp\/v2\/categories?post=26109"},{"taxonomy":"post_tag","embeddable":true,"href":"https:\/\/www.hoymercedes.com.ar\/principal\/wp-json\/wp\/v2\/tags?post=26109"}],"curies":[{"name":"wp","href":"https:\/\/api.w.org\/{rel}","templated":true}]}}