{"id":2611,"date":"2011-03-06T15:46:08","date_gmt":"2011-03-06T15:46:08","guid":{"rendered":"http:\/\/www.hoymercedes.com.ar\/principal\/?p=2611"},"modified":"2011-03-06T15:46:08","modified_gmt":"2011-03-06T15:46:08","slug":"fiesta-tropical-y-folklorica-en-garcia","status":"publish","type":"post","link":"https:\/\/www.hoymercedes.com.ar\/principal\/2011\/03\/06\/fiesta-tropical-y-folklorica-en-garcia\/","title":{"rendered":"Fiesta tropical y folkl\u00f3rica en Garc\u00eda"},"content":{"rendered":"<p>Desde el grupo organizador al encuentro se da a conocer la siguiente invitaci\u00f3n a toda la comunidad de un baile que se realizar\u00e1 en Garc\u00eda.<\/p>\n<p>\u201cGran fiesta tropical chamamecera en Garc\u00eda, partido de mercedes (bs. as), s\u00e1bado 12 de marzo desde las 22hs. con la actuaci\u00f3n estelar de Pancho Escalada \u00bb el maestro santiague\u00f1o\u00bb y Tropical Macondo, la autentica cumbia, concursos de cumbia, chamam\u00e9 y sapuc\u00e1i, venga a bailar chamigo!!!<\/p>\n<p>Anima: Luis Antes, informes al 02324 &#8211; 15527368<\/p>\n<p>&nbsp;<\/p>\n","protected":false},"excerpt":{"rendered":"<p>Desde el grupo organizador al encuentro se da a conocer la siguiente invitaci\u00f3n a toda la comunidad de un baile &#8230; <a title=\"Fiesta tropical y folkl\u00f3rica en Garc\u00eda\" class=\"read-more\" href=\"https:\/\/www.hoymercedes.com.ar\/principal\/2011\/03\/06\/fiesta-tropical-y-folklorica-en-garcia\/\" aria-label=\"Leer m\u00e1s sobre Fiesta tropical y folkl\u00f3rica en Garc\u00eda\">Leer m\u00e1s<\/a><\/p>\n","protected":false},"author":1,"featured_media":0,"comment_status":"open","ping_status":"open","sticky":false,"template":"","format":"standard","meta":{"_monsterinsights_skip_tracking":false,"_monsterinsights_sitenote_active":false,"_monsterinsights_sitenote_note":"","_monsterinsights_sitenote_category":0,"jetpack_post_was_ever_published":false,"_jetpack_newsletter_access":"","_jetpack_dont_email_post_to_subs":false,"_jetpack_newsletter_tier_id":0,"_jetpack_memberships_contains_paywalled_content":false,"_jetpack_memberships_contains_paid_content":false,"footnotes":"","jetpack_publicize_message":"","jetpack_publicize_feature_enabled":true,"jetpack_social_post_already_shared":false,"jetpack_social_options":{"image_generator_settings":{"template":"highway","default_image_id":0,"font":"","enabled":false},"version":2},"_wpas_customize_per_network":false},"categories":[8],"tags":[534,533],"class_list":["post-2611","post","type-post","status-publish","format-standard","hentry","category-sociedad","tag-garcia","tag-luis-antes","generate-columns","tablet-grid-50","mobile-grid-100","grid-parent","grid-50"],"jetpack_publicize_connections":[],"jetpack_featured_media_url":"","wps_subtitle":"","jetpack_sharing_enabled":true,"_links":{"self":[{"href":"https:\/\/www.hoymercedes.com.ar\/principal\/wp-json\/wp\/v2\/posts\/2611","targetHints":{"allow":["GET"]}}],"collection":[{"href":"https:\/\/www.hoymercedes.com.ar\/principal\/wp-json\/wp\/v2\/posts"}],"about":[{"href":"https:\/\/www.hoymercedes.com.ar\/principal\/wp-json\/wp\/v2\/types\/post"}],"author":[{"embeddable":true,"href":"https:\/\/www.hoymercedes.com.ar\/principal\/wp-json\/wp\/v2\/users\/1"}],"replies":[{"embeddable":true,"href":"https:\/\/www.hoymercedes.com.ar\/principal\/wp-json\/wp\/v2\/comments?post=2611"}],"version-history":[{"count":0,"href":"https:\/\/www.hoymercedes.com.ar\/principal\/wp-json\/wp\/v2\/posts\/2611\/revisions"}],"wp:attachment":[{"href":"https:\/\/www.hoymercedes.com.ar\/principal\/wp-json\/wp\/v2\/media?parent=2611"}],"wp:term":[{"taxonomy":"category","embeddable":true,"href":"https:\/\/www.hoymercedes.com.ar\/principal\/wp-json\/wp\/v2\/categories?post=2611"},{"taxonomy":"post_tag","embeddable":true,"href":"https:\/\/www.hoymercedes.com.ar\/principal\/wp-json\/wp\/v2\/tags?post=2611"}],"curies":[{"name":"wp","href":"https:\/\/api.w.org\/{rel}","templated":true}]}}