{"id":26120,"date":"2013-09-29T21:27:48","date_gmt":"2013-09-29T21:27:48","guid":{"rendered":"http:\/\/www.hoymercedes.com.ar\/principal\/?p=26120"},"modified":"2013-09-29T21:27:48","modified_gmt":"2013-09-29T21:27:48","slug":"fmpv-entregan-elementos-en-hospital-dubarry","status":"publish","type":"post","link":"https:\/\/www.hoymercedes.com.ar\/principal\/2013\/09\/29\/fmpv-entregan-elementos-en-hospital-dubarry\/","title":{"rendered":"FMPV: Entregan elementos en Hospital Dubarry"},"content":{"rendered":"<p><em><strong><a href=\"https:\/\/www.hoymercedes.com.ar\/principal\/wp-content\/uploads\/2013\/09\/entregaFMPV-I.jpg\"><img loading=\"lazy\" decoding=\"async\" data-attachment-id=\"26122\" data-permalink=\"https:\/\/www.hoymercedes.com.ar\/principal\/2013\/09\/29\/fmpv-entregan-elementos-en-hospital-dubarry\/entregafmpv-i\/#main\" data-orig-file=\"https:\/\/www.hoymercedes.com.ar\/principal\/wp-content\/uploads\/2013\/09\/entregaFMPV-I.jpg\" data-orig-size=\"620,400\" data-comments-opened=\"1\" data-image-meta=\"{&quot;aperture&quot;:&quot;3.5&quot;,&quot;credit&quot;:&quot;&quot;,&quot;camera&quot;:&quot;Canon EOS REBEL T3i&quot;,&quot;caption&quot;:&quot;&quot;,&quot;created_timestamp&quot;:&quot;1380279566&quot;,&quot;copyright&quot;:&quot;&quot;,&quot;focal_length&quot;:&quot;18&quot;,&quot;iso&quot;:&quot;640&quot;,&quot;shutter_speed&quot;:&quot;0.033333333333333&quot;,&quot;title&quot;:&quot;&quot;}\" data-image-title=\"entregaFMPV-I\" data-image-description=\"\" data-image-caption=\"\" data-large-file=\"https:\/\/www.hoymercedes.com.ar\/principal\/wp-content\/uploads\/2013\/09\/entregaFMPV-I.jpg\" class=\"aligncenter size-full wp-image-26122\" alt=\"entregaFMPV-I\" src=\"https:\/\/www.hoymercedes.com.ar\/principal\/wp-content\/uploads\/2013\/09\/entregaFMPV-I.jpg\" width=\"620\" height=\"400\" \/><\/a>El acto fue encabezado por Juan Ustarroz acompa\u00f1ado por el Director del Hospital, Rodolfo Pr\u00edncipi. Se entregaroj diversos elementos a particulares y al nosocomio.<\/strong><\/em><\/p>\n<p>Un subsidio mensual para una artesana que trabaja con cuero, una ayuda econ\u00f3mica para el arreglo de su vivienda a una familia de Gowland y una serie de instrumentos para los alumnos del taller de m\u00fasica de Salud Mental fueron, este viernes, ejemplos concretos de la articulaci\u00f3n entre el Frente Mercedino para la Victoria y el hospital Blas L. Dubarry.<\/p>\n<p><img loading=\"lazy\" decoding=\"async\" data-attachment-id=\"26123\" data-permalink=\"https:\/\/www.hoymercedes.com.ar\/principal\/2013\/09\/29\/fmpv-entregan-elementos-en-hospital-dubarry\/entregafmpv-ii\/#main\" data-orig-file=\"https:\/\/www.hoymercedes.com.ar\/principal\/wp-content\/uploads\/2013\/09\/entregaFMPV-II.jpg\" data-orig-size=\"620,412\" data-comments-opened=\"1\" data-image-meta=\"{&quot;aperture&quot;:&quot;4&quot;,&quot;credit&quot;:&quot;&quot;,&quot;camera&quot;:&quot;Canon EOS REBEL T3i&quot;,&quot;caption&quot;:&quot;&quot;,&quot;created_timestamp&quot;:&quot;1380278985&quot;,&quot;copyright&quot;:&quot;&quot;,&quot;focal_length&quot;:&quot;18&quot;,&quot;iso&quot;:&quot;400&quot;,&quot;shutter_speed&quot;:&quot;0.016666666666667&quot;,&quot;title&quot;:&quot;&quot;}\" data-image-title=\"entregaFMPV-II\" data-image-description=\"\" data-image-caption=\"\" data-large-file=\"https:\/\/www.hoymercedes.com.ar\/principal\/wp-content\/uploads\/2013\/09\/entregaFMPV-II.jpg\" class=\"aligncenter size-full wp-image-26123\" alt=\"entregaFMPV-II\" src=\"https:\/\/www.hoymercedes.com.ar\/principal\/wp-content\/uploads\/2013\/09\/entregaFMPV-II.jpg\" width=\"620\" height=\"412\" \/><\/p>\n<p><em>\u201cEsto es lo importante: trabajar juntos para la gente sin que importen las diferencias. La idea es estar atentos a las necesidades, primero, y despu\u00e9s complementarnos para dar una soluci\u00f3n. Aqu\u00ed hay vecinos que se acercaron al doctor (Rodolfo) Pr\u00edncipi (director del hospital Dubarry) con distintas inquietudes, el doctor se comunic\u00f3 con nosotros y aqu\u00ed estamos, en este momento que nos resulta muy grato porque podemos brindar una ayuda a quien realmente la necesita. El \u00fanico camino para llegar a una respuesta es el de la unidad\u201d<\/em>, dijo el primer candidato a concejal por el FMpV, Juan Ignacio Ustarroz, agregando: <em>\u00a0\u201cEsto mismo que hicimos hoy con el doctor Pr\u00edncipi queremos hacerlo con todas las instituciones de Mercedes, con todos los clubes, con todos los vecinos. La solidaridad es un ejercicio colectivo, siempre. Y el pueblo mercedino, sin ir m\u00e1s lejos con el hospital mismo, ha dado muestras contundentes en ese sentido\u201d.<\/em><\/p>\n<p>Las ayudas fueron recibidas por Antonella Mastroiani (un subsidio mensual para ayudarla en su emprendimiento de artesan\u00edas en cuero); la familia Quevedo Maldonado (un matrimonio no vidente que recibi\u00f3 un aporte para la reparaci\u00f3n de su vivienda); y los alumnos del taller de m\u00fasica del \u00e1rea de Salud Mental del hospital Blas L. Dubarry que encabeza el guitarrista Gustavo Florella (director del centro cultural Tocando Sue\u00f1os), un kit de instrumentos (bombos y teclados, entre otros) recibido por la doctora Gladys R\u00edos. Los beneficiarios no dejaron parar la oportunidad de agradecer a los gestores del beneficio encabezados por Ustarroz.<\/p>\n<p><em>\u201cComo dice \u2018Juani\u2019, esto es entender a la pol\u00edtica con vocaci\u00f3n de servicio, como una herramienta de transformaci\u00f3n. A trav\u00e9s de los diputados como Eduardo \u2018Wado\u2019 de Pedro o Alberto \u2018Cucho\u2019 Espa\u00f1a, a trav\u00e9s de todos los referentes del Frente Mercedino, se vienen gestionando obras y mejoras para los vecinos de Mercedes y yo soy testigo directo de ello, porque lo que han hecho por el hospital no lo ha hecho nadie\u201d<\/em>, cont\u00f3 Pr\u00edncipi.<\/p>\n<p>En el encuentro de este viernes tambi\u00e9n estuvieron presentes otros dos candidatos a concejales por el Frente Mercedino para la Victoria (Mat\u00edas Dematei, director del PAMI; y el abogado Diego Ciley, a cargo del Centro de Acceso a la Justicia, CAJ); y el director asociado del hospital Blas Dubarry, doctor Higinio Garc\u00eda Aloisio.<\/p>\n<p>Justamente Ciley aprovech\u00f3 el acto para anunciar que el CAJ tendr\u00e1 un puesto m\u00f3vil en el hospital, todos los viernes de 10 a 12.30. All\u00ed, los abogados y asistentes sociales les dar\u00e1n a los vecinos asistencia gratuita en distintas \u00e1reas y especialidades. \u201cY seguimos atendiendo en nuestra sede permanente de calle 16 y 101 bis\u201d, record\u00f3 el abogado.<\/p>\n","protected":false},"excerpt":{"rendered":"<p>El acto fue encabezado por Juan Ustarroz acompa\u00f1ado por el Director del Hospital, Rodolfo Pr\u00edncipi. Se entregaroj diversos elementos a &#8230; <a title=\"FMPV: Entregan elementos en Hospital Dubarry\" class=\"read-more\" href=\"https:\/\/www.hoymercedes.com.ar\/principal\/2013\/09\/29\/fmpv-entregan-elementos-en-hospital-dubarry\/\" aria-label=\"Leer m\u00e1s sobre FMPV: Entregan elementos en Hospital Dubarry\">Leer m\u00e1s<\/a><\/p>\n","protected":false},"author":1,"featured_media":0,"comment_status":"open","ping_status":"open","sticky":false,"template":"","format":"standard","meta":{"_monsterinsights_skip_tracking":false,"_monsterinsights_sitenote_active":false,"_monsterinsights_sitenote_note":"","_monsterinsights_sitenote_category":0,"jetpack_post_was_ever_published":false,"_jetpack_newsletter_access":"","_jetpack_dont_email_post_to_subs":false,"_jetpack_newsletter_tier_id":0,"_jetpack_memberships_contains_paywalled_content":false,"_jetpack_memberships_contains_paid_content":false,"footnotes":"","jetpack_publicize_message":"","jetpack_publicize_feature_enabled":true,"jetpack_social_post_already_shared":true,"jetpack_social_options":{"image_generator_settings":{"template":"highway","default_image_id":0,"font":"","enabled":false},"version":2},"_wpas_customize_per_network":false},"categories":[5],"tags":[1007],"class_list":["post-26120","post","type-post","status-publish","format-standard","hentry","category-politica","tag-frente-mercedino","generate-columns","tablet-grid-50","mobile-grid-100","grid-parent","grid-50"],"jetpack_publicize_connections":[],"jetpack_featured_media_url":"","wps_subtitle":"","jetpack_sharing_enabled":true,"_links":{"self":[{"href":"https:\/\/www.hoymercedes.com.ar\/principal\/wp-json\/wp\/v2\/posts\/26120","targetHints":{"allow":["GET"]}}],"collection":[{"href":"https:\/\/www.hoymercedes.com.ar\/principal\/wp-json\/wp\/v2\/posts"}],"about":[{"href":"https:\/\/www.hoymercedes.com.ar\/principal\/wp-json\/wp\/v2\/types\/post"}],"author":[{"embeddable":true,"href":"https:\/\/www.hoymercedes.com.ar\/principal\/wp-json\/wp\/v2\/users\/1"}],"replies":[{"embeddable":true,"href":"https:\/\/www.hoymercedes.com.ar\/principal\/wp-json\/wp\/v2\/comments?post=26120"}],"version-history":[{"count":0,"href":"https:\/\/www.hoymercedes.com.ar\/principal\/wp-json\/wp\/v2\/posts\/26120\/revisions"}],"wp:attachment":[{"href":"https:\/\/www.hoymercedes.com.ar\/principal\/wp-json\/wp\/v2\/media?parent=26120"}],"wp:term":[{"taxonomy":"category","embeddable":true,"href":"https:\/\/www.hoymercedes.com.ar\/principal\/wp-json\/wp\/v2\/categories?post=26120"},{"taxonomy":"post_tag","embeddable":true,"href":"https:\/\/www.hoymercedes.com.ar\/principal\/wp-json\/wp\/v2\/tags?post=26120"}],"curies":[{"name":"wp","href":"https:\/\/api.w.org\/{rel}","templated":true}]}}