{"id":26144,"date":"2013-09-30T12:25:31","date_gmt":"2013-09-30T12:25:31","guid":{"rendered":"http:\/\/www.hoymercedes.com.ar\/principal\/?p=26144"},"modified":"2013-09-30T12:25:31","modified_gmt":"2013-09-30T12:25:31","slug":"discusion-de-companeros-de-trabajo-que-pudo-terminar-fatal","status":"publish","type":"post","link":"https:\/\/www.hoymercedes.com.ar\/principal\/2013\/09\/30\/discusion-de-companeros-de-trabajo-que-pudo-terminar-fatal\/","title":{"rendered":"Discusi\u00f3n de compa\u00f1eros de trabajo que pudo terminar fatal"},"content":{"rendered":"<p><em><strong>El acontecimiento se vivi\u00f3 la semana pasada. Se trat\u00f3 de una discusi\u00f3n entre compa\u00f1eros de trabajo que devino en pelea y que lleg\u00f3 a que uno de ellos termine hospitalizado con lesiones de gravedad en la cabeza.<\/strong><\/em><\/p>\n<p><em><strong><\/strong><\/em>Dos hombres que estaban trabajando en una obra en calle 19 y 50 comenzaron a discutir generandose cada vez un clima peor que termin\u00f3 con uno de los protagonistas hospitalizado y con lesiones de gravedad en su cabeza, causadas estas por un fuerte golpe que le propin\u00f3 el otro con una pala.<\/p>\n<p>Si bien hasta el momento no se saben oficialmente los pormenores del porqu\u00e9 de lo ocurrido, no se descarta que haya habido problemas de dinero entre ellos.<\/p>\n<p>Por otra parte uno de ellos fue detenido y puesto a disposici\u00f3n de la Fiscal\u00eda en turno, imputado de \u00abTentariva de homicidio\u00bb<\/p>\n","protected":false},"excerpt":{"rendered":"<p>El acontecimiento se vivi\u00f3 la semana pasada. Se trat\u00f3 de una discusi\u00f3n entre compa\u00f1eros de trabajo que devino en pelea &#8230; <a title=\"Discusi\u00f3n de compa\u00f1eros de trabajo que pudo terminar fatal\" class=\"read-more\" href=\"https:\/\/www.hoymercedes.com.ar\/principal\/2013\/09\/30\/discusion-de-companeros-de-trabajo-que-pudo-terminar-fatal\/\" aria-label=\"Leer m\u00e1s sobre Discusi\u00f3n de compa\u00f1eros de trabajo que pudo terminar fatal\">Leer m\u00e1s<\/a><\/p>\n","protected":false},"author":1,"featured_media":0,"comment_status":"open","ping_status":"open","sticky":false,"template":"","format":"standard","meta":{"_monsterinsights_skip_tracking":false,"_monsterinsights_sitenote_active":false,"_monsterinsights_sitenote_note":"","_monsterinsights_sitenote_category":0,"jetpack_post_was_ever_published":false,"_jetpack_newsletter_access":"","_jetpack_dont_email_post_to_subs":false,"_jetpack_newsletter_tier_id":0,"_jetpack_memberships_contains_paywalled_content":false,"_jetpack_memberships_contains_paid_content":false,"footnotes":"","jetpack_publicize_message":"","jetpack_publicize_feature_enabled":true,"jetpack_social_post_already_shared":true,"jetpack_social_options":{"image_generator_settings":{"template":"highway","default_image_id":0,"font":"","enabled":false},"version":2},"_wpas_customize_per_network":false},"categories":[85],"tags":[3938],"class_list":["post-26144","post","type-post","status-publish","format-standard","hentry","category-policial","tag-pelea-entre-albaniles","generate-columns","tablet-grid-50","mobile-grid-100","grid-parent","grid-50"],"jetpack_publicize_connections":[],"jetpack_featured_media_url":"","wps_subtitle":"","jetpack_sharing_enabled":true,"_links":{"self":[{"href":"https:\/\/www.hoymercedes.com.ar\/principal\/wp-json\/wp\/v2\/posts\/26144","targetHints":{"allow":["GET"]}}],"collection":[{"href":"https:\/\/www.hoymercedes.com.ar\/principal\/wp-json\/wp\/v2\/posts"}],"about":[{"href":"https:\/\/www.hoymercedes.com.ar\/principal\/wp-json\/wp\/v2\/types\/post"}],"author":[{"embeddable":true,"href":"https:\/\/www.hoymercedes.com.ar\/principal\/wp-json\/wp\/v2\/users\/1"}],"replies":[{"embeddable":true,"href":"https:\/\/www.hoymercedes.com.ar\/principal\/wp-json\/wp\/v2\/comments?post=26144"}],"version-history":[{"count":0,"href":"https:\/\/www.hoymercedes.com.ar\/principal\/wp-json\/wp\/v2\/posts\/26144\/revisions"}],"wp:attachment":[{"href":"https:\/\/www.hoymercedes.com.ar\/principal\/wp-json\/wp\/v2\/media?parent=26144"}],"wp:term":[{"taxonomy":"category","embeddable":true,"href":"https:\/\/www.hoymercedes.com.ar\/principal\/wp-json\/wp\/v2\/categories?post=26144"},{"taxonomy":"post_tag","embeddable":true,"href":"https:\/\/www.hoymercedes.com.ar\/principal\/wp-json\/wp\/v2\/tags?post=26144"}],"curies":[{"name":"wp","href":"https:\/\/api.w.org\/{rel}","templated":true}]}}