{"id":26157,"date":"2013-10-01T02:16:04","date_gmt":"2013-10-01T02:16:04","guid":{"rendered":"http:\/\/www.hoymercedes.com.ar\/principal\/?p=26157"},"modified":"2013-10-01T02:16:04","modified_gmt":"2013-10-01T02:16:04","slug":"ustarroz-y-representantes-del-hipotecario-daran-charla-sobre-procrear","status":"publish","type":"post","link":"https:\/\/www.hoymercedes.com.ar\/principal\/2013\/10\/01\/ustarroz-y-representantes-del-hipotecario-daran-charla-sobre-procrear\/","title":{"rendered":"Ustarroz y representantes del Hipotecario dar\u00e1n charla sobre ProCreAr"},"content":{"rendered":"<p><em><strong>El gerente regional de la ANSES y primer candidato a concejal por el Frente Mercedino para la Victoria, Juan Ignacio Ustarroz, dar\u00e1 el mi\u00e9rcoles una charla informativa sobre las nuevas l\u00edneas crediticias del programa PROCREAR Bicentenario para la compra de viviendas, anunciadas esta semana por la Presidenta Cristina Fern\u00e1ndez de Kirchner, confirmaron desde el frente Mercedino.<\/strong><\/em><\/p>\n<p>El encuentro, abierto a todos los vecinos interesados, ser\u00e1 el mi\u00e9rcoles 2 de octubre a las 18 en la Sociedad Espa\u00f1ola, calle 28 entre 15 y 17. Junto con Ustarroz estar\u00e1n representantes del Banco Hipotecario, la entidad que analiza las carpetas de los inscriptos y articula con la ANSES la entrega de los cr\u00e9ditos.<\/p>\n<p><em> \u201cLas dos nuevas l\u00edneas crediticias anunciadas por la Presidenta ampl\u00edan el universo de posibles beneficiarios y, para muchos vecinos, ser\u00e1 una gran oportunidad para acceder a su vivienda\u201d<\/em>, explic\u00f3 Ustarroz.<\/p>\n<p>Seg\u00fan anunci\u00f3\u00a0 Cristina Fern\u00e1ndez de Kirchner, las nuevas l\u00edneas ser\u00e1n para compra de terreno y construcci\u00f3n de vivienda, en primer t\u00e9rmino, y para compra de vivienda a estrenar, en el caso restante. Siempre con requisitos b\u00e1sicos (el monto del cr\u00e9dito se resuelve en proporci\u00f3n a los ingresos familiares), una tasa muy ventajosa y la transparencia que ofrece sortear a los beneficiarios a trav\u00e9s de Loter\u00eda Nacional.<\/p>\n<p>Hasta aqu\u00ed, las cuatro l\u00edneas del Plan PROCREAR eran de cr\u00e9ditos para la construcci\u00f3n para vecinos con terreno (en Mercedes ya son 400 los vecinos beneficiados por el sorteo en esta modalidad);\u00a0 inscripci\u00f3n y sorteo para Desarrollos Urban\u00edsticos para vecinos sin terreno; refacci\u00f3n o reparaci\u00f3n de viviendas; y ampliaci\u00f3n o terminaci\u00f3n de viviendas.<\/p>\n<p>Desde la UDAI local, dirigida por Fernando San Pedro, se elabor\u00f3 adem\u00e1s un convenio con distintos comercios mercedinos vinculados a la construcci\u00f3n para ofrecer descuentos a los clientes \u201c<em>y permitir que el dinero de los pr\u00e9stamos quede en la ciudad y dinamizar nuestra econom\u00eda a trav\u00e9s del consumo\u201d<\/em>, seg\u00fan explicaron oportunamente.<\/p>\n<p><span style=\"color: #888888;\">Fuente: Frente Mercedino<\/span><\/p>\n","protected":false},"excerpt":{"rendered":"<p>El gerente regional de la ANSES y primer candidato a concejal por el Frente Mercedino para la Victoria, Juan Ignacio &#8230; <a title=\"Ustarroz y representantes del Hipotecario dar\u00e1n charla sobre ProCreAr\" class=\"read-more\" href=\"https:\/\/www.hoymercedes.com.ar\/principal\/2013\/10\/01\/ustarroz-y-representantes-del-hipotecario-daran-charla-sobre-procrear\/\" aria-label=\"Leer m\u00e1s sobre Ustarroz y representantes del Hipotecario dar\u00e1n charla sobre ProCreAr\">Leer m\u00e1s<\/a><\/p>\n","protected":false},"author":1,"featured_media":0,"comment_status":"open","ping_status":"open","sticky":false,"template":"","format":"standard","meta":{"_monsterinsights_skip_tracking":false,"_monsterinsights_sitenote_active":false,"_monsterinsights_sitenote_note":"","_monsterinsights_sitenote_category":0,"jetpack_post_was_ever_published":false,"_jetpack_newsletter_access":"","_jetpack_dont_email_post_to_subs":false,"_jetpack_newsletter_tier_id":0,"_jetpack_memberships_contains_paywalled_content":false,"_jetpack_memberships_contains_paid_content":false,"footnotes":"","jetpack_publicize_message":"","jetpack_publicize_feature_enabled":true,"jetpack_social_post_already_shared":true,"jetpack_social_options":{"image_generator_settings":{"template":"highway","default_image_id":0,"font":"","enabled":false},"version":2},"_wpas_customize_per_network":false},"categories":[5],"tags":[585,3392],"class_list":["post-26157","post","type-post","status-publish","format-standard","hentry","category-politica","tag-juan-ustarroz","tag-procrear-mercedes","generate-columns","tablet-grid-50","mobile-grid-100","grid-parent","grid-50"],"jetpack_publicize_connections":[],"jetpack_featured_media_url":"","wps_subtitle":"","jetpack_sharing_enabled":true,"_links":{"self":[{"href":"https:\/\/www.hoymercedes.com.ar\/principal\/wp-json\/wp\/v2\/posts\/26157","targetHints":{"allow":["GET"]}}],"collection":[{"href":"https:\/\/www.hoymercedes.com.ar\/principal\/wp-json\/wp\/v2\/posts"}],"about":[{"href":"https:\/\/www.hoymercedes.com.ar\/principal\/wp-json\/wp\/v2\/types\/post"}],"author":[{"embeddable":true,"href":"https:\/\/www.hoymercedes.com.ar\/principal\/wp-json\/wp\/v2\/users\/1"}],"replies":[{"embeddable":true,"href":"https:\/\/www.hoymercedes.com.ar\/principal\/wp-json\/wp\/v2\/comments?post=26157"}],"version-history":[{"count":0,"href":"https:\/\/www.hoymercedes.com.ar\/principal\/wp-json\/wp\/v2\/posts\/26157\/revisions"}],"wp:attachment":[{"href":"https:\/\/www.hoymercedes.com.ar\/principal\/wp-json\/wp\/v2\/media?parent=26157"}],"wp:term":[{"taxonomy":"category","embeddable":true,"href":"https:\/\/www.hoymercedes.com.ar\/principal\/wp-json\/wp\/v2\/categories?post=26157"},{"taxonomy":"post_tag","embeddable":true,"href":"https:\/\/www.hoymercedes.com.ar\/principal\/wp-json\/wp\/v2\/tags?post=26157"}],"curies":[{"name":"wp","href":"https:\/\/api.w.org\/{rel}","templated":true}]}}