{"id":26179,"date":"2013-10-02T00:13:10","date_gmt":"2013-10-02T00:13:10","guid":{"rendered":"http:\/\/www.hoymercedes.com.ar\/principal\/?p=26179"},"modified":"2013-10-02T00:13:10","modified_gmt":"2013-10-02T00:13:10","slug":"bernardez-ustarroz-engana-con-promesas-y-fotos-mediaticas","status":"publish","type":"post","link":"https:\/\/www.hoymercedes.com.ar\/principal\/2013\/10\/02\/bernardez-ustarroz-engana-con-promesas-y-fotos-mediaticas\/","title":{"rendered":"Bern\u00e1rdez: \u201cUstarroz enga\u00f1a con promesas y fotos medi\u00e1ticas\u201d"},"content":{"rendered":"<p><a href=\"https:\/\/www.hoymercedes.com.ar\/principal\/wp-content\/uploads\/2013\/10\/joseluisbernardez-controurbanomercedes.jpg\"><img loading=\"lazy\" decoding=\"async\" data-attachment-id=\"26181\" data-permalink=\"https:\/\/www.hoymercedes.com.ar\/principal\/2013\/10\/02\/bernardez-ustarroz-engana-con-promesas-y-fotos-mediaticas\/joseluisbernardez-controurbanomercedes\/#main\" data-orig-file=\"https:\/\/www.hoymercedes.com.ar\/principal\/wp-content\/uploads\/2013\/10\/joseluisbernardez-controurbanomercedes.jpg\" data-orig-size=\"620,476\" data-comments-opened=\"1\" data-image-meta=\"{&quot;aperture&quot;:&quot;4.2&quot;,&quot;credit&quot;:&quot;&quot;,&quot;camera&quot;:&quot;NIKON D50&quot;,&quot;caption&quot;:&quot;&quot;,&quot;created_timestamp&quot;:&quot;1336646328&quot;,&quot;copyright&quot;:&quot;&quot;,&quot;focal_length&quot;:&quot;48&quot;,&quot;iso&quot;:&quot;0&quot;,&quot;shutter_speed&quot;:&quot;0.016666666666667&quot;,&quot;title&quot;:&quot;&quot;}\" data-image-title=\"joseluisbernardez-controurbanomercedes\" data-image-description=\"\" data-image-caption=\"\" data-large-file=\"https:\/\/www.hoymercedes.com.ar\/principal\/wp-content\/uploads\/2013\/10\/joseluisbernardez-controurbanomercedes.jpg\" class=\"aligncenter size-full wp-image-26181\" alt=\"joseluisbernardez-controurbanomercedes\" src=\"https:\/\/www.hoymercedes.com.ar\/principal\/wp-content\/uploads\/2013\/10\/joseluisbernardez-controurbanomercedes.jpg\" width=\"620\" height=\"476\" \/><\/a><\/p>\n<p><em><strong>El secretario de Control Urbano Jos\u00e9 Bern\u00e1rdez efectu\u00f3 declaraciones en t\u00e9rminos de respuesta a las afirmaciones llevadas a cabo por hizo el candidato Juan Ustarroz en materia de seguridad y lo calific\u00f3 de \u201cenga\u00f1ar a la gente con promesas y fotos medi\u00e1ticas\u201d y que\u00a0<em>\u00a0\u201cEs para destacar la capacidad que tiene Ustarroz para enga\u00f1ar a la gente y hacerles creer que, con promesas y fotos medi\u00e1ticas, que est\u00e1 contribuyendo a la seguridad de Mercedes\u201d<\/em><\/strong><\/em><\/p>\n<p>El m\u00e1ximo responsable del \u00e1rea de Control Urbano del municipio sali\u00f3 al cruce del candidato del Frente para la Victoria Juan Ustarroz por sus recientes apariciones p\u00fablica con supuestas medidas para el \u00e1rea de seguridad.<em> \u201cEs para destacar la capacidad que tiene Ustarroz para enga\u00f1ar a la gente y hacerles creer que, con promesas y fotos medi\u00e1ticas, que est\u00e1 contribuyendo a la seguridad de Mercedes\u201d<\/em>, dijo Bern\u00e1rdez, remarcando que: <em>\u00abHaciend0 un\u00a0raconto de lo prometido en cuanto a la seguridad de Mercedes, debemos remontarnos a la campa\u00f1a del 2011, donde entre otras cuestiones prometi\u00f3 que hab\u00eda gestionado ante la entonces Ministra de Seguridad, Nilda Garr\u00e9, la asignaci\u00f3n de gendarmes para reforzar la seguridad de Mercedes. Como la ciudadan\u00eda le dijo en las urnas que no lo quer\u00eda como intendente, se olvid\u00f3 por completo y nunca vino ni un solo Gendarme. Esto demuestra que son solo promesas de campa\u00f1a y no que quiere hacer algo por Mercedes\u201d<\/em>, dijo el funcionario.<\/p>\n<p>Bern\u00e1rdez despu\u00e9s vino m\u00e1s cerca en el tiempo y empez\u00f3 a hablar de la actual campa\u00f1a proselitista, donde Ustarroz hizo algunas aseveraciones p\u00fablicas. <em>\u201cEn la campa\u00f1a actual no escatim\u00f3 en salir por todos los medios haciendo alarde de su gesti\u00f3n ante el OCCOVI para lograr que se coloquen c\u00e1maras de seguridad en los accesos a la ciudad. Cabe aclarar que el municipio a trav\u00e9s de la Direcci\u00f3n de Seguridad, ya hace m\u00e1s de un a\u00f1o que comenz\u00f3 con esta tarea de monitorear las v\u00edas de acceso-egreso de la ciudad, ello es perfectamente comprobable, para lo cual invito a los mercedinos a que constaten por sus propios medios las c\u00e1maras en: Acceso Manuel San Martin y Ruta 5, rotonda de Ruta 5 y Av de los Inmigrantes, Av 40 y calle 119, calle 11 y 114. Las c\u00e1maras mencionadas est\u00e1n ubicadas en lugares que nos permite monitorear el ingreso y egreso a la ciudad. Por supuesto que las c\u00e1maras prometidas por el\u00a0<\/em><em>candidato de La C\u00e1mpora brillan por su ausencia\u201d, <\/em>dijo Bern\u00e1rdez.<\/p>\n<p>El funcionario se encarg\u00f3 de resaltar la \u00faltima promesa del candidato del Frente para la Victoria que hace referencia a la llegada de m\u00e1s efectivos para la Polic\u00eda Federal.<\/p>\n<p><em>\u00a0\u201cSali\u00f3 a decir que para reforzar la seguridad de Mercedes est\u00e1 gestionando el incremento de los efectivos de la delegaci\u00f3n de la Polic\u00eda Federal de Mercedes y de los m\u00f3viles. Puede ser que ello ocurra, que se incremente la capacidad de la delegaci\u00f3n, pero ello nada va a contribuir con la seguridad de los ciudadanos. Tal vez est\u00e9n necesitando m\u00e1s personal para dar la seguridad al nuevo edificio del ANSES, que seguramente antes del 27 de octubre lo inaugurar\u00e1n con bombos y platillos (&#8230;)\u00a0Es necesario que la gente sepa que la Polic\u00eda Federal en esta ciudad s\u00f3lo cumple funciones de seguridad de edificios nacionales (ANSES, Juzgado Federal, ex Instituto Capit\u00e1n Sarmiento, etc) o bien act\u00faa como polic\u00eda auxiliar de la Justicia Federal ante delitos de su competencia. Cada uno puede sacar sus propias conclusiones\u201d<\/em>, dijo.<\/p>\n<p>Sobre el final dej\u00f3 una recomendaci\u00f3n para el candidato: <em>\u201cYo le pedir\u00eda al candidato de La C\u00e1mpora, que si realmente quiere contribuir a la seguridad de nuestra ciudad, que interceda ante el se\u00f1or Gobernador de la Provincia, quien vino a la ciudad a apoyar su candidatura, que le entregue al Municipio las camionetas Ford Ranger destinada a la polic\u00eda comunal, que ya hace m\u00e1s de un a\u00f1o que las tiene retenidas en la empresa que deber\u00eda realizar su blindaje, ploteo y colocaci\u00f3n de las balizas y a pesar de innumerables gestiones realizadas por el se\u00f1or Intendente Carlos Selva, no son entregadas. Siendo que en la mayor\u00eda de las ciudades de la provincia ya fueron otorgadas hace mucho tiempo\u201d<\/em><\/p>\n","protected":false},"excerpt":{"rendered":"<p>El secretario de Control Urbano Jos\u00e9 Bern\u00e1rdez efectu\u00f3 declaraciones en t\u00e9rminos de respuesta a las afirmaciones llevadas a cabo por &#8230; <a title=\"Bern\u00e1rdez: \u201cUstarroz enga\u00f1a con promesas y fotos medi\u00e1ticas\u201d\" class=\"read-more\" href=\"https:\/\/www.hoymercedes.com.ar\/principal\/2013\/10\/02\/bernardez-ustarroz-engana-con-promesas-y-fotos-mediaticas\/\" aria-label=\"Leer m\u00e1s sobre Bern\u00e1rdez: \u201cUstarroz enga\u00f1a con promesas y fotos medi\u00e1ticas\u201d\">Leer m\u00e1s<\/a><\/p>\n","protected":false},"author":1,"featured_media":0,"comment_status":"open","ping_status":"open","sticky":false,"template":"","format":"standard","meta":{"_monsterinsights_skip_tracking":false,"_monsterinsights_sitenote_active":false,"_monsterinsights_sitenote_note":"","_monsterinsights_sitenote_category":0,"jetpack_post_was_ever_published":false,"_jetpack_newsletter_access":"","_jetpack_dont_email_post_to_subs":false,"_jetpack_newsletter_tier_id":0,"_jetpack_memberships_contains_paywalled_content":false,"_jetpack_memberships_contains_paid_content":false,"footnotes":"","jetpack_publicize_message":"","jetpack_publicize_feature_enabled":true,"jetpack_social_post_already_shared":true,"jetpack_social_options":{"image_generator_settings":{"template":"highway","default_image_id":0,"font":"","enabled":false},"version":2},"_wpas_customize_per_network":false},"categories":[5],"tags":[3944,3537,3680,424],"class_list":["post-26179","post","type-post","status-publish","format-standard","hentry","category-politica","tag-ustarroz-engana-con-promesas-y-fotos-mediaticas","tag-frente-renovador","tag-jose-bernardez","tag-ustarroz","generate-columns","tablet-grid-50","mobile-grid-100","grid-parent","grid-50"],"jetpack_publicize_connections":[],"jetpack_featured_media_url":"","wps_subtitle":"","jetpack_sharing_enabled":true,"_links":{"self":[{"href":"https:\/\/www.hoymercedes.com.ar\/principal\/wp-json\/wp\/v2\/posts\/26179","targetHints":{"allow":["GET"]}}],"collection":[{"href":"https:\/\/www.hoymercedes.com.ar\/principal\/wp-json\/wp\/v2\/posts"}],"about":[{"href":"https:\/\/www.hoymercedes.com.ar\/principal\/wp-json\/wp\/v2\/types\/post"}],"author":[{"embeddable":true,"href":"https:\/\/www.hoymercedes.com.ar\/principal\/wp-json\/wp\/v2\/users\/1"}],"replies":[{"embeddable":true,"href":"https:\/\/www.hoymercedes.com.ar\/principal\/wp-json\/wp\/v2\/comments?post=26179"}],"version-history":[{"count":0,"href":"https:\/\/www.hoymercedes.com.ar\/principal\/wp-json\/wp\/v2\/posts\/26179\/revisions"}],"wp:attachment":[{"href":"https:\/\/www.hoymercedes.com.ar\/principal\/wp-json\/wp\/v2\/media?parent=26179"}],"wp:term":[{"taxonomy":"category","embeddable":true,"href":"https:\/\/www.hoymercedes.com.ar\/principal\/wp-json\/wp\/v2\/categories?post=26179"},{"taxonomy":"post_tag","embeddable":true,"href":"https:\/\/www.hoymercedes.com.ar\/principal\/wp-json\/wp\/v2\/tags?post=26179"}],"curies":[{"name":"wp","href":"https:\/\/api.w.org\/{rel}","templated":true}]}}