{"id":26183,"date":"2013-10-02T00:27:12","date_gmt":"2013-10-02T00:27:12","guid":{"rendered":"http:\/\/www.hoymercedes.com.ar\/principal\/?p=26183"},"modified":"2013-10-02T00:29:19","modified_gmt":"2013-10-02T00:29:19","slug":"insaurralde-y-di-tullio-recorrieron-mercededes-junto-a-ustarroz-y-militantes","status":"publish","type":"post","link":"https:\/\/www.hoymercedes.com.ar\/principal\/2013\/10\/02\/insaurralde-y-di-tullio-recorrieron-mercededes-junto-a-ustarroz-y-militantes\/","title":{"rendered":"Insaurralde y Di Tullio recorrieron Mercedes junto a Ustarroz y militantes"},"content":{"rendered":"<p><a href=\"https:\/\/www.hoymercedes.com.ar\/principal\/wp-content\/uploads\/2013\/10\/InsaurraldeMercedes004.jpg\"><img loading=\"lazy\" decoding=\"async\" data-attachment-id=\"26188\" data-permalink=\"https:\/\/www.hoymercedes.com.ar\/principal\/2013\/10\/02\/insaurralde-y-di-tullio-recorrieron-mercededes-junto-a-ustarroz-y-militantes\/insaurraldemercedes004\/#main\" data-orig-file=\"https:\/\/www.hoymercedes.com.ar\/principal\/wp-content\/uploads\/2013\/10\/InsaurraldeMercedes004.jpg\" data-orig-size=\"620,413\" data-comments-opened=\"1\" data-image-meta=\"{&quot;aperture&quot;:&quot;4.2&quot;,&quot;credit&quot;:&quot;SEBASTIAN_AMBROSSIO&quot;,&quot;camera&quot;:&quot;NIKON D3&quot;,&quot;caption&quot;:&quot;&quot;,&quot;created_timestamp&quot;:&quot;1380633690&quot;,&quot;copyright&quot;:&quot;Sebastian Ambrossio_&quot;,&quot;focal_length&quot;:&quot;55&quot;,&quot;iso&quot;:&quot;400&quot;,&quot;shutter_speed&quot;:&quot;0.001&quot;,&quot;title&quot;:&quot;&quot;}\" data-image-title=\"InsaurraldeMercedes004\" data-image-description=\"\" data-image-caption=\"\" data-large-file=\"https:\/\/www.hoymercedes.com.ar\/principal\/wp-content\/uploads\/2013\/10\/InsaurraldeMercedes004.jpg\" class=\"aligncenter size-full wp-image-26188\" alt=\"InsaurraldeMercedes004\" src=\"https:\/\/www.hoymercedes.com.ar\/principal\/wp-content\/uploads\/2013\/10\/InsaurraldeMercedes004.jpg\" width=\"620\" height=\"413\" \/><\/a><\/p>\n<p><strong><em>El primer candidato a diputado nacional por el Frente para la Victoria en la provincia de Buenos Aires, Mart\u00edn Insaurralde, estuvo este martes en Mercedes y asegur\u00f3 que el gobierno nacional y todos sus referentes seguir\u00e1n \u201ctrabajando cada d\u00eda para seguir devolvi\u00e9ndoles derechos a los vecinos, mir\u00e1ndolos a los ojos, siempre diciendo la verdad\u201d.<\/em><\/strong><\/p>\n<p>El actual intendente de Lomas de Zamora lleg\u00f3 para respaldar la candidatura a concejal de Juan Ignacio Ustarroz y estuvo acompa\u00f1ado por la segunda candidata a diputada por el FpV provincial, Juliana Di Tullio. Tambi\u00e9n se hicieron presentes el legislador nacional mercedino Eduardo \u2018Wado\u2019 de Pedro y el diputado provincial Alberto \u2018Cucho\u2019 Espa\u00f1a.<\/p>\n<p><a href=\"https:\/\/www.hoymercedes.com.ar\/principal\/wp-content\/uploads\/2013\/10\/InsaurraldeMercedes003.jpg\"><img loading=\"lazy\" decoding=\"async\" data-attachment-id=\"26187\" data-permalink=\"https:\/\/www.hoymercedes.com.ar\/principal\/2013\/10\/02\/insaurralde-y-di-tullio-recorrieron-mercededes-junto-a-ustarroz-y-militantes\/insaurraldemercedes003\/#main\" data-orig-file=\"https:\/\/www.hoymercedes.com.ar\/principal\/wp-content\/uploads\/2013\/10\/InsaurraldeMercedes003.jpg\" data-orig-size=\"620,413\" data-comments-opened=\"1\" data-image-meta=\"{&quot;aperture&quot;:&quot;4&quot;,&quot;credit&quot;:&quot;SEBASTIAN_AMBROSSIO&quot;,&quot;camera&quot;:&quot;NIKON D3&quot;,&quot;caption&quot;:&quot;&quot;,&quot;created_timestamp&quot;:&quot;1380631314&quot;,&quot;copyright&quot;:&quot;Sebastian Ambrossio_&quot;,&quot;focal_length&quot;:&quot;28&quot;,&quot;iso&quot;:&quot;400&quot;,&quot;shutter_speed&quot;:&quot;0.002&quot;,&quot;title&quot;:&quot;&quot;}\" data-image-title=\"InsaurraldeMercedes003\" data-image-description=\"\" data-image-caption=\"\" data-large-file=\"https:\/\/www.hoymercedes.com.ar\/principal\/wp-content\/uploads\/2013\/10\/InsaurraldeMercedes003.jpg\" class=\"aligncenter size-full wp-image-26187\" alt=\"InsaurraldeMercedes003\" src=\"https:\/\/www.hoymercedes.com.ar\/principal\/wp-content\/uploads\/2013\/10\/InsaurraldeMercedes003.jpg\" width=\"620\" height=\"413\" \/><\/a><\/p>\n<p><em>\u201cSomos una expresi\u00f3n pol\u00edtica comprometida para seguir resolviendo los problemas que tiene la agenda cotidiana de la gente. Podemos mostrar todo lo que hicimos, todas las obras y los logros. Podemos explicar c\u00f3mo se puede hacer. Por eso vamos a continuar devolvi\u00e9ndole derechos, mirando a los vecinos a los ojos, diciendo siempre la verdad\u201d,<\/em> expres\u00f3 Insaurralde durante una conferencia de prensa en el caf\u00e9 Open Plaza, 26 y 27.<\/p>\n<p><a href=\"https:\/\/www.hoymercedes.com.ar\/principal\/wp-content\/uploads\/2013\/10\/InsaurraldeMercedes002.jpg\"><img loading=\"lazy\" decoding=\"async\" data-attachment-id=\"26186\" data-permalink=\"https:\/\/www.hoymercedes.com.ar\/principal\/2013\/10\/02\/insaurralde-y-di-tullio-recorrieron-mercededes-junto-a-ustarroz-y-militantes\/insaurraldemercedes002\/#main\" data-orig-file=\"https:\/\/www.hoymercedes.com.ar\/principal\/wp-content\/uploads\/2013\/10\/InsaurraldeMercedes002.jpg\" data-orig-size=\"620,414\" data-comments-opened=\"1\" data-image-meta=\"{&quot;aperture&quot;:&quot;5&quot;,&quot;credit&quot;:&quot;&quot;,&quot;camera&quot;:&quot;Canon EOS REBEL T3i&quot;,&quot;caption&quot;:&quot;&quot;,&quot;created_timestamp&quot;:&quot;1380631069&quot;,&quot;copyright&quot;:&quot;&quot;,&quot;focal_length&quot;:&quot;24&quot;,&quot;iso&quot;:&quot;100&quot;,&quot;shutter_speed&quot;:&quot;0.02&quot;,&quot;title&quot;:&quot;&quot;}\" data-image-title=\"InsaurraldeMercedes002\" data-image-description=\"\" data-image-caption=\"\" data-large-file=\"https:\/\/www.hoymercedes.com.ar\/principal\/wp-content\/uploads\/2013\/10\/InsaurraldeMercedes002.jpg\" class=\"aligncenter size-full wp-image-26186\" alt=\"InsaurraldeMercedes002\" src=\"https:\/\/www.hoymercedes.com.ar\/principal\/wp-content\/uploads\/2013\/10\/InsaurraldeMercedes002.jpg\" width=\"620\" height=\"414\" \/><\/a><\/p>\n<p>La actividad del candidato comenz\u00f3 en el centro de jubilados Renacer, en calle 31 entre 24 y 26. Alli, acompa\u00f1ado por \u00abJuani\u00bb Ustarroz y los concejales del Frente Mercedino para la Victoria Juan Pablo L\u00f3pez Baggio, Celeste Burone, Juan Mart\u00edn Andr\u00e9s y Roberto Cirillo, record\u00f3 los logros obtenidos por jubilados y pensionados durante los gobiernos de N\u00e9stor Kirchner y la Presidanta Cristina Fern\u00e1ndez de Kirchner y agradeci\u00f3 la calidez del recibimiento. Se sac\u00f3 fotos con todos y tambi\u00e9n recibi\u00f3 cartas de algunos de los vecinos.<\/p>\n<p><a href=\"https:\/\/www.hoymercedes.com.ar\/principal\/wp-content\/uploads\/2013\/10\/InsaurraldeMercedes001.jpg\"><img loading=\"lazy\" decoding=\"async\" data-attachment-id=\"26185\" data-permalink=\"https:\/\/www.hoymercedes.com.ar\/principal\/2013\/10\/02\/insaurralde-y-di-tullio-recorrieron-mercededes-junto-a-ustarroz-y-militantes\/insaurraldemercedes001\/#main\" data-orig-file=\"https:\/\/www.hoymercedes.com.ar\/principal\/wp-content\/uploads\/2013\/10\/InsaurraldeMercedes001.jpg\" data-orig-size=\"620,412\" data-comments-opened=\"1\" data-image-meta=\"{&quot;aperture&quot;:&quot;4.5&quot;,&quot;credit&quot;:&quot;&quot;,&quot;camera&quot;:&quot;NIKON D90&quot;,&quot;caption&quot;:&quot;&quot;,&quot;created_timestamp&quot;:&quot;1380670000&quot;,&quot;copyright&quot;:&quot;&quot;,&quot;focal_length&quot;:&quot;24&quot;,&quot;iso&quot;:&quot;640&quot;,&quot;shutter_speed&quot;:&quot;0.01&quot;,&quot;title&quot;:&quot;&quot;}\" data-image-title=\"InsaurraldeMercedes001\" data-image-description=\"\" data-image-caption=\"\" data-large-file=\"https:\/\/www.hoymercedes.com.ar\/principal\/wp-content\/uploads\/2013\/10\/InsaurraldeMercedes001.jpg\" class=\"aligncenter size-full wp-image-26185\" alt=\"InsaurraldeMercedes001\" src=\"https:\/\/www.hoymercedes.com.ar\/principal\/wp-content\/uploads\/2013\/10\/InsaurraldeMercedes001.jpg\" width=\"620\" height=\"412\" \/><\/a><\/p>\n<p>De all\u00ed, Insaurralde, Ustarroz\u2019 y el resto de los funcionarios y candidatos fueron caminando hasta el Open Plaza. En la recorrida tambi\u00e9n hubo tiempo para saludos, abrazos y fotos. Ya en la conferencia de prensa, el intendente de Lomas de Zamora dijo: <em>\u201cEstamos en Mercedes para escuchar a los vecinos, para escuchar sus realidades, para escuchar lo que tienen para decirnos. Creemos que se logr\u00f3 mucho, pero sabemos que falta mucho m\u00e1s. Ese es el compromiso y el desaf\u00edo que asumimos ahora, y s\u00e9 que los dos a\u00f1os que vienen ser\u00e1n los mejores del gobierno de nuestra Presidenta, que trabaja los 365 del a\u00f1o (&#8230;)\u00a0Ese es el compromiso que asume cada uno de nuestros candidatos en todo el pa\u00eds, y en el caso de Mercedes hablo de \u2018Juani\u2019. El gobernador Daniel Scioli dijo d\u00edas atr\u00e1s que esta ciudad tiene un potencial extraordinario, y yo coincido completamente\u201d<\/em>, agreg\u00f3.<\/p>\n<p>Insaurralde manifest\u00f3:<em> \u201cN\u00e9stor Kirchner hered\u00f3 un pa\u00eds incendiado y nos dio un modelo para la reconstrucci\u00f3n de las ciudades, de los municipios. N\u00e9stor entendi\u00f3 que primero hab\u00eda que desendeudarse y que, despu\u00e9s, la reconstrucci\u00f3n del tejido social pasaba por la generaci\u00f3n de empleo, por la reindustrializaci\u00f3n de la Argentina. Ah\u00ed se empez\u00f3 a transitar el sue\u00f1o de cada uno de los argentinos. La mayor\u00eda de los municipios ha generado parques industriales; da acceso al cr\u00e9dito a los peque\u00f1os y medianos productores, comerciantes o empresarios; ha mejorado los indicadores de los servicios p\u00fablicos. Mercedes no puede quedarse al margen de eso, porque tiene todo el potencial para crecer (&#8230;)\u00a0Desde mi experiencia en Lomas de Zamora, hay que ofrecer confianza para permitir la llegada de inversiones. Hay que garantizar las condiciones. Porque si falta inversi\u00f3n no damos seguridad, no damos salud, no damos educaci\u00f3n, no generamos trabajo, nuestros hijos tienen que emigrar \u2013continu\u00f3-. As\u00ed la ciudad queda atrasada. Desde el gobierno nacional y desde el gobierno provincial se ofrece una pol\u00edtica propicia para que cada una de las ciudades argentinas pueda crecer, pero es necesaria la articulaci\u00f3n administrativa\u201d.<\/em><\/p>\n<p>Seg\u00fan el primer candidato, <em>\u201ceste gobierno, primero con N\u00e9stor Kirchner y ahora con nuestra Presidenta Cristina, puso en marcha el sistema de redistribuci\u00f3n de la riqueza y equidad m\u00e1s importante de los \u00faltimos 50 a\u00f1os. Por eso Mercedes debe articular con otras ciudades de la regi\u00f3n, con la provincia y con la Naci\u00f3n. Lo hicimos en mi ciudad con obra h\u00eddrica, con seguridad, con empleo, con reindustrializaci\u00f3n, con cloacas, con seguridad vial\u2026 Si damos condiciones, las empresas vienen. Y cuando se trabaja en lo colectivo, articulando las gestiones, no hay quien pueda parar esa maquinaria\u201d.<\/em><\/p>\n<p>Respecto de los intendentes que ganaron las elecciones en 2011 con la boleta del FpV y hoy se pasaron a las filas del Frente Renovador de Sergio Massa, Insaurralde indic\u00f3<em>: \u201cCada uno es due\u00f1o de sus decisiones, pero los dirigentes pol\u00edticos deben pensar en el futuro colectivo y no en el individual, porque se trata de resolverle los problemas a la gente. Hay que estar a la altura y dejar de lado la ambici\u00f3n y el ego\u00edsmo. Hay que decirles la verdad a los vecinos. Este gobierno no promete; elabora proyectos y los realiza. Porque mejor que decir es hacer, mejor que prometer es realizar, \u00bfno? (&#8230;)\u00a0Porque hoy resulta que un candidato que fue cinco a\u00f1os administrador de ANSES apenas empieza la campa\u00f1a sale a decir que est\u00e1 en contra del programa Conectar Igualdad con el que le entreg\u00f3 netbooks a todos los chicos de su municipio; sale a decir que es \u2018plata de los jubilados\u2019 cuando sabe que es dinero del tesoro nacional. Candidatos que promet\u00edan lealtad. Por eso: hay que decirle la verdad a la gente. Debatir ideas, debatir metodolog\u00edas de gesti\u00f3n, que es la verdadera renovaci\u00f3n de la pol\u00edtica<\/em>\u201d, concluy\u00f3.<\/p>\n<p>Finalmente, y como cierre de la actividad del intendente de Lomas de Zamora en nuestra ciudad, \u2018Juani\u2019 lo condujo hasta el predio de la Trocha, donde el Frente Mercedino para la Victoria est\u00e1 trabajando en un proyecto para su recuperaci\u00f3n y puesta en valor y para el que convocar\u00e1n a todos los vecinos de la ciudad. \u201cEs un lugar hermoso\u201d, dijo Insaurralde.<\/p>\n<p><span style=\"color: #888888;\">Fuente: Frente Mercedino<\/span><\/p>\n","protected":false},"excerpt":{"rendered":"<p>El primer candidato a diputado nacional por el Frente para la Victoria en la provincia de Buenos Aires, Mart\u00edn Insaurralde, &#8230; <a title=\"Insaurralde y Di Tullio recorrieron Mercedes junto a Ustarroz y militantes\" class=\"read-more\" href=\"https:\/\/www.hoymercedes.com.ar\/principal\/2013\/10\/02\/insaurralde-y-di-tullio-recorrieron-mercededes-junto-a-ustarroz-y-militantes\/\" aria-label=\"Leer m\u00e1s sobre Insaurralde y Di Tullio recorrieron Mercedes junto a Ustarroz y militantes\">Leer m\u00e1s<\/a><\/p>\n","protected":false},"author":1,"featured_media":0,"comment_status":"open","ping_status":"open","sticky":false,"template":"","format":"standard","meta":{"_monsterinsights_skip_tracking":false,"_monsterinsights_sitenote_active":false,"_monsterinsights_sitenote_note":"","_monsterinsights_sitenote_category":0,"jetpack_post_was_ever_published":false,"_jetpack_newsletter_access":"","_jetpack_dont_email_post_to_subs":false,"_jetpack_newsletter_tier_id":0,"_jetpack_memberships_contains_paywalled_content":false,"_jetpack_memberships_contains_paid_content":false,"footnotes":"","jetpack_publicize_message":"","jetpack_publicize_feature_enabled":true,"jetpack_social_post_already_shared":true,"jetpack_social_options":{"image_generator_settings":{"template":"highway","default_image_id":0,"font":"","enabled":false},"version":2},"_wpas_customize_per_network":false},"categories":[5],"tags":[585,3945],"class_list":["post-26183","post","type-post","status-publish","format-standard","hentry","category-politica","tag-juan-ustarroz","tag-martin-insaurralde-en-mercedes","generate-columns","tablet-grid-50","mobile-grid-100","grid-parent","grid-50"],"jetpack_publicize_connections":[],"jetpack_featured_media_url":"","wps_subtitle":"","jetpack_sharing_enabled":true,"_links":{"self":[{"href":"https:\/\/www.hoymercedes.com.ar\/principal\/wp-json\/wp\/v2\/posts\/26183","targetHints":{"allow":["GET"]}}],"collection":[{"href":"https:\/\/www.hoymercedes.com.ar\/principal\/wp-json\/wp\/v2\/posts"}],"about":[{"href":"https:\/\/www.hoymercedes.com.ar\/principal\/wp-json\/wp\/v2\/types\/post"}],"author":[{"embeddable":true,"href":"https:\/\/www.hoymercedes.com.ar\/principal\/wp-json\/wp\/v2\/users\/1"}],"replies":[{"embeddable":true,"href":"https:\/\/www.hoymercedes.com.ar\/principal\/wp-json\/wp\/v2\/comments?post=26183"}],"version-history":[{"count":0,"href":"https:\/\/www.hoymercedes.com.ar\/principal\/wp-json\/wp\/v2\/posts\/26183\/revisions"}],"wp:attachment":[{"href":"https:\/\/www.hoymercedes.com.ar\/principal\/wp-json\/wp\/v2\/media?parent=26183"}],"wp:term":[{"taxonomy":"category","embeddable":true,"href":"https:\/\/www.hoymercedes.com.ar\/principal\/wp-json\/wp\/v2\/categories?post=26183"},{"taxonomy":"post_tag","embeddable":true,"href":"https:\/\/www.hoymercedes.com.ar\/principal\/wp-json\/wp\/v2\/tags?post=26183"}],"curies":[{"name":"wp","href":"https:\/\/api.w.org\/{rel}","templated":true}]}}