{"id":26199,"date":"2013-10-02T15:53:11","date_gmt":"2013-10-02T15:53:11","guid":{"rendered":"http:\/\/www.hoymercedes.com.ar\/principal\/?p=26199"},"modified":"2013-10-02T15:55:35","modified_gmt":"2013-10-02T15:55:35","slug":"ustarroz-algunos-candidatos-hacen-campana-desde-el-marketingcomo-si-la-politica-fuera-una-mercancia-para-venderle-a-la-gente","status":"publish","type":"post","link":"https:\/\/www.hoymercedes.com.ar\/principal\/2013\/10\/02\/ustarroz-algunos-candidatos-hacen-campana-desde-el-marketingcomo-si-la-politica-fuera-una-mercancia-para-venderle-a-la-gente\/","title":{"rendered":"Ustarroz: \u00abAlgunos candidatos hacen campa\u00f1a desde el marketing como si la pol\u00edtica fuera una mercanc\u00eda para venderle a la gente\u00bb"},"content":{"rendered":"<p><em><strong>El primer candidato a concejal por el Frente Mercedino para la Victoria, Juan Ignacio Ustarroz, agradeci\u00f3 la visita y el apoyo de Mart\u00edn Insaurralde y Juliana Di Tullio, y convoc\u00f3 a los vecinos \u201ca so\u00f1ar todos juntos, a construir juntos el futuro de la ciudad\u201d.<\/strong><\/em><\/p>\n<p>\u201cLlevamos a Mart\u00edn y a Juliana al predio de la Trocha porque representa un s\u00edmbolo de lo que nosotros queremos para Mercedes. Un predio hermoso, abandonado hace diez a\u00f1os a pesar de todas las promesas que se hab\u00edan hecho para su puesta en valor, que estamos recuperando y para el que vamos a convocar a todos los vecinos para darle un destino que nos enorgullezca. A eso invitamos a los vecinos: a so\u00f1ar, a sumarte para cumplir los sue\u00f1os, a participar para construir todos juntos el futuro\u201d, afirm\u00f3 Ustarroz.<\/p>\n<p><em>\u201cNecesitamos el acompa\u00f1amiento de la gente que reconoce lo que se ha hecho, que ve que somos serios y comprometidos a la hora de abordar los problemas que tienen los vecinos. Falta mucho, lo sabemos, hay muchas cuestiones por resolver. Ac\u00e1 mismo lo vemos, en nuestra ciudad. Pero representamos un espacio pol\u00edtico que da la cara, que se presta al debate, que es muy claro respecto de las pol\u00edticas p\u00fablicas que asume para darles una respuesta a todos los argentinos<\/em>\u201d, expres\u00f3 Ustarroz.<\/p>\n<p>El candidato a concejal dijo adem\u00e1s: \u201c<em>Yo celebro la presencia de Mart\u00edn y de Juliana ac\u00e1 en nuestra ciudad. Porque est\u00e1n recorriendo la provincia para escuchar a la gente. Nos dan testimonio de su claridad, de su transparencia, de sus ideas para sostener el desarrollo y el crecimiento del pa\u00eds. Nos dan testimonio de su compromiso para asumir los puestos en los que, si nos acompa\u00f1an, ser\u00e1n elegidos. Esto es muy importante, porque hay candidatos que no solo condicionan el debate sino que alguna vez eludieron ese compromiso\u201d.<\/em><\/p>\n<p><em>\u201cAlgunos candidatos hacen campa\u00f1a desde el marketing, desde la publicidad, desde el slogan, como si la pol\u00edtica fuera una mercanc\u00eda para venderle a la gente. La democracia real, la profundizaci\u00f3n de la democracia, se alcanza con candidatos como Mart\u00edn, como Juliana, como los que integran el proyecto nacional, que son hombres y mujeres que vienen a poner la cara, a escuchar a los vecinos, a dar respuestas en todos los rincones de la Patria. Ese es el gran legado que nos dej\u00f3 N\u00e9stor Kirchner\u201d<\/em>, agreg\u00f3.<\/p>\n<p>De la figura de Insaurralde, en tanto, Ustarroz cont\u00f3: <em>\u201cLo que ha hecho en Lomas de Zamora es un ejemplo de gesti\u00f3n y transparencia. Nosotros hemos ido a visitar a todos sus equipos t\u00e9cnicos, sobre todo en el \u00e1rea de seguridad. Mart\u00edn ha mejorado su ciudad en todos sus indicadores. Con decisi\u00f3n, con responsabilidad, articulando la administraci\u00f3n con la Naci\u00f3n y con la Provincia, logrando resultados. Es un modelo a seguir<\/em>\u201d, finaliz\u00f3.<\/p>\n","protected":false},"excerpt":{"rendered":"<p>El primer candidato a concejal por el Frente Mercedino para la Victoria, Juan Ignacio Ustarroz, agradeci\u00f3 la visita y el &#8230; <a title=\"Ustarroz: \u00abAlgunos candidatos hacen campa\u00f1a desde el marketing como si la pol\u00edtica fuera una mercanc\u00eda para venderle a la gente\u00bb\" class=\"read-more\" href=\"https:\/\/www.hoymercedes.com.ar\/principal\/2013\/10\/02\/ustarroz-algunos-candidatos-hacen-campana-desde-el-marketingcomo-si-la-politica-fuera-una-mercancia-para-venderle-a-la-gente\/\" aria-label=\"Leer m\u00e1s sobre Ustarroz: \u00abAlgunos candidatos hacen campa\u00f1a desde el marketing como si la pol\u00edtica fuera una mercanc\u00eda para venderle a la gente\u00bb\">Leer m\u00e1s<\/a><\/p>\n","protected":false},"author":1,"featured_media":0,"comment_status":"open","ping_status":"open","sticky":false,"template":"","format":"standard","meta":{"_monsterinsights_skip_tracking":false,"_monsterinsights_sitenote_active":false,"_monsterinsights_sitenote_note":"","_monsterinsights_sitenote_category":0,"jetpack_post_was_ever_published":false,"_jetpack_newsletter_access":"","_jetpack_dont_email_post_to_subs":false,"_jetpack_newsletter_tier_id":0,"_jetpack_memberships_contains_paywalled_content":false,"_jetpack_memberships_contains_paid_content":false,"footnotes":"","jetpack_publicize_message":"","jetpack_publicize_feature_enabled":true,"jetpack_social_post_already_shared":true,"jetpack_social_options":{"image_generator_settings":{"template":"highway","default_image_id":0,"font":"","enabled":false},"version":2},"_wpas_customize_per_network":false},"categories":[5],"tags":[585],"class_list":["post-26199","post","type-post","status-publish","format-standard","hentry","category-politica","tag-juan-ustarroz","generate-columns","tablet-grid-50","mobile-grid-100","grid-parent","grid-50"],"jetpack_publicize_connections":[],"jetpack_featured_media_url":"","wps_subtitle":"","jetpack_sharing_enabled":true,"_links":{"self":[{"href":"https:\/\/www.hoymercedes.com.ar\/principal\/wp-json\/wp\/v2\/posts\/26199","targetHints":{"allow":["GET"]}}],"collection":[{"href":"https:\/\/www.hoymercedes.com.ar\/principal\/wp-json\/wp\/v2\/posts"}],"about":[{"href":"https:\/\/www.hoymercedes.com.ar\/principal\/wp-json\/wp\/v2\/types\/post"}],"author":[{"embeddable":true,"href":"https:\/\/www.hoymercedes.com.ar\/principal\/wp-json\/wp\/v2\/users\/1"}],"replies":[{"embeddable":true,"href":"https:\/\/www.hoymercedes.com.ar\/principal\/wp-json\/wp\/v2\/comments?post=26199"}],"version-history":[{"count":0,"href":"https:\/\/www.hoymercedes.com.ar\/principal\/wp-json\/wp\/v2\/posts\/26199\/revisions"}],"wp:attachment":[{"href":"https:\/\/www.hoymercedes.com.ar\/principal\/wp-json\/wp\/v2\/media?parent=26199"}],"wp:term":[{"taxonomy":"category","embeddable":true,"href":"https:\/\/www.hoymercedes.com.ar\/principal\/wp-json\/wp\/v2\/categories?post=26199"},{"taxonomy":"post_tag","embeddable":true,"href":"https:\/\/www.hoymercedes.com.ar\/principal\/wp-json\/wp\/v2\/tags?post=26199"}],"curies":[{"name":"wp","href":"https:\/\/api.w.org\/{rel}","templated":true}]}}