{"id":26240,"date":"2013-10-03T11:48:46","date_gmt":"2013-10-03T11:48:46","guid":{"rendered":"http:\/\/www.hoymercedes.com.ar\/principal\/?p=26240"},"modified":"2013-10-03T11:48:46","modified_gmt":"2013-10-03T11:48:46","slug":"continuan-tareas-de-mejoras-en-parque-municipal","status":"publish","type":"post","link":"https:\/\/www.hoymercedes.com.ar\/principal\/2013\/10\/03\/continuan-tareas-de-mejoras-en-parque-municipal\/","title":{"rendered":"Contin\u00faan tareas de mejoras en Parque Municipal"},"content":{"rendered":"<figure id=\"attachment_26242\" aria-describedby=\"caption-attachment-26242\" style=\"width: 610px\" class=\"wp-caption aligncenter\"><a href=\"https:\/\/www.hoymercedes.com.ar\/principal\/wp-content\/uploads\/2013\/10\/leandrolopez-ricardobozzini-josepicardi.jpg\"><img loading=\"lazy\" decoding=\"async\" data-attachment-id=\"26242\" data-permalink=\"https:\/\/www.hoymercedes.com.ar\/principal\/2013\/10\/03\/continuan-tareas-de-mejoras-en-parque-municipal\/leandrolopez-ricardobozzini-josepicardi\/#main\" data-orig-file=\"https:\/\/www.hoymercedes.com.ar\/principal\/wp-content\/uploads\/2013\/10\/leandrolopez-ricardobozzini-josepicardi.jpg\" data-orig-size=\"620,413\" data-comments-opened=\"1\" data-image-meta=\"{&quot;aperture&quot;:&quot;5.6&quot;,&quot;credit&quot;:&quot;&quot;,&quot;camera&quot;:&quot;NIKON D3100&quot;,&quot;caption&quot;:&quot;&quot;,&quot;created_timestamp&quot;:&quot;1380386825&quot;,&quot;copyright&quot;:&quot;&quot;,&quot;focal_length&quot;:&quot;35&quot;,&quot;iso&quot;:&quot;100&quot;,&quot;shutter_speed&quot;:&quot;0.016666666666667&quot;,&quot;title&quot;:&quot;&quot;}\" data-image-title=\"leandrolopez-ricardobozzini-josepicardi\" data-image-description=\"\" data-image-caption=\"\" data-large-file=\"https:\/\/www.hoymercedes.com.ar\/principal\/wp-content\/uploads\/2013\/10\/leandrolopez-ricardobozzini-josepicardi.jpg\" class=\"size-full wp-image-26242\" alt=\"Leandro L\u00f3pez junto a Ricardo Bozzini y Jos\u00e9 Picardi\" src=\"https:\/\/www.hoymercedes.com.ar\/principal\/wp-content\/uploads\/2013\/10\/leandrolopez-ricardobozzini-josepicardi.jpg\" width=\"620\" height=\"413\" \/><\/a><figcaption id=\"caption-attachment-26242\" class=\"wp-caption-text\">Leandro L\u00f3pez junto a Ricardo Bozzini y Jos\u00e9 Picardi<\/figcaption><\/figure>\n<p><strong><em>Desde hace unas semanas se viene trabajando fuerte en el predio del Parque Municipal buscando efectuar mejoras globales pensando en los mercedinos y en el turismo. Por la tarde incluso se utiliz\u00f3 un gom\u00f3n para desarrollar limpieza del r\u00edo.<\/em><\/strong><\/p>\n<p>Leandro L\u00f3pez, Director de Turismo, encabeza la cuesti\u00f3n a instancia del intendente Carlos Selva. Desde el \u00e1rea sostuvieron que: <em>\u00abEl objetivo es embellecer el paisaje, refaccionar juegos e instalaciones, y mejorar el predio en general.\u00bb<\/em><\/p>\n<p>Informaron que:\u00a0Ya se realizaron trabajos de pintura en el ingreso de la parte antigua del parque. Tambi\u00e9n en ese sector, se colocaron juegos, mesas y bancos nuevos para que los vecinos aprovechen mejor el espacio p\u00fablico.<\/p>\n<p><em>\u201cEn estos d\u00edas, estamos realizando trabajos en cuanto a la limpieza del R\u00edo Luj\u00e1n y la pasarela principal, todo con el sustento municipal y nuestros empleados. Adem\u00e1s, continuamos con el trabajo diario de mantenimiento del c\u00e9sped y renovaci\u00f3n de las duchas, ba\u00f1os y parrillas\u201d<\/em>, coment\u00f3 L\u00f3pez, en recorrida por el predio acompa\u00f1ado por Juan Jos\u00e9 Picardi, coordinador de plazas y jardines.<\/p>\n<p>La zona de camping del sector nuevo del Parque Municipal, tambi\u00e9n es foco de renovaci\u00f3n y mantenimiento constante para ofrecer as\u00ed una mejor \u00e1rea de acampado. Cabe destacar, que el parque de nuestra ciudad es totalmente gratuito. A diferencia de otros espacios verdes de ciudades vecinas, el uso de las instalaciones, ba\u00f1os y permiso para acampar es gratis y abierto a la comunidad.<\/p>\n","protected":false},"excerpt":{"rendered":"<p>Desde hace unas semanas se viene trabajando fuerte en el predio del Parque Municipal buscando efectuar mejoras globales pensando en &#8230; <a title=\"Contin\u00faan tareas de mejoras en Parque Municipal\" class=\"read-more\" href=\"https:\/\/www.hoymercedes.com.ar\/principal\/2013\/10\/03\/continuan-tareas-de-mejoras-en-parque-municipal\/\" aria-label=\"Leer m\u00e1s sobre Contin\u00faan tareas de mejoras en Parque Municipal\">Leer m\u00e1s<\/a><\/p>\n","protected":false},"author":1,"featured_media":0,"comment_status":"open","ping_status":"open","sticky":false,"template":"","format":"standard","meta":{"_monsterinsights_skip_tracking":false,"_monsterinsights_sitenote_active":false,"_monsterinsights_sitenote_note":"","_monsterinsights_sitenote_category":0,"jetpack_post_was_ever_published":false,"_jetpack_newsletter_access":"","_jetpack_dont_email_post_to_subs":false,"_jetpack_newsletter_tier_id":0,"_jetpack_memberships_contains_paywalled_content":false,"_jetpack_memberships_contains_paid_content":false,"footnotes":"","jetpack_publicize_message":"","jetpack_publicize_feature_enabled":true,"jetpack_social_post_already_shared":true,"jetpack_social_options":{"image_generator_settings":{"template":"highway","default_image_id":0,"font":"","enabled":false},"version":2},"_wpas_customize_per_network":false},"categories":[30],"tags":[3953,3778,1256,3648],"class_list":["post-26240","post","type-post","status-publish","format-standard","hentry","category-municipio","tag-jose-picardi","tag-leandro-lopez","tag-parque-municipal-independencia","tag-ricardo-bozzini","generate-columns","tablet-grid-50","mobile-grid-100","grid-parent","grid-50"],"jetpack_publicize_connections":[],"jetpack_featured_media_url":"","wps_subtitle":"","jetpack_sharing_enabled":true,"_links":{"self":[{"href":"https:\/\/www.hoymercedes.com.ar\/principal\/wp-json\/wp\/v2\/posts\/26240","targetHints":{"allow":["GET"]}}],"collection":[{"href":"https:\/\/www.hoymercedes.com.ar\/principal\/wp-json\/wp\/v2\/posts"}],"about":[{"href":"https:\/\/www.hoymercedes.com.ar\/principal\/wp-json\/wp\/v2\/types\/post"}],"author":[{"embeddable":true,"href":"https:\/\/www.hoymercedes.com.ar\/principal\/wp-json\/wp\/v2\/users\/1"}],"replies":[{"embeddable":true,"href":"https:\/\/www.hoymercedes.com.ar\/principal\/wp-json\/wp\/v2\/comments?post=26240"}],"version-history":[{"count":0,"href":"https:\/\/www.hoymercedes.com.ar\/principal\/wp-json\/wp\/v2\/posts\/26240\/revisions"}],"wp:attachment":[{"href":"https:\/\/www.hoymercedes.com.ar\/principal\/wp-json\/wp\/v2\/media?parent=26240"}],"wp:term":[{"taxonomy":"category","embeddable":true,"href":"https:\/\/www.hoymercedes.com.ar\/principal\/wp-json\/wp\/v2\/categories?post=26240"},{"taxonomy":"post_tag","embeddable":true,"href":"https:\/\/www.hoymercedes.com.ar\/principal\/wp-json\/wp\/v2\/tags?post=26240"}],"curies":[{"name":"wp","href":"https:\/\/api.w.org\/{rel}","templated":true}]}}