{"id":26281,"date":"2013-10-05T02:42:06","date_gmt":"2013-10-05T02:42:06","guid":{"rendered":"http:\/\/www.hoymercedes.com.ar\/principal\/?p=26281"},"modified":"2013-10-05T02:42:06","modified_gmt":"2013-10-05T02:42:06","slug":"salomone-la-trocha-fue-cedida-a-una-asociacion-civil-vinculada-a-la-campora","status":"publish","type":"post","link":"https:\/\/www.hoymercedes.com.ar\/principal\/2013\/10\/05\/salomone-la-trocha-fue-cedida-a-una-asociacion-civil-vinculada-a-la-campora\/","title":{"rendered":"Salomone: \u201cLa Trocha fue cedida a una asociaci\u00f3n civil vinculada a La C\u00e1mpora\u201d"},"content":{"rendered":"<p><a href=\"https:\/\/www.hoymercedes.com.ar\/principal\/wp-content\/uploads\/2013\/10\/Salomone-Gustavo.jpg\"><img loading=\"lazy\" decoding=\"async\" data-attachment-id=\"26283\" data-permalink=\"https:\/\/www.hoymercedes.com.ar\/principal\/2013\/10\/05\/salomone-la-trocha-fue-cedida-a-una-asociacion-civil-vinculada-a-la-campora\/salomone-gustavo\/#main\" data-orig-file=\"https:\/\/www.hoymercedes.com.ar\/principal\/wp-content\/uploads\/2013\/10\/Salomone-Gustavo.jpg\" data-orig-size=\"620,438\" data-comments-opened=\"1\" data-image-meta=\"{&quot;aperture&quot;:&quot;4.8&quot;,&quot;credit&quot;:&quot;&quot;,&quot;camera&quot;:&quot;NIKON D50&quot;,&quot;caption&quot;:&quot;&quot;,&quot;created_timestamp&quot;:&quot;1336742412&quot;,&quot;copyright&quot;:&quot;&quot;,&quot;focal_length&quot;:&quot;56&quot;,&quot;iso&quot;:&quot;0&quot;,&quot;shutter_speed&quot;:&quot;0.016666666666667&quot;,&quot;title&quot;:&quot;&quot;}\" data-image-title=\"Salomone-Gustavo\" data-image-description=\"\" data-image-caption=\"\" data-large-file=\"https:\/\/www.hoymercedes.com.ar\/principal\/wp-content\/uploads\/2013\/10\/Salomone-Gustavo.jpg\" class=\"aligncenter size-full wp-image-26283\" alt=\"Salomone-Gustavo\" src=\"https:\/\/www.hoymercedes.com.ar\/principal\/wp-content\/uploads\/2013\/10\/Salomone-Gustavo.jpg\" width=\"620\" height=\"438\" \/><\/a><\/p>\n<p><em><strong>El Secretario de Obras P\u00fablicas de la comuna sali\u00f3 al ruedo de las declaraciones pol\u00edtica al hablar del predio de La Trocha y en relaci\u00f3n a las acciones que por parte del Frente Mercedino all\u00ed se vienen realizando. Gustavo Salomone sostuvo: \u00a0\u201cel Predio de la Trocha fue cedido a una asociaci\u00f3n civil vinculada con La C\u00e1mpora\u201d.<\/strong><\/em><\/p>\n<p>Por estos d\u00edas se conoci\u00f3 la noticia que el predio fue cedido a una\u00a0 asociaci\u00f3n civil <em>\u201cJ\u00f3venes comprometidos por Mercedes\u201d<\/em>. El que sali\u00f3 al cruce de esta medida del gobierno nacional fue el secretario de Obras P\u00fablicas Gustavo Salomone. <em>\u201cDebemos saber que el Gobierno Nacional junto a Ustarroz han paralizado la urbanizaci\u00f3n en pleno coraz\u00f3n de la ciudad. El predio de la Trocha, que abarca la zona entre avenida 40 , calle 42, avenida 29 y calle 15, ahora lo\u00a0han cedido en tenencia y custodia a una asociaci\u00f3n civil vinculada con La C\u00e1mpora con domicilio fiscal en Mercedes y de la cual ser\u00eda parte el hijo de un conocido pol\u00edtico\u201d<\/em>, asegur\u00f3 el funcionario municipal.<\/p>\n<p>Salomone tambi\u00e9n agreg\u00f3 que <em>\u201cel Estado municipal desde hace a\u00f1os est\u00e1 solicitando hacer uso de la ley que indica que los terrenos ociosos de los ferrocarriles pueden ser cedidos a los municipios para su desarrollo en proyectos de esparcimiento, deportivos, etc. Pues siempre se nos contest\u00f3 que este terreno no pod\u00eda ser cedido, pero la sorpresa est\u00e1 en que ahora s\u00ed pueden ser cedidos a la asociaci\u00f3n camporista que maneja Ustarroz\u201d.<\/em><\/p>\n<p>El funcionario tambi\u00e9n record\u00f3 que el municipio desde hace a\u00f1os viene trabajando en un proyecto para efectuar la apertura de las calles 23 y 25 desde 40 a 42, para conectar las barriadas Trocha y barrios de la zona norte con la Avenida 40. <em>\u201cDebido a esto que nos hemos enterado que le han dado el predio a una asociaci\u00f3n vinculada a La C\u00e1mpora se decidi\u00f3 efectuar la apertura de la calle 25 desde 40 a 42. Pero la ingrata sorpresa fue que el responsable de ADif (Ariel Franetovich), curs\u00f3 notas al municipio ordenando la paralizaci\u00f3n de los trabajos y posteriormente se recibi\u00f3 carta documento con el mismo tenor. De nuestra parte responderemos esta carta y adem\u00e1s intimaremos a ADIF a efectuar el entubamiento del canal de desag\u00fces pluviales que recorre dicho predio desde calle 23 a 29, ya que el mismo se encuentra en total estado de abandono y pone en riesgo la seguridad de los vecinos que circulan por la avenida 40\u201d<\/em>, sostuvo Gustavo Salomone.<\/p>\n<p><span style=\"color: #999999;\">Fuente: Frente Renovador<\/span><\/p>\n","protected":false},"excerpt":{"rendered":"<p>El Secretario de Obras P\u00fablicas de la comuna sali\u00f3 al ruedo de las declaraciones pol\u00edtica al hablar del predio de &#8230; <a title=\"Salomone: \u201cLa Trocha fue cedida a una asociaci\u00f3n civil vinculada a La C\u00e1mpora\u201d\" class=\"read-more\" href=\"https:\/\/www.hoymercedes.com.ar\/principal\/2013\/10\/05\/salomone-la-trocha-fue-cedida-a-una-asociacion-civil-vinculada-a-la-campora\/\" aria-label=\"Leer m\u00e1s sobre Salomone: \u201cLa Trocha fue cedida a una asociaci\u00f3n civil vinculada a La C\u00e1mpora\u201d\">Leer m\u00e1s<\/a><\/p>\n","protected":false},"author":1,"featured_media":0,"comment_status":"open","ping_status":"open","sticky":false,"template":"","format":"standard","meta":{"_monsterinsights_skip_tracking":false,"_monsterinsights_sitenote_active":false,"_monsterinsights_sitenote_note":"","_monsterinsights_sitenote_category":0,"jetpack_post_was_ever_published":false,"_jetpack_newsletter_access":"","_jetpack_dont_email_post_to_subs":false,"_jetpack_newsletter_tier_id":0,"_jetpack_memberships_contains_paywalled_content":false,"_jetpack_memberships_contains_paid_content":false,"footnotes":"","jetpack_publicize_message":"","jetpack_publicize_feature_enabled":true,"jetpack_social_post_already_shared":true,"jetpack_social_options":{"image_generator_settings":{"template":"highway","default_image_id":0,"font":"","enabled":false},"version":2},"_wpas_customize_per_network":false},"categories":[5],"tags":[229],"class_list":["post-26281","post","type-post","status-publish","format-standard","hentry","category-politica","tag-gustavo-salomone","generate-columns","tablet-grid-50","mobile-grid-100","grid-parent","grid-50"],"jetpack_publicize_connections":[],"jetpack_featured_media_url":"","wps_subtitle":"","jetpack_sharing_enabled":true,"_links":{"self":[{"href":"https:\/\/www.hoymercedes.com.ar\/principal\/wp-json\/wp\/v2\/posts\/26281","targetHints":{"allow":["GET"]}}],"collection":[{"href":"https:\/\/www.hoymercedes.com.ar\/principal\/wp-json\/wp\/v2\/posts"}],"about":[{"href":"https:\/\/www.hoymercedes.com.ar\/principal\/wp-json\/wp\/v2\/types\/post"}],"author":[{"embeddable":true,"href":"https:\/\/www.hoymercedes.com.ar\/principal\/wp-json\/wp\/v2\/users\/1"}],"replies":[{"embeddable":true,"href":"https:\/\/www.hoymercedes.com.ar\/principal\/wp-json\/wp\/v2\/comments?post=26281"}],"version-history":[{"count":0,"href":"https:\/\/www.hoymercedes.com.ar\/principal\/wp-json\/wp\/v2\/posts\/26281\/revisions"}],"wp:attachment":[{"href":"https:\/\/www.hoymercedes.com.ar\/principal\/wp-json\/wp\/v2\/media?parent=26281"}],"wp:term":[{"taxonomy":"category","embeddable":true,"href":"https:\/\/www.hoymercedes.com.ar\/principal\/wp-json\/wp\/v2\/categories?post=26281"},{"taxonomy":"post_tag","embeddable":true,"href":"https:\/\/www.hoymercedes.com.ar\/principal\/wp-json\/wp\/v2\/tags?post=26281"}],"curies":[{"name":"wp","href":"https:\/\/api.w.org\/{rel}","templated":true}]}}