{"id":26292,"date":"2013-10-05T02:58:57","date_gmt":"2013-10-05T02:58:57","guid":{"rendered":"http:\/\/www.hoymercedes.com.ar\/principal\/?p=26292"},"modified":"2013-10-05T02:58:57","modified_gmt":"2013-10-05T02:58:57","slug":"podemos-vamos-con-boleta-corta-pero-discutimos-proyectos-nacionales","status":"publish","type":"post","link":"https:\/\/www.hoymercedes.com.ar\/principal\/2013\/10\/05\/podemos-vamos-con-boleta-corta-pero-discutimos-proyectos-nacionales\/","title":{"rendered":"PODEMOS: Vamos con boleta corta, pero discutimos proyectos nacionales"},"content":{"rendered":"<p><a href=\"https:\/\/www.hoymercedes.com.ar\/principal\/wp-content\/uploads\/2013\/10\/podemos-mercedes.jpg\"><img loading=\"lazy\" decoding=\"async\" data-attachment-id=\"26294\" data-permalink=\"https:\/\/www.hoymercedes.com.ar\/principal\/2013\/10\/05\/podemos-vamos-con-boleta-corta-pero-discutimos-proyectos-nacionales\/podemos-mercedes-2\/#main\" data-orig-file=\"https:\/\/www.hoymercedes.com.ar\/principal\/wp-content\/uploads\/2013\/10\/podemos-mercedes.jpg\" data-orig-size=\"620,322\" data-comments-opened=\"1\" data-image-meta=\"{&quot;aperture&quot;:&quot;0&quot;,&quot;credit&quot;:&quot;&quot;,&quot;camera&quot;:&quot;&quot;,&quot;caption&quot;:&quot;&quot;,&quot;created_timestamp&quot;:&quot;0&quot;,&quot;copyright&quot;:&quot;&quot;,&quot;focal_length&quot;:&quot;0&quot;,&quot;iso&quot;:&quot;0&quot;,&quot;shutter_speed&quot;:&quot;0&quot;,&quot;title&quot;:&quot;&quot;}\" data-image-title=\"podemos-mercedes\" data-image-description=\"\" data-image-caption=\"\" data-large-file=\"https:\/\/www.hoymercedes.com.ar\/principal\/wp-content\/uploads\/2013\/10\/podemos-mercedes.jpg\" class=\"aligncenter size-full wp-image-26294\" alt=\"podemos-mercedes\" src=\"https:\/\/www.hoymercedes.com.ar\/principal\/wp-content\/uploads\/2013\/10\/podemos-mercedes.jpg\" width=\"620\" height=\"322\" \/><\/a><\/p>\n<p><em><strong><span style=\"font-family: Calibri; font-size: medium;\">En las elecciones primarias el Frente PODEMOS de Mercedes logr\u00f3 atravesar la barrera proscriptiva de los votos necesarios \u00a0y as\u00ed participar de las elecciones generales, pero nuestros candidatos a nivel nacional y provincial no lo han logrado, por lo que para estas elecciones participaremos con la boleta corta, es decir que en el cuarto oscuro los vecinos encontraran nuestra boleta solo con los candidatos a concejales.<\/span><\/strong><\/em><\/p>\n<p><span style=\"font-family: Calibri; font-size: medium;\">Tradicionalmente las boletas con candidatos solamente locales se identifican con proyectos pol\u00edticos vecinalistas, que se abocan a discutir y planificar solamente sobre problemas locales, dejando de lado los temas provinciales y nacionales, como si la ciudad fuera una isla, y temas tan importantes como la salud y la educaci\u00f3n no entran en su agenda program\u00e1tica, por la sencilla raz\u00f3n de que desde Mercedes no podemos intervenir.<\/span><\/p>\n<p><span style=\"font-family: Calibri; font-size: medium;\">Desde el Frente PODEMOS de Mercedes, queremos diferenciarnos claramente de este tipo de proyectos pol\u00edticos, porque a pesar de no contar con los candidatos de niveles superiores (nacional y provincial) seguimos creyendo en la necesidad de construir un movimiento pol\u00edtico, social y cultural de car\u00e1cter nacional que sea capaz de emprender un nuevo camino para nuestro pueblo. Vemos con claridad que luego de m\u00e1s de una d\u00e9cada en la que se vino aplicando un modelo econ\u00f3mico y social que no ha modificado la crisis estructural en el pa\u00eds, en la provincia y sus municipios, tanto desde el gobierno nacional como provincial, pretendiendo descargar una crisis internacional del capitalismo imperante, transfiriendo el ajuste a las provincias sobre las espaldas de los trabajadores y el pueblo; es necesario poner en pie otro modelo al servicio de las mayor\u00edas populares.<\/span><\/p>\n<p><span style=\"font-family: Calibri; font-size: medium;\">Esta crisis se traduce en una provincia rica con un pueblo pobre, cuentas provinciales en rojo, una inflaci\u00f3n que castiga los ingresos sociales, jubilaciones y salarios, decadencia en la salud, la educaci\u00f3n, falta de trabajo, precarizaci\u00f3n laboral, empleo en negro, pol\u00edticas sociales ausentes, crisis en los peque\u00f1os y medianos productores agrarios, concentraci\u00f3n de la tierra, falta de vivienda, una juventud sin presente ni futuro y un desarrollo industrial concentrado y en retroceso, crisis del transporte, la seguridad, la justicia, la represi\u00f3n, criminalizaci\u00f3n de los reclamos y los derechos humanos, la falta de democratizaci\u00f3n de la democracia, la dependencia del pa\u00eds y la provincia de los organismos multilaterales, multinacionales y poderes internacionales, el sostenimiento de las privatizaciones y la entrega de nuestros recursos nacionales y provinciales.<\/span><\/p>\n<p><span style=\"font-family: Calibri; font-size: medium;\">Frente a esto, insistimos en la necesidad de informar a nuestros vecinos que vamos a participar de estas elecciones solo con nuestros candidatos locales, pero no por esto dejamos de lado la discusi\u00f3n pol\u00edtica nacional y provincial, la cual desde nuestra ciudad, trabajamos para transformar.<\/span><\/p>\n<p><span style=\"color: #888888;\">Fuente: PODEMOS Mercedes<\/span><\/p>\n","protected":false},"excerpt":{"rendered":"<p>En las elecciones primarias el Frente PODEMOS de Mercedes logr\u00f3 atravesar la barrera proscriptiva de los votos necesarios \u00a0y as\u00ed &#8230; <a title=\"PODEMOS: Vamos con boleta corta, pero discutimos proyectos nacionales\" class=\"read-more\" href=\"https:\/\/www.hoymercedes.com.ar\/principal\/2013\/10\/05\/podemos-vamos-con-boleta-corta-pero-discutimos-proyectos-nacionales\/\" aria-label=\"Leer m\u00e1s sobre PODEMOS: Vamos con boleta corta, pero discutimos proyectos nacionales\">Leer m\u00e1s<\/a><\/p>\n","protected":false},"author":1,"featured_media":0,"comment_status":"open","ping_status":"open","sticky":false,"template":"","format":"standard","meta":{"_monsterinsights_skip_tracking":false,"_monsterinsights_sitenote_active":false,"_monsterinsights_sitenote_note":"","_monsterinsights_sitenote_category":0,"jetpack_post_was_ever_published":false,"_jetpack_newsletter_access":"","_jetpack_dont_email_post_to_subs":false,"_jetpack_newsletter_tier_id":0,"_jetpack_memberships_contains_paywalled_content":false,"_jetpack_memberships_contains_paid_content":false,"footnotes":"","jetpack_publicize_message":"","jetpack_publicize_feature_enabled":true,"jetpack_social_post_already_shared":true,"jetpack_social_options":{"image_generator_settings":{"template":"highway","default_image_id":0,"font":"","enabled":false},"version":2},"_wpas_customize_per_network":false},"categories":[5],"tags":[254,1869,3616],"class_list":["post-26292","post","type-post","status-publish","format-standard","hentry","category-politica","tag-hugo-bonafina","tag-jose-luis-pisano","tag-podemos-mercedes","generate-columns","tablet-grid-50","mobile-grid-100","grid-parent","grid-50"],"jetpack_publicize_connections":[],"jetpack_featured_media_url":"","wps_subtitle":"","jetpack_sharing_enabled":true,"_links":{"self":[{"href":"https:\/\/www.hoymercedes.com.ar\/principal\/wp-json\/wp\/v2\/posts\/26292","targetHints":{"allow":["GET"]}}],"collection":[{"href":"https:\/\/www.hoymercedes.com.ar\/principal\/wp-json\/wp\/v2\/posts"}],"about":[{"href":"https:\/\/www.hoymercedes.com.ar\/principal\/wp-json\/wp\/v2\/types\/post"}],"author":[{"embeddable":true,"href":"https:\/\/www.hoymercedes.com.ar\/principal\/wp-json\/wp\/v2\/users\/1"}],"replies":[{"embeddable":true,"href":"https:\/\/www.hoymercedes.com.ar\/principal\/wp-json\/wp\/v2\/comments?post=26292"}],"version-history":[{"count":0,"href":"https:\/\/www.hoymercedes.com.ar\/principal\/wp-json\/wp\/v2\/posts\/26292\/revisions"}],"wp:attachment":[{"href":"https:\/\/www.hoymercedes.com.ar\/principal\/wp-json\/wp\/v2\/media?parent=26292"}],"wp:term":[{"taxonomy":"category","embeddable":true,"href":"https:\/\/www.hoymercedes.com.ar\/principal\/wp-json\/wp\/v2\/categories?post=26292"},{"taxonomy":"post_tag","embeddable":true,"href":"https:\/\/www.hoymercedes.com.ar\/principal\/wp-json\/wp\/v2\/tags?post=26292"}],"curies":[{"name":"wp","href":"https:\/\/api.w.org\/{rel}","templated":true}]}}