{"id":26315,"date":"2013-10-05T14:53:19","date_gmt":"2013-10-05T14:53:19","guid":{"rendered":"http:\/\/www.hoymercedes.com.ar\/principal\/?p=26315"},"modified":"2013-10-05T15:02:00","modified_gmt":"2013-10-05T15:02:00","slug":"margarita-stolbizer-estara-con-albini-y-urabayen-en-mercedes","status":"publish","type":"post","link":"https:\/\/www.hoymercedes.com.ar\/principal\/2013\/10\/05\/margarita-stolbizer-estara-con-albini-y-urabayen-en-mercedes\/","title":{"rendered":"Margarita Stolbizer estar\u00e1 con Albini y Urabayen en Mercedes"},"content":{"rendered":"<p><a href=\"https:\/\/www.hoymercedes.com.ar\/principal\/wp-content\/uploads\/2013\/10\/albini-afiche.jpg\"><img loading=\"lazy\" decoding=\"async\" data-attachment-id=\"26317\" data-permalink=\"https:\/\/www.hoymercedes.com.ar\/principal\/2013\/10\/05\/margarita-stolbizer-estara-con-albini-y-urabayen-en-mercedes\/albini-afiche\/#main\" data-orig-file=\"https:\/\/www.hoymercedes.com.ar\/principal\/wp-content\/uploads\/2013\/10\/albini-afiche.jpg\" data-orig-size=\"620,313\" data-comments-opened=\"1\" data-image-meta=\"{&quot;aperture&quot;:&quot;0&quot;,&quot;credit&quot;:&quot;&quot;,&quot;camera&quot;:&quot;&quot;,&quot;caption&quot;:&quot;&quot;,&quot;created_timestamp&quot;:&quot;0&quot;,&quot;copyright&quot;:&quot;&quot;,&quot;focal_length&quot;:&quot;0&quot;,&quot;iso&quot;:&quot;0&quot;,&quot;shutter_speed&quot;:&quot;0&quot;,&quot;title&quot;:&quot;&quot;}\" data-image-title=\"albini-afiche\" data-image-description=\"\" data-image-caption=\"\" data-large-file=\"https:\/\/www.hoymercedes.com.ar\/principal\/wp-content\/uploads\/2013\/10\/albini-afiche.jpg\" class=\"aligncenter size-full wp-image-26317\" alt=\"albini-afiche\" src=\"https:\/\/www.hoymercedes.com.ar\/principal\/wp-content\/uploads\/2013\/10\/albini-afiche.jpg\" width=\"620\" height=\"313\" \/><br \/>\n<\/a><\/p>\n<p><em><strong>Este lunes estar\u00e1 en nuestra ciudad la candidata a Diputada Nacional por el Frente Progresista C\u00edvico y Social Margarita Stolbizer para continuar con la campa\u00f1a que vienen desarrollando con miras a las pr\u00f3ximas elecciones donde los locales encabezados por Oscar Albini buscan arribar al Concejo Deliberante.\u00a0<\/strong><\/em><\/p>\n<p>Cerca de las 10.30am estar\u00e1 presente la candidata acompa\u00f1ada por Oscar Albini y Marcelo Urabayen y buscar\u00e1n tener contacto con los vecinos de Mercedes dado que invitan a encontrarse con los candidatos en Plaza San Mart\u00edn desde donde caminar\u00e1n parte del radio c\u00e9ntrico.<\/p>\n<p>De esta manera Stolbizer, una de las principales figuras pol\u00edticas del pa\u00eds estar\u00e1 presente para dar su apoyo y acompa\u00f1amiento a los representantes locales que est\u00e1n muy cerca de lograr un lugar en el Concejo Deliberante si consiguen mantener el caudal de votos de las PASO y sumar ese plus que les estar\u00eda faltando para conseguir la banca.<\/p>\n","protected":false},"excerpt":{"rendered":"<p>Este lunes estar\u00e1 en nuestra ciudad la candidata a Diputada Nacional por el Frente Progresista C\u00edvico y Social Margarita Stolbizer &#8230; <a title=\"Margarita Stolbizer estar\u00e1 con Albini y Urabayen en Mercedes\" class=\"read-more\" href=\"https:\/\/www.hoymercedes.com.ar\/principal\/2013\/10\/05\/margarita-stolbizer-estara-con-albini-y-urabayen-en-mercedes\/\" aria-label=\"Leer m\u00e1s sobre Margarita Stolbizer estar\u00e1 con Albini y Urabayen en Mercedes\">Leer m\u00e1s<\/a><\/p>\n","protected":false},"author":1,"featured_media":0,"comment_status":"open","ping_status":"open","sticky":false,"template":"","format":"standard","meta":{"_monsterinsights_skip_tracking":false,"_monsterinsights_sitenote_active":false,"_monsterinsights_sitenote_note":"","_monsterinsights_sitenote_category":0,"jetpack_post_was_ever_published":false,"_jetpack_newsletter_access":"","_jetpack_dont_email_post_to_subs":false,"_jetpack_newsletter_tier_id":0,"_jetpack_memberships_contains_paywalled_content":false,"_jetpack_memberships_contains_paid_content":false,"footnotes":"","jetpack_publicize_message":"","jetpack_publicize_feature_enabled":true,"jetpack_social_post_already_shared":true,"jetpack_social_options":{"image_generator_settings":{"template":"highway","default_image_id":0,"font":"","enabled":false},"version":2},"_wpas_customize_per_network":false},"categories":[5],"tags":[3566,3965,2834,180],"class_list":["post-26315","post","type-post","status-publish","format-standard","hentry","category-politica","tag-marcelo-urabayen","tag-margarita-stolbyzer","tag-oscar-albini","tag-stolbizer","generate-columns","tablet-grid-50","mobile-grid-100","grid-parent","grid-50"],"jetpack_publicize_connections":[],"jetpack_featured_media_url":"","wps_subtitle":"","jetpack_sharing_enabled":true,"_links":{"self":[{"href":"https:\/\/www.hoymercedes.com.ar\/principal\/wp-json\/wp\/v2\/posts\/26315","targetHints":{"allow":["GET"]}}],"collection":[{"href":"https:\/\/www.hoymercedes.com.ar\/principal\/wp-json\/wp\/v2\/posts"}],"about":[{"href":"https:\/\/www.hoymercedes.com.ar\/principal\/wp-json\/wp\/v2\/types\/post"}],"author":[{"embeddable":true,"href":"https:\/\/www.hoymercedes.com.ar\/principal\/wp-json\/wp\/v2\/users\/1"}],"replies":[{"embeddable":true,"href":"https:\/\/www.hoymercedes.com.ar\/principal\/wp-json\/wp\/v2\/comments?post=26315"}],"version-history":[{"count":0,"href":"https:\/\/www.hoymercedes.com.ar\/principal\/wp-json\/wp\/v2\/posts\/26315\/revisions"}],"wp:attachment":[{"href":"https:\/\/www.hoymercedes.com.ar\/principal\/wp-json\/wp\/v2\/media?parent=26315"}],"wp:term":[{"taxonomy":"category","embeddable":true,"href":"https:\/\/www.hoymercedes.com.ar\/principal\/wp-json\/wp\/v2\/categories?post=26315"},{"taxonomy":"post_tag","embeddable":true,"href":"https:\/\/www.hoymercedes.com.ar\/principal\/wp-json\/wp\/v2\/tags?post=26315"}],"curies":[{"name":"wp","href":"https:\/\/api.w.org\/{rel}","templated":true}]}}