{"id":26325,"date":"2013-10-06T15:03:39","date_gmt":"2013-10-06T15:03:39","guid":{"rendered":"http:\/\/www.hoymercedes.com.ar\/principal\/?p=26325"},"modified":"2013-10-06T15:03:39","modified_gmt":"2013-10-06T15:03:39","slug":"un-millon-de-pesos-en-subsidio-a-cooperativa-de-tamberos-la-mercedina","status":"publish","type":"post","link":"https:\/\/www.hoymercedes.com.ar\/principal\/2013\/10\/06\/un-millon-de-pesos-en-subsidio-a-cooperativa-de-tamberos-la-mercedina\/","title":{"rendered":"Un mill\u00f3n de pesos en subsidio a Cooperativa de Tamberos \u00abLa Mercedina\u00bb"},"content":{"rendered":"<p><a href=\"https:\/\/www.hoymercedes.com.ar\/principal\/wp-content\/uploads\/2013\/10\/subsidiotamberiosII.jpg\"><img loading=\"lazy\" decoding=\"async\" data-attachment-id=\"26328\" data-permalink=\"https:\/\/www.hoymercedes.com.ar\/principal\/2013\/10\/06\/un-millon-de-pesos-en-subsidio-a-cooperativa-de-tamberos-la-mercedina\/subsidiotamberiosii\/#main\" data-orig-file=\"https:\/\/www.hoymercedes.com.ar\/principal\/wp-content\/uploads\/2013\/10\/subsidiotamberiosII.jpg\" data-orig-size=\"620,414\" data-comments-opened=\"1\" data-image-meta=\"{&quot;aperture&quot;:&quot;4&quot;,&quot;credit&quot;:&quot;&quot;,&quot;camera&quot;:&quot;Canon EOS REBEL T3i&quot;,&quot;caption&quot;:&quot;&quot;,&quot;created_timestamp&quot;:&quot;1380919084&quot;,&quot;copyright&quot;:&quot;&quot;,&quot;focal_length&quot;:&quot;18&quot;,&quot;iso&quot;:&quot;800&quot;,&quot;shutter_speed&quot;:&quot;0.033333333333333&quot;,&quot;title&quot;:&quot;&quot;}\" data-image-title=\"subsidiotamberiosII\" data-image-description=\"\" data-image-caption=\"\" data-large-file=\"https:\/\/www.hoymercedes.com.ar\/principal\/wp-content\/uploads\/2013\/10\/subsidiotamberiosII.jpg\" class=\"aligncenter size-full wp-image-26328\" alt=\"subsidiotamberiosII\" src=\"https:\/\/www.hoymercedes.com.ar\/principal\/wp-content\/uploads\/2013\/10\/subsidiotamberiosII.jpg\" width=\"620\" height=\"414\" \/><\/a><\/p>\n<p><em><strong>La Cooperativa de Tamberos \u00abLa Mercedina\u00bb recibi\u00f3 un subsidio de un mill\u00f3n de pesos para la incorporaci\u00f3n de infraestructura y nuevas tecnolog\u00edas y sostener su crecimiento, una gesti\u00f3n realizada por el diputado nacional Eduardo de Pedro y el primer candidato a concejal por el Frente Mercedino para la Victoria, Juan Ignacio Ustarroz, y materializada este viernes por el subsecretario de Lecher\u00eda de la Naci\u00f3n, Arturo Videla.<\/strong><\/em><\/p>\n<p>Aunque originalmente estaba previsto que la mitad del subsidio fuera destinado a la recuperaci\u00f3n de pasturas, se decidi\u00f3\u00a0optimizar el recurso y dirigir el mill\u00f3n de pesos al fondo rotatorio para la incorporaci\u00f3n de nuevas herramientas: cada uno de los diez productores que integran la cooperativa podr\u00e1\u00a0 usar el dinero seg\u00fan sus necesidades.<\/p>\n<p><a href=\"https:\/\/www.hoymercedes.com.ar\/principal\/wp-content\/uploads\/2013\/10\/subsidiotamberios.jpg\"><img loading=\"lazy\" decoding=\"async\" data-attachment-id=\"26327\" data-permalink=\"https:\/\/www.hoymercedes.com.ar\/principal\/2013\/10\/06\/un-millon-de-pesos-en-subsidio-a-cooperativa-de-tamberos-la-mercedina\/subsidiotamberios\/#main\" data-orig-file=\"https:\/\/www.hoymercedes.com.ar\/principal\/wp-content\/uploads\/2013\/10\/subsidiotamberios.jpg\" data-orig-size=\"620,416\" data-comments-opened=\"1\" data-image-meta=\"{&quot;aperture&quot;:&quot;4&quot;,&quot;credit&quot;:&quot;&quot;,&quot;camera&quot;:&quot;Canon EOS REBEL T3i&quot;,&quot;caption&quot;:&quot;&quot;,&quot;created_timestamp&quot;:&quot;1380918993&quot;,&quot;copyright&quot;:&quot;&quot;,&quot;focal_length&quot;:&quot;18&quot;,&quot;iso&quot;:&quot;1000&quot;,&quot;shutter_speed&quot;:&quot;0.025&quot;,&quot;title&quot;:&quot;&quot;}\" data-image-title=\"subsidiotamberios\" data-image-description=\"\" data-image-caption=\"\" data-large-file=\"https:\/\/www.hoymercedes.com.ar\/principal\/wp-content\/uploads\/2013\/10\/subsidiotamberios.jpg\" class=\"aligncenter size-full wp-image-26327\" alt=\"subsidiotamberios\" src=\"https:\/\/www.hoymercedes.com.ar\/principal\/wp-content\/uploads\/2013\/10\/subsidiotamberios.jpg\" width=\"620\" height=\"416\" \/><\/a><\/p>\n<p><em>\u201cPara nosotros es un placer muy grande poder aportar un granito de arena al desarrollo de este proyecto. Desde nuestro espacio planteamos siempre lo mismo, ser articuladores o facilitadores de distintas gestiones para apoyar a la gente que quiere progresar, producir y trabajar, y esto de hoy es un s\u00edmbolo de eso\u201d<\/em>, dijo Juan Ustarroz en el acto, realizado el viernes por la tarde en la C\u00e1mara Econ\u00f3mica Mercedina y en el que estuvo acompa\u00f1ado por \u2018Wado\u2019 De Pedro, el propio Videla y el presidente de la cooperativa, Jos\u00e9 Arriola.<\/p>\n<p><em>\u201cQueremos agradecer a Arturo, porque est\u00e1 comprometido con el desarrollo del campo; y queremos felicitar a los productores porque marcan el camino a seguir: el del di\u00e1logo, el de la uni\u00f3n, el de compartir los esfuerzos en funci\u00f3n de un bien com\u00fan\u201d<\/em>, dijo Ustarroz.<\/p>\n<p>Y agreg\u00f3:<em>\u00a0\u201cEntre todos generaron un proyecto para generar m\u00e1s producci\u00f3n, m\u00e1s alimentos. Para consolidar el mercado regional. Con un Estado Nacional presente, que es necesario siempre porque a veces los esfuerzos individuales no alcanzan. Consideramos que esta es la ecuaci\u00f3n perfecta: un Estado presente, m\u00e1s gente con ganas de trabajar\u201d.<\/em><\/p>\n<p><em>\u201cPor eso, nosotros tenemos las puertas abiertas para cualquier inquietud que puedan tener los vecinos, los trabajadores, los productores, los empresarios. No solamente del campo, sino de todas las \u00e1reas. Porque vamos detr\u00e1s del proyecto de una ciudad productiva e inclusiva. Por eso les doy las gracias, por su esfuerzo y sus ganas\u201d<\/em>, cerr\u00f3.<\/p>\n<p>A su turno, Videla (subsecretario de Lecher\u00eda del Ministerio de Agricultura, Ganader\u00eda y Pesca de la Naci\u00f3n), explic\u00f3: <em>\u201cLes agradezco ser parte de este acto en el que su sue\u00f1o se convierte en realidad. Es un gusto. Y hay algo que me gusta mucho: que sea un proyecto con las puertas abiertas y la invitaci\u00f3n a que entren m\u00e1s productores. Hay que salir a buscarlos para seguir creciendo, con solidaridad y un trabajo en conjunto. Los acompa\u00f1a la decisi\u00f3n pol\u00edtica de contar con un Estado Nacional presente, como lo fue primero con N\u00e9stor Kirchner y lo es ahora con la Presidenta Cristina Fern\u00e1ndez de Kirchner\u201d.<\/em><\/p>\n<p><em>\u201cLos beneficios de contar con un Estado presente se resumen en el ejemplo de Sancor, que hace diez a\u00f1os ten\u00eda un boleto de compra venta para que el esfuerzo inicial de aquellos gringos productores de C\u00f3rdoba y Santa Fe se dilapidara y pasara a manos de una multinacional.\u00a0 El entonces presidente N\u00e9stor Kirchner articul\u00f3 un acuerdo comercial para la venta de leche en polvo a Venezuela. Y Sancor pudo contar con el dinero suficiente para refinanciar la deuda, salir de la situaci\u00f3n en la que estaba<\/em>\u201d, record\u00f3 Videla.<\/p>\n<p><em>\u201cHoy, Sancor acaba de entrar al mayor mercado del mundo, como es China, con el producto del mercado argentino con mayor valor agregado como son las f\u00f3rmulas infantiles y la leche maternizada. Eso es el ejemplo de la d\u00e9cada ganada\u201d<\/em>, reflexi\u00f3n\u00f3.<\/p>\n<p>Para finalizar, Videla dijo: <em>\u201cMe consta la plena convicci\u00f3n de trabajar por los dem\u00e1s y el compromiso con su econom\u00eda regional que tienen \u2018Juani\u2019 y \u2018Wado\u2019. Y me constan, por las reuniones que tuvimos, las ganas de progresar que tienen los integrantes de esta cooperativa, por eso es muy grato poder ayudar.\u00a0 Por eso los felicito y por eso el ministro (de Agricultura Norberto) Yauhar decidi\u00f3 direccionar el total del subsidio hacia lo que cada uno de ustedes necesita o cree conveniente para seguir progresando\u201d.<\/em><\/p>\n<p>Arriola, por su parte, tambi\u00e9n agradeci\u00f3\u00a0\u201ca \u2018Juani\u2019, a \u2018Wado\u2019, a la Comisi\u00f3n de Agricultura del Frente Mercedino, al subsecretario Videla, al ministro\u201d; y asegur\u00f3 que la cooperativa es \u201cun grupo consolidado con much\u00edsimas ganas de trabajar. Nuestra primera reuni\u00f3n fue hace nueve a\u00f1os, conocemos nuestras necesidades, compartimos nuestra experiencia y hoy tenemos el hermoso desaf\u00edo de dar un gran salto hacia adelante. Ah\u00ed vamos\u201d.<\/p>\n<p><em>\u201cTenemos muchas ideas y fuerza para crecer, para afrontar los desaf\u00edos que se nos presentan. Por eso tenemos las puertas abiertas y esperamos la incorporaci\u00f3n de nuevos socios, porque el futuro es muy auspicioso para nosotros\u201d<\/em>, concluy\u00f3.<\/p>\n<p><span style=\"color: #888888;\">Fuente: Frente Mercedino<\/span><\/p>\n<p>&nbsp;<\/p>\n","protected":false},"excerpt":{"rendered":"<p>La Cooperativa de Tamberos \u00abLa Mercedina\u00bb recibi\u00f3 un subsidio de un mill\u00f3n de pesos para la incorporaci\u00f3n de infraestructura y &#8230; <a title=\"Un mill\u00f3n de pesos en subsidio a Cooperativa de Tamberos \u00abLa Mercedina\u00bb\" class=\"read-more\" href=\"https:\/\/www.hoymercedes.com.ar\/principal\/2013\/10\/06\/un-millon-de-pesos-en-subsidio-a-cooperativa-de-tamberos-la-mercedina\/\" aria-label=\"Leer m\u00e1s sobre Un mill\u00f3n de pesos en subsidio a Cooperativa de Tamberos \u00abLa Mercedina\u00bb\">Leer m\u00e1s<\/a><\/p>\n","protected":false},"author":1,"featured_media":0,"comment_status":"open","ping_status":"open","sticky":false,"template":"","format":"standard","meta":{"_monsterinsights_skip_tracking":false,"_monsterinsights_sitenote_active":false,"_monsterinsights_sitenote_note":"","_monsterinsights_sitenote_category":0,"jetpack_post_was_ever_published":false,"_jetpack_newsletter_access":"","_jetpack_dont_email_post_to_subs":false,"_jetpack_newsletter_tier_id":0,"_jetpack_memberships_contains_paywalled_content":false,"_jetpack_memberships_contains_paid_content":false,"footnotes":"","jetpack_publicize_message":"","jetpack_publicize_feature_enabled":true,"jetpack_social_post_already_shared":true,"jetpack_social_options":{"image_generator_settings":{"template":"highway","default_image_id":0,"font":"","enabled":false},"version":2},"_wpas_customize_per_network":false},"categories":[5],"tags":[688,585,3968,281],"class_list":["post-26325","post","type-post","status-publish","format-standard","hentry","category-politica","tag-camara-economimca-mercedes","tag-juan-ustarroz","tag-subsidio-tambo-la-mercedina","tag-wado-de-pedro","generate-columns","tablet-grid-50","mobile-grid-100","grid-parent","grid-50"],"jetpack_publicize_connections":[],"jetpack_featured_media_url":"","wps_subtitle":"","jetpack_sharing_enabled":true,"_links":{"self":[{"href":"https:\/\/www.hoymercedes.com.ar\/principal\/wp-json\/wp\/v2\/posts\/26325","targetHints":{"allow":["GET"]}}],"collection":[{"href":"https:\/\/www.hoymercedes.com.ar\/principal\/wp-json\/wp\/v2\/posts"}],"about":[{"href":"https:\/\/www.hoymercedes.com.ar\/principal\/wp-json\/wp\/v2\/types\/post"}],"author":[{"embeddable":true,"href":"https:\/\/www.hoymercedes.com.ar\/principal\/wp-json\/wp\/v2\/users\/1"}],"replies":[{"embeddable":true,"href":"https:\/\/www.hoymercedes.com.ar\/principal\/wp-json\/wp\/v2\/comments?post=26325"}],"version-history":[{"count":0,"href":"https:\/\/www.hoymercedes.com.ar\/principal\/wp-json\/wp\/v2\/posts\/26325\/revisions"}],"wp:attachment":[{"href":"https:\/\/www.hoymercedes.com.ar\/principal\/wp-json\/wp\/v2\/media?parent=26325"}],"wp:term":[{"taxonomy":"category","embeddable":true,"href":"https:\/\/www.hoymercedes.com.ar\/principal\/wp-json\/wp\/v2\/categories?post=26325"},{"taxonomy":"post_tag","embeddable":true,"href":"https:\/\/www.hoymercedes.com.ar\/principal\/wp-json\/wp\/v2\/tags?post=26325"}],"curies":[{"name":"wp","href":"https:\/\/api.w.org\/{rel}","templated":true}]}}