{"id":2635,"date":"2011-03-08T01:10:41","date_gmt":"2011-03-08T01:10:41","guid":{"rendered":"http:\/\/www.hoymercedes.com.ar\/principal\/?p=2635"},"modified":"2011-03-08T01:10:41","modified_gmt":"2011-03-08T01:10:41","slug":"si-no-llueve-este-martes-concluye-el-carnaval-2011-en-nuestra-ciudad","status":"publish","type":"post","link":"https:\/\/www.hoymercedes.com.ar\/principal\/2011\/03\/08\/si-no-llueve-este-martes-concluye-el-carnaval-2011-en-nuestra-ciudad\/","title":{"rendered":"Si no llueve este martes concluye el carnaval 2011 en nuestra ciudad"},"content":{"rendered":"<p>La comisi\u00f3n Organizadora de los Corsos 2011 en Mercedes debi\u00f3 por segunda vez consecutiva suspender la realizaci\u00f3n programada para el lunes debido a las inclemencias del tiempo.<\/p>\n<p>Si bien cuando promediaba la tarde del lunes todo indicaba que el tiempo hab\u00eda comenzado a componer ya que el cielo comenzaba a despejarse, fue todo lo contrario lo que finalmente ocurri\u00f3 y cerca de las 21.00 se conoci\u00f3 la decisi\u00f3n oficial de posponer 24 horas el cierre de la tradicional fiesta que logr\u00f3 durnmate las noches del viernes y s\u00e1bado pasado congregar a una verdadera multitud a lo largo de laAvenida 29.<\/p>\n<p>Si el tiempo mejora este martes se dar\u00e1 por finalizado el evento con la consagraci\u00f3n de la nueva reina y su corte de princesas y la premiaci\u00f3n correspondientes a las diferentes categor\u00edas que este a\u00f1o participaron como as\u00ed tambi\u00e9n del Premio Abelito que es el que se lleva a que un\u00a0 grupo o persona individual que haya mostrado con su alegr\u00eda el verdadero esp\u00edritu fiestero del recordado ABEL.<\/p>\n<p>La elecci\u00f3n\u00a0 como es tradicional estuvo a cargo nuevamente de representantes de los medios de comunicaciones de la ciudad, este a\u00f1o fueron Miguel Angel Delergasso, Marcelo Far\u00edas, Agust\u00edn Cufre, Clarisa Altieri y Andrea Eheverry.<\/p>\n<p>La \u00fanica diferencia para la \u00faltima noche es que debido a que el mi\u00e9rcoles comienza el ciclo lectivo para la rama secundaria, la \u00faltima noche de Corso se adelantar\u00e1 en el inicio en dos horas, es decir que dar\u00e1 comienzo a las 20.00<\/p>\n","protected":false},"excerpt":{"rendered":"<p>La comisi\u00f3n Organizadora de los Corsos 2011 en Mercedes debi\u00f3 por segunda vez consecutiva suspender la realizaci\u00f3n programada para el &#8230; <a title=\"Si no llueve este martes concluye el carnaval 2011 en nuestra ciudad\" class=\"read-more\" href=\"https:\/\/www.hoymercedes.com.ar\/principal\/2011\/03\/08\/si-no-llueve-este-martes-concluye-el-carnaval-2011-en-nuestra-ciudad\/\" aria-label=\"Leer m\u00e1s sobre Si no llueve este martes concluye el carnaval 2011 en nuestra ciudad\">Leer m\u00e1s<\/a><\/p>\n","protected":false},"author":1,"featured_media":0,"comment_status":"open","ping_status":"open","sticky":false,"template":"","format":"standard","meta":{"_monsterinsights_skip_tracking":false,"_monsterinsights_sitenote_active":false,"_monsterinsights_sitenote_note":"","_monsterinsights_sitenote_category":0,"jetpack_post_was_ever_published":false,"_jetpack_newsletter_access":"","_jetpack_dont_email_post_to_subs":false,"_jetpack_newsletter_tier_id":0,"_jetpack_memberships_contains_paywalled_content":false,"_jetpack_memberships_contains_paid_content":false,"footnotes":"","jetpack_publicize_message":"","jetpack_publicize_feature_enabled":true,"jetpack_social_post_already_shared":false,"jetpack_social_options":{"image_generator_settings":{"template":"highway","default_image_id":0,"font":"","enabled":false},"version":2},"_wpas_customize_per_network":false},"categories":[1],"tags":[],"class_list":["post-2635","post","type-post","status-publish","format-standard","hentry","category-opinion","generate-columns","tablet-grid-50","mobile-grid-100","grid-parent","grid-50"],"jetpack_publicize_connections":[],"jetpack_featured_media_url":"","wps_subtitle":"","jetpack_sharing_enabled":true,"_links":{"self":[{"href":"https:\/\/www.hoymercedes.com.ar\/principal\/wp-json\/wp\/v2\/posts\/2635","targetHints":{"allow":["GET"]}}],"collection":[{"href":"https:\/\/www.hoymercedes.com.ar\/principal\/wp-json\/wp\/v2\/posts"}],"about":[{"href":"https:\/\/www.hoymercedes.com.ar\/principal\/wp-json\/wp\/v2\/types\/post"}],"author":[{"embeddable":true,"href":"https:\/\/www.hoymercedes.com.ar\/principal\/wp-json\/wp\/v2\/users\/1"}],"replies":[{"embeddable":true,"href":"https:\/\/www.hoymercedes.com.ar\/principal\/wp-json\/wp\/v2\/comments?post=2635"}],"version-history":[{"count":0,"href":"https:\/\/www.hoymercedes.com.ar\/principal\/wp-json\/wp\/v2\/posts\/2635\/revisions"}],"wp:attachment":[{"href":"https:\/\/www.hoymercedes.com.ar\/principal\/wp-json\/wp\/v2\/media?parent=2635"}],"wp:term":[{"taxonomy":"category","embeddable":true,"href":"https:\/\/www.hoymercedes.com.ar\/principal\/wp-json\/wp\/v2\/categories?post=2635"},{"taxonomy":"post_tag","embeddable":true,"href":"https:\/\/www.hoymercedes.com.ar\/principal\/wp-json\/wp\/v2\/tags?post=2635"}],"curies":[{"name":"wp","href":"https:\/\/api.w.org\/{rel}","templated":true}]}}