{"id":26373,"date":"2013-10-08T02:06:11","date_gmt":"2013-10-08T02:06:11","guid":{"rendered":"http:\/\/www.hoymercedes.com.ar\/principal\/?p=26373"},"modified":"2013-10-08T02:06:11","modified_gmt":"2013-10-08T02:06:11","slug":"bozzini-en-politica-hay-que-tener-historia-y-no-se-puede-entrar-por-la-ventana-con-una-billetera-grande","status":"publish","type":"post","link":"https:\/\/www.hoymercedes.com.ar\/principal\/2013\/10\/08\/bozzini-en-politica-hay-que-tener-historia-y-no-se-puede-entrar-por-la-ventana-con-una-billetera-grande\/","title":{"rendered":"Bozzini: \u201cEn pol\u00edtica hay que tener historia y no se puede entrar por la ventana con una billetera grande\u201d"},"content":{"rendered":"<p><a href=\"https:\/\/www.hoymercedes.com.ar\/principal\/wp-content\/uploads\/2013\/10\/Selva-Bozzini-LosRobles.jpg\"><img loading=\"lazy\" decoding=\"async\" data-attachment-id=\"26375\" data-permalink=\"https:\/\/www.hoymercedes.com.ar\/principal\/2013\/10\/08\/bozzini-en-politica-hay-que-tener-historia-y-no-se-puede-entrar-por-la-ventana-con-una-billetera-grande\/selva-bozzini-losrobles\/#main\" data-orig-file=\"https:\/\/www.hoymercedes.com.ar\/principal\/wp-content\/uploads\/2013\/10\/Selva-Bozzini-LosRobles.jpg\" data-orig-size=\"620,349\" data-comments-opened=\"1\" data-image-meta=\"{&quot;aperture&quot;:&quot;0&quot;,&quot;credit&quot;:&quot;&quot;,&quot;camera&quot;:&quot;&quot;,&quot;caption&quot;:&quot;&quot;,&quot;created_timestamp&quot;:&quot;0&quot;,&quot;copyright&quot;:&quot;&quot;,&quot;focal_length&quot;:&quot;0&quot;,&quot;iso&quot;:&quot;0&quot;,&quot;shutter_speed&quot;:&quot;0&quot;,&quot;title&quot;:&quot;&quot;}\" data-image-title=\"Selva-Bozzini-LosRobles\" data-image-description=\"\" data-image-caption=\"\" data-large-file=\"https:\/\/www.hoymercedes.com.ar\/principal\/wp-content\/uploads\/2013\/10\/Selva-Bozzini-LosRobles.jpg\" class=\"aligncenter size-full wp-image-26375\" alt=\"Selva-Bozzini-LosRobles\" src=\"https:\/\/www.hoymercedes.com.ar\/principal\/wp-content\/uploads\/2013\/10\/Selva-Bozzini-LosRobles.jpg\" width=\"620\" height=\"349\" \/><\/a><\/p>\n<p><em><strong>Los candidatos del Frente Renovador, acompa\u00f1ados del intendente Carlos Selva, se reunieron con vecinos del barrio Los Robles para contar sus propuestas de cara a las elecciones generales del pr\u00f3ximo 27.<\/strong><\/em><\/p>\n<p>El primer mandatario local acompa\u00f1\u00f3 a los candidatos encabezados por Ricardo Bozzini para charlar con los vecinos de la barriada en la casa de uno de ellos como es lo de Aldo Ben\u00edtez. La reuni\u00f3n tuvo como eje le trabajo pol\u00edtico que se viene desarrollando desde el Frente Renovador que comanda Sergio Massa a nivel nacional.<\/p>\n<p>Ricardo Bozzini se mostr\u00f3 locuaz y animado al participar del encuentre, quien destac\u00f3 que<em> \u201cen pol\u00edtica hay que tener historia y no se puede entrar por la ventana con una billetera grande\u201d<\/em>. Adem\u00e1s revaloriz\u00f3 la figura del intendente Selva en lo que respecta a su gesti\u00f3n de gobierno.<\/p>\n<p>Esta reuni\u00f3n de Los Robles es una m\u00e1s de las que se vienen llevando adelante en las barriadas. <em>\u201cSiempre de cara a la gente porque a ella vamos representar. Nos andamos con promesas o cosas sin sentido sino con la pura verdad, que es la de colaborar para hacer que todos vivamos un poco m\u00e1s en paz y con tranquilidad en la ciudad\u201d,<\/em> dijo Bozzini.<\/p>\n<p>El fin de semana tambi\u00e9n se pudo ver a Bozzini y los dem\u00e1s candidatos (Sabrina Selva, Juan Carlos Ben\u00edtez, Juan Navarro, Cacho Colotta y dem\u00e1s) en las inauguraciones del CAPS de Altamira o el SUM del barrio Almafuerte. \u201cEstamos tratando de llevar soluciones la gente, lo hacemos de manera planificada y con gesti\u00f3n del propio municipio desde el comienzo de nuestro gobierno. Y as\u00ed seguiremos, siempre pensando en\u00a0 lo mejor para la gente\u201d, dijo el intendente Carlos Selva sobre las \u00faltimas acciones del gobierno comunal.<\/p>\n<p><span style=\"color: #888888;\">Fuente: Frente Renovador<\/span><\/p>\n","protected":false},"excerpt":{"rendered":"<p>Los candidatos del Frente Renovador, acompa\u00f1ados del intendente Carlos Selva, se reunieron con vecinos del barrio Los Robles para contar &#8230; <a title=\"Bozzini: \u201cEn pol\u00edtica hay que tener historia y no se puede entrar por la ventana con una billetera grande\u201d\" class=\"read-more\" href=\"https:\/\/www.hoymercedes.com.ar\/principal\/2013\/10\/08\/bozzini-en-politica-hay-que-tener-historia-y-no-se-puede-entrar-por-la-ventana-con-una-billetera-grande\/\" aria-label=\"Leer m\u00e1s sobre Bozzini: \u201cEn pol\u00edtica hay que tener historia y no se puede entrar por la ventana con una billetera grande\u201d\">Leer m\u00e1s<\/a><\/p>\n","protected":false},"author":1,"featured_media":0,"comment_status":"open","ping_status":"open","sticky":false,"template":"","format":"standard","meta":{"_monsterinsights_skip_tracking":false,"_monsterinsights_sitenote_active":false,"_monsterinsights_sitenote_note":"","_monsterinsights_sitenote_category":0,"jetpack_post_was_ever_published":false,"_jetpack_newsletter_access":"","_jetpack_dont_email_post_to_subs":false,"_jetpack_newsletter_tier_id":0,"_jetpack_memberships_contains_paywalled_content":false,"_jetpack_memberships_contains_paid_content":false,"footnotes":"","jetpack_publicize_message":"","jetpack_publicize_feature_enabled":true,"jetpack_social_post_already_shared":true,"jetpack_social_options":{"image_generator_settings":{"template":"highway","default_image_id":0,"font":"","enabled":false},"version":2},"_wpas_customize_per_network":false},"categories":[5],"tags":[3980,3537,3648],"class_list":["post-26373","post","type-post","status-publish","format-standard","hentry","category-politica","tag-carlos-serlva","tag-frente-renovador","tag-ricardo-bozzini","generate-columns","tablet-grid-50","mobile-grid-100","grid-parent","grid-50"],"jetpack_publicize_connections":[],"jetpack_featured_media_url":"","wps_subtitle":"","jetpack_sharing_enabled":true,"_links":{"self":[{"href":"https:\/\/www.hoymercedes.com.ar\/principal\/wp-json\/wp\/v2\/posts\/26373","targetHints":{"allow":["GET"]}}],"collection":[{"href":"https:\/\/www.hoymercedes.com.ar\/principal\/wp-json\/wp\/v2\/posts"}],"about":[{"href":"https:\/\/www.hoymercedes.com.ar\/principal\/wp-json\/wp\/v2\/types\/post"}],"author":[{"embeddable":true,"href":"https:\/\/www.hoymercedes.com.ar\/principal\/wp-json\/wp\/v2\/users\/1"}],"replies":[{"embeddable":true,"href":"https:\/\/www.hoymercedes.com.ar\/principal\/wp-json\/wp\/v2\/comments?post=26373"}],"version-history":[{"count":0,"href":"https:\/\/www.hoymercedes.com.ar\/principal\/wp-json\/wp\/v2\/posts\/26373\/revisions"}],"wp:attachment":[{"href":"https:\/\/www.hoymercedes.com.ar\/principal\/wp-json\/wp\/v2\/media?parent=26373"}],"wp:term":[{"taxonomy":"category","embeddable":true,"href":"https:\/\/www.hoymercedes.com.ar\/principal\/wp-json\/wp\/v2\/categories?post=26373"},{"taxonomy":"post_tag","embeddable":true,"href":"https:\/\/www.hoymercedes.com.ar\/principal\/wp-json\/wp\/v2\/tags?post=26373"}],"curies":[{"name":"wp","href":"https:\/\/api.w.org\/{rel}","templated":true}]}}