{"id":2640,"date":"2011-03-08T01:59:24","date_gmt":"2011-03-08T01:59:24","guid":{"rendered":"http:\/\/www.hoymercedes.com.ar\/principal\/?p=2640"},"modified":"2011-03-08T01:59:24","modified_gmt":"2011-03-08T01:59:24","slug":"comienza-sus-actividades-del-2011-el-centro-de-educacion-fisica-nro-40","status":"publish","type":"post","link":"https:\/\/www.hoymercedes.com.ar\/principal\/2011\/03\/08\/comienza-sus-actividades-del-2011-el-centro-de-educacion-fisica-nro-40\/","title":{"rendered":"Comienza sus actividades del 2011 el Centro de Educaci\u00f3n F\u00edsica Nro 40"},"content":{"rendered":"<p>La Direcci\u00f3n municipal de deportes informa que el pr\u00f3ximo mi\u00e9rcoles 9 inicia sus actividades el Centro de Educaci\u00f3n F\u00edsica N\u00ba\u00b0 40 de nuestra ciudad.<\/p>\n<p>La mas variada actividad deportiva -educativa dictada por profesores de educaci\u00f3n f\u00edsica , bajo la supervisi\u00f3n de la Direcci\u00f3n de Educaci\u00f3n Fisica de la provincia comienza un a\u00f1o mas. Esta instituci\u00f3n con matricula que supera los 2000 alumnos brinda en forma gratuita la ense\u00f1anza de atletismo, b\u00e1squet, handbol, cestobol, voleibol, hockey, gimnasia deportiva, gimnasia infantil, gimnasia para se\u00f1oras y para se\u00f1ores, gimnasia para la tercera edad.<\/p>\n<p>Para mayor informaci\u00f3n dirigirse al gimnasio de calle 30 y 43 de 10,00 a 12,00 y de 15,00 a 19,00 hs para informarse de los horarios de las actividades.<\/p>\n<p>Es importante destacar que posee un extensi\u00f3n en Gowland para los ni\u00f1os de la comunidad.<\/p>\n<p><span style=\"color: #888888;\">Fuente: Direcci\u00f3n de deportes<\/span><\/p>\n","protected":false},"excerpt":{"rendered":"<p>La Direcci\u00f3n municipal de deportes informa que el pr\u00f3ximo mi\u00e9rcoles 9 inicia sus actividades el Centro de Educaci\u00f3n F\u00edsica N\u00ba\u00b0 &#8230; <a title=\"Comienza sus actividades del 2011 el Centro de Educaci\u00f3n F\u00edsica Nro 40\" class=\"read-more\" href=\"https:\/\/www.hoymercedes.com.ar\/principal\/2011\/03\/08\/comienza-sus-actividades-del-2011-el-centro-de-educacion-fisica-nro-40\/\" aria-label=\"Leer m\u00e1s sobre Comienza sus actividades del 2011 el Centro de Educaci\u00f3n F\u00edsica Nro 40\">Leer m\u00e1s<\/a><\/p>\n","protected":false},"author":1,"featured_media":0,"comment_status":"open","ping_status":"open","sticky":false,"template":"","format":"standard","meta":{"_monsterinsights_skip_tracking":false,"_monsterinsights_sitenote_active":false,"_monsterinsights_sitenote_note":"","_monsterinsights_sitenote_category":0,"jetpack_post_was_ever_published":false,"_jetpack_newsletter_access":"","_jetpack_dont_email_post_to_subs":false,"_jetpack_newsletter_tier_id":0,"_jetpack_memberships_contains_paywalled_content":false,"_jetpack_memberships_contains_paid_content":false,"footnotes":"","jetpack_publicize_message":"","jetpack_publicize_feature_enabled":true,"jetpack_social_post_already_shared":false,"jetpack_social_options":{"image_generator_settings":{"template":"highway","default_image_id":0,"font":"","enabled":false},"version":2},"_wpas_customize_per_network":false},"categories":[1],"tags":[],"class_list":["post-2640","post","type-post","status-publish","format-standard","hentry","category-opinion","generate-columns","tablet-grid-50","mobile-grid-100","grid-parent","grid-50"],"jetpack_publicize_connections":[],"jetpack_featured_media_url":"","wps_subtitle":"","jetpack_sharing_enabled":true,"_links":{"self":[{"href":"https:\/\/www.hoymercedes.com.ar\/principal\/wp-json\/wp\/v2\/posts\/2640","targetHints":{"allow":["GET"]}}],"collection":[{"href":"https:\/\/www.hoymercedes.com.ar\/principal\/wp-json\/wp\/v2\/posts"}],"about":[{"href":"https:\/\/www.hoymercedes.com.ar\/principal\/wp-json\/wp\/v2\/types\/post"}],"author":[{"embeddable":true,"href":"https:\/\/www.hoymercedes.com.ar\/principal\/wp-json\/wp\/v2\/users\/1"}],"replies":[{"embeddable":true,"href":"https:\/\/www.hoymercedes.com.ar\/principal\/wp-json\/wp\/v2\/comments?post=2640"}],"version-history":[{"count":0,"href":"https:\/\/www.hoymercedes.com.ar\/principal\/wp-json\/wp\/v2\/posts\/2640\/revisions"}],"wp:attachment":[{"href":"https:\/\/www.hoymercedes.com.ar\/principal\/wp-json\/wp\/v2\/media?parent=2640"}],"wp:term":[{"taxonomy":"category","embeddable":true,"href":"https:\/\/www.hoymercedes.com.ar\/principal\/wp-json\/wp\/v2\/categories?post=2640"},{"taxonomy":"post_tag","embeddable":true,"href":"https:\/\/www.hoymercedes.com.ar\/principal\/wp-json\/wp\/v2\/tags?post=2640"}],"curies":[{"name":"wp","href":"https:\/\/api.w.org\/{rel}","templated":true}]}}