{"id":2643,"date":"2011-03-08T02:00:52","date_gmt":"2011-03-08T02:00:52","guid":{"rendered":"http:\/\/www.hoymercedes.com.ar\/principal\/?p=2643"},"modified":"2011-03-08T02:00:52","modified_gmt":"2011-03-08T02:00:52","slug":"el-municipio-debera-opinar-sobre-el-posible-lugar-para-la-ciudad-judicial","status":"publish","type":"post","link":"https:\/\/www.hoymercedes.com.ar\/principal\/2011\/03\/08\/el-municipio-debera-opinar-sobre-el-posible-lugar-para-la-ciudad-judicial\/","title":{"rendered":"El municipio deber\u00e1 opinar sobre el posible lugar para la Ciudad Judicial"},"content":{"rendered":"<p>Dada la decisi\u00f3n de la Corte de la Provincia de Buenos Aires de comenzar a alquilar viviendas para utilizar como sede de diferentes reparticiones como ser juzgados y fiscal\u00edas sin seguir un criterio l\u00f3gico en cuanto a las ubicaciones geogr\u00e1ficas de las mismas reavivo la idea de contemplar la necesidad de construir en el \u00e1mbito de la Departamental Mercedes un edificio que pueda cumplir con la tarea de la denominada \u201cCiudad Judicial, es decir la de concentrar en un solo lugar todas las actividades relacionadas con la prestaci\u00f3n del servicio de justicia, por lo cual desde la Corte se efectu\u00f3 un llamado para la cotizaci\u00f3n de predios para justamente en el mismo levantar la nueva sede judicial.<\/p>\n<p>De acuerdo a los datos obtenidos, tres fueron las presentaciones recibidas pero en principio ninguna de las propuestas reunir\u00eda las condiciones necesarias.<\/p>\n<p>Sobre el particular Alberto Igoldi, Secretario General de la AJB Mercedes sostuvo \u201c hasta el momento de manera oficial la Corte no le ha pedido al gremio una opini\u00f3n acerca de la construcci\u00f3n de la futura sede de la denominada Ciudad judicial pero si estamos informados que se presentaron tres propuestas para poder adquirir un predio que re\u00fana las condiciones necesarias par construir un edificio de la naturaleza que bebe tener un lugar que pretenda nuclear la totalidad de las actividades judiciales de una ciudad.<\/p>\n<p>Dichos terrenos son los ubicados en calle 40 y 55, en la ruta 5 donde estaba ubicado el Kart\u00f3dromo que funcionaba en nuestra ciudad y el tercero es el barrio San Francisco 7 y 114 y  por lo que tengo entendido, ya que en el tema desde la AJB se encuentra trabajando Miguel Ver\u00f3n, ninguno de ellos re\u00fane las condiciones necesarias\u201d<\/p>\n<p>Posteriormente Miguel Ver\u00f3n  manifest\u00f3 \u201cen principio no se que criterio adoptar\u00e1 la Corte pero desde ya me animo a decir que las tres propuestas se encuentran demasiado lejos del resto de las reparticiones publicas de la ciudad, de cualquier manera y de manera personal entiendo que el mejor lugar que podr\u00edamos tener disponible ser\u00edan los terrenos ferroviarios ubicados detr\u00e1s del hospital, existe el espacio necesario y no generar\u00eda tantos problemas en la circulaci\u00f3n de veh\u00edculos, pero la Corte antes de definir una posici\u00f3n seguramente le efectuar\u00e1 la consulta necesaria al municipio\u201d.<\/p>\n<p>Posteriormente el Secretario de Obras Publicas del municipio, Ingeniero Gustavo Salomone confirm\u00f3  que desde la Corte se le hab\u00eda formulado la correspondiente consulta manifestando \u201cnos efectuaron una consulta y en rigor de verdad para nosotros ninguna de las tres posibilidades seria viable, la primera en descartar es la de 40 y 55 porque se trata de un predio que se  inunda que por lo menos habr\u00eda de rellenarlo con un metro de altura para que puedan dar las medidas de la cota respecto al R\u00edo, el correspondiente a donde funcionaba el Kart\u00f3dromo no re\u00fane por el momento con la infraestructura de servicios necesarios y adem\u00e1s queda muy lejos y el tercero que ser\u00eda el de 7 y 114 si bien est\u00e1 mucho m\u00e1s cerca generar\u00eda un grave problema en todo ese sector de la ciudad,pero m\u00e1s all\u00e1 de la opini\u00f3n que podamos dar es la Corte la que en definitiva vaya a resolver\u201d.<\/p>\n<p>Por su parte el Intendente Carlos Selva hab\u00eda manifestado en su oportunidad que cuando se alquilaron las viviendas que hoy se utilizan para sede de Juzgados o Fiscal\u00edas en ning\u00fan momento se solicito informes a la comuna acerca si dichos lugares eran aptos teniendo en cuenta la zonificaci\u00f3n de nuestro Partido.<\/p>\n","protected":false},"excerpt":{"rendered":"<p>Dada la decisi\u00f3n de la Corte de la Provincia de Buenos Aires de comenzar a alquilar viviendas para utilizar como &#8230; <a title=\"El municipio deber\u00e1 opinar sobre el posible lugar para la Ciudad Judicial\" class=\"read-more\" href=\"https:\/\/www.hoymercedes.com.ar\/principal\/2011\/03\/08\/el-municipio-debera-opinar-sobre-el-posible-lugar-para-la-ciudad-judicial\/\" aria-label=\"Leer m\u00e1s sobre El municipio deber\u00e1 opinar sobre el posible lugar para la Ciudad Judicial\">Leer m\u00e1s<\/a><\/p>\n","protected":false},"author":1,"featured_media":0,"comment_status":"open","ping_status":"open","sticky":false,"template":"","format":"standard","meta":{"_monsterinsights_skip_tracking":false,"_monsterinsights_sitenote_active":false,"_monsterinsights_sitenote_note":"","_monsterinsights_sitenote_category":0,"jetpack_post_was_ever_published":false,"_jetpack_newsletter_access":"","_jetpack_dont_email_post_to_subs":false,"_jetpack_newsletter_tier_id":0,"_jetpack_memberships_contains_paywalled_content":false,"_jetpack_memberships_contains_paid_content":false,"footnotes":"","jetpack_publicize_message":"","jetpack_publicize_feature_enabled":true,"jetpack_social_post_already_shared":false,"jetpack_social_options":{"image_generator_settings":{"template":"highway","default_image_id":0,"font":"","enabled":false},"version":2},"_wpas_customize_per_network":false},"categories":[30],"tags":[536],"class_list":["post-2643","post","type-post","status-publish","format-standard","hentry","category-municipio","tag-ciudad-judicial","generate-columns","tablet-grid-50","mobile-grid-100","grid-parent","grid-50"],"jetpack_publicize_connections":[],"jetpack_featured_media_url":"","wps_subtitle":"","jetpack_sharing_enabled":true,"_links":{"self":[{"href":"https:\/\/www.hoymercedes.com.ar\/principal\/wp-json\/wp\/v2\/posts\/2643","targetHints":{"allow":["GET"]}}],"collection":[{"href":"https:\/\/www.hoymercedes.com.ar\/principal\/wp-json\/wp\/v2\/posts"}],"about":[{"href":"https:\/\/www.hoymercedes.com.ar\/principal\/wp-json\/wp\/v2\/types\/post"}],"author":[{"embeddable":true,"href":"https:\/\/www.hoymercedes.com.ar\/principal\/wp-json\/wp\/v2\/users\/1"}],"replies":[{"embeddable":true,"href":"https:\/\/www.hoymercedes.com.ar\/principal\/wp-json\/wp\/v2\/comments?post=2643"}],"version-history":[{"count":0,"href":"https:\/\/www.hoymercedes.com.ar\/principal\/wp-json\/wp\/v2\/posts\/2643\/revisions"}],"wp:attachment":[{"href":"https:\/\/www.hoymercedes.com.ar\/principal\/wp-json\/wp\/v2\/media?parent=2643"}],"wp:term":[{"taxonomy":"category","embeddable":true,"href":"https:\/\/www.hoymercedes.com.ar\/principal\/wp-json\/wp\/v2\/categories?post=2643"},{"taxonomy":"post_tag","embeddable":true,"href":"https:\/\/www.hoymercedes.com.ar\/principal\/wp-json\/wp\/v2\/tags?post=2643"}],"curies":[{"name":"wp","href":"https:\/\/api.w.org\/{rel}","templated":true}]}}