{"id":2646,"date":"2011-03-08T02:02:06","date_gmt":"2011-03-08T02:02:06","guid":{"rendered":"http:\/\/www.hoymercedes.com.ar\/principal\/?p=2646"},"modified":"2011-03-08T02:05:42","modified_gmt":"2011-03-08T02:05:42","slug":"importante-demanda-de-libros-escolares","status":"publish","type":"post","link":"https:\/\/www.hoymercedes.com.ar\/principal\/2011\/03\/08\/importante-demanda-de-libros-escolares\/","title":{"rendered":"Importante demanda de libros escolares"},"content":{"rendered":"<figure id=\"attachment_2650\" aria-describedby=\"caption-attachment-2650\" style=\"width: 290px\" class=\"wp-caption alignleft\"><a href=\"https:\/\/www.hoymercedes.com.ar\/principal\/wp-content\/uploads\/2011\/03\/MarcelaBianco.jpg\"><img loading=\"lazy\" decoding=\"async\" data-attachment-id=\"2650\" data-permalink=\"https:\/\/www.hoymercedes.com.ar\/principal\/2011\/03\/08\/importante-demanda-de-libros-escolares\/marcelabianco\/#main\" data-orig-file=\"https:\/\/www.hoymercedes.com.ar\/principal\/wp-content\/uploads\/2011\/03\/MarcelaBianco.jpg\" data-orig-size=\"400,300\" data-comments-opened=\"1\" data-image-meta=\"{&quot;aperture&quot;:&quot;2.8&quot;,&quot;credit&quot;:&quot;&quot;,&quot;camera&quot;:&quot;COOLPIX L10&quot;,&quot;caption&quot;:&quot;&quot;,&quot;created_timestamp&quot;:&quot;1299049057&quot;,&quot;copyright&quot;:&quot;Copyright 2006&quot;,&quot;focal_length&quot;:&quot;6.2&quot;,&quot;iso&quot;:&quot;100&quot;,&quot;shutter_speed&quot;:&quot;0.016666666666667&quot;,&quot;title&quot;:&quot;&quot;}\" data-image-title=\"MarcelaBianco\" data-image-description=\"\" data-image-caption=\"\" data-large-file=\"https:\/\/www.hoymercedes.com.ar\/principal\/wp-content\/uploads\/2011\/03\/MarcelaBianco.jpg\" class=\"size-medium wp-image-2650\" title=\"MarcelaBianco\" src=\"https:\/\/www.hoymercedes.com.ar\/principal\/wp-content\/uploads\/2011\/03\/MarcelaBianco-300x225.jpg\" alt=\"\" width=\"300\" height=\"225\" srcset=\"https:\/\/www.hoymercedes.com.ar\/principal\/wp-content\/uploads\/2011\/03\/MarcelaBianco-300x225.jpg 300w, https:\/\/www.hoymercedes.com.ar\/principal\/wp-content\/uploads\/2011\/03\/MarcelaBianco.jpg 400w\" sizes=\"auto, (max-width: 300px) 100vw, 300px\" \/><\/a><figcaption id=\"caption-attachment-2650\" class=\"wp-caption-text\">Marcela Bianco<\/figcaption><\/figure>\n<p>La venta de libros de textos para el ciclo escolar 2011ha sido considerada como muy positiva por la se\u00f1ora Marcela Bianco titular de una de las librer\u00edas de textos m\u00e1s importantes de la ciudad al expresar \u201csi bien falta una parte importante como es el comienzo en el nivel secundario, en el tema de los textos en la parte  primaria es donde m\u00e1s se ve el inter\u00e9s de la gente en que sus hijos tengan sus propios libros especialmente el tradicional de lecturas.<\/p>\n<p>Si bien se ha registrado un aumento en los valores de los textos con relaci\u00f3n al a\u00f1o pasado se puede decir que no ha sido tan grande como para poder decir que con cierto sacrificio claro est\u00e1 no se los pueda adquirir, hoy tenemos que hablar seg\u00fan lo que cada docente pueda pedir que en primaria un manual para los grados superiores est\u00e1 en el orden de los setenta y ochenta pesos cuando los mismos contienen todas las \u00e1rea pero en lo que son directamente de una sola espec\u00edfica el precio est\u00e1 entre los 50 y 60 pesos.<\/p>\n<p>De cualquier manera se nota que especialmente en los primeros grados son los padres quienes se encuentran muy conectados con esa ilusi\u00f3n de tener para su hijo el libro propio m\u00e1s aun en esta \u00e9poca donde la confecci\u00f3n de un libro ha mejorado de manera notable, se utiliza un papel espectacular y hay reproducciones a todo color que realmente son espl\u00e9ndidas y en tal sentido vemos, y en lo personal me pone muy feliz, a los chicos de primero o segundo grado como se ponen contentos cuando vienen a buscar su libro y le decimos que ha llegado y ya se lo puede lleva\u201d.<\/p>\n<p>M\u00e1s adelante Marcela Bianco precis\u00f3 \u201cen realidad los libros que si podemos decir que resultan caros son los de Ingles,pero ello no ocurre ahora, es algo que siempre pas\u00f3 porque el precio de los mismos tiene que ver de manera directa con el d\u00f3lar ya que se trata de ediciones que no se imprimen en nuestro pa\u00eds, pero en definitiva como siempre lo he manifestado dentro de la canasta escolar el que paga las consecuencias es el libro porque se trata de lo \u00faltimo que se compra y ello ocurre cunado los bolsillos y las carteras ya est\u00e1n bastante peladitas entonces renegamos pero la realidad indica que por la utilidad que implican los libros no son elementos caros\u201d.<\/p>\n<p>M\u00e1s adelante se refiri\u00f3 al programa que se hab\u00eda implementado para que en las escuelas donde en determinado grados haya un o m\u00e1s alumnos cuyas familias no est\u00e9n en condiciones de poder comparar un texto el chico reciba uno donado por una determinada empresa de la ciudad, como tambi\u00e9n puede ser a trav\u00e9s de un particular que conoce a la familia en cuesti\u00f3n, \u201cse trata, sostuvo, de una idea que comenzamos a implementar hace unos a\u00f1os, Cada Ni\u00f1o con su Libro,  que por cierto tuvo una gran respuesta de parte de la mayor\u00eda de las empresas de nuestra ciudad<\/p>\n<p>Como lamentablemente suele ocurrir, siempre en un curso de treinta alumnos  se suele encontrar a uno o dos cuyos padres no se encuentran en condiciones de comprar un texto,los docentes se comunican con nosotros que apelamos a dichas empresas y ello solos sin ninguna otra mediaci\u00f3n se encargan de comprarlos y llevarlos a la escuela y entregarlo a la docente correspondiente.<\/p>\n<p>Tambi\u00e9n hemos llegado a un acuerdo con una entidad que le financia a los padres que no puedan presentar recibo de sueldo la compra de los libros pagando una cuota mensual que no es tan elevada y que sede ya se reduce mucho si dicho padre tuviese la oportunidad de hacer una entrega mensual<\/p>\n<p>Lo importante es que tratemos con la ayuda de todos poder lograr que cada ni\u00f1o tenga su libro porque hasta de alguna manera se puede decir que es muy triste para un chico que el lleva una fotocopia en blanco y negro y el resto tienen su libro en colores, hasta dir\u00eda directamente que se estar\u00eda haciendo una discriminaci\u00f3n muy fea\u201d<\/p>\n<p>&nbsp;<\/p>\n","protected":false},"excerpt":{"rendered":"<p>La venta de libros de textos para el ciclo escolar 2011ha sido considerada como muy positiva por la se\u00f1ora Marcela &#8230; <a title=\"Importante demanda de libros escolares\" class=\"read-more\" href=\"https:\/\/www.hoymercedes.com.ar\/principal\/2011\/03\/08\/importante-demanda-de-libros-escolares\/\" aria-label=\"Leer m\u00e1s sobre Importante demanda de libros escolares\">Leer m\u00e1s<\/a><\/p>\n","protected":false},"author":1,"featured_media":0,"comment_status":"open","ping_status":"open","sticky":false,"template":"","format":"standard","meta":{"_monsterinsights_skip_tracking":false,"_monsterinsights_sitenote_active":false,"_monsterinsights_sitenote_note":"","_monsterinsights_sitenote_category":0,"jetpack_post_was_ever_published":false,"_jetpack_newsletter_access":"","_jetpack_dont_email_post_to_subs":false,"_jetpack_newsletter_tier_id":0,"_jetpack_memberships_contains_paywalled_content":false,"_jetpack_memberships_contains_paid_content":false,"footnotes":"","jetpack_publicize_message":"","jetpack_publicize_feature_enabled":true,"jetpack_social_post_already_shared":false,"jetpack_social_options":{"image_generator_settings":{"template":"highway","default_image_id":0,"font":"","enabled":false},"version":2},"_wpas_customize_per_network":false},"categories":[8],"tags":[350,537],"class_list":["post-2646","post","type-post","status-publish","format-standard","hentry","category-sociedad","tag-chelen-libros","tag-marcela-bianco","generate-columns","tablet-grid-50","mobile-grid-100","grid-parent","grid-50"],"jetpack_publicize_connections":[],"jetpack_featured_media_url":"","wps_subtitle":"","jetpack_sharing_enabled":true,"_links":{"self":[{"href":"https:\/\/www.hoymercedes.com.ar\/principal\/wp-json\/wp\/v2\/posts\/2646","targetHints":{"allow":["GET"]}}],"collection":[{"href":"https:\/\/www.hoymercedes.com.ar\/principal\/wp-json\/wp\/v2\/posts"}],"about":[{"href":"https:\/\/www.hoymercedes.com.ar\/principal\/wp-json\/wp\/v2\/types\/post"}],"author":[{"embeddable":true,"href":"https:\/\/www.hoymercedes.com.ar\/principal\/wp-json\/wp\/v2\/users\/1"}],"replies":[{"embeddable":true,"href":"https:\/\/www.hoymercedes.com.ar\/principal\/wp-json\/wp\/v2\/comments?post=2646"}],"version-history":[{"count":0,"href":"https:\/\/www.hoymercedes.com.ar\/principal\/wp-json\/wp\/v2\/posts\/2646\/revisions"}],"wp:attachment":[{"href":"https:\/\/www.hoymercedes.com.ar\/principal\/wp-json\/wp\/v2\/media?parent=2646"}],"wp:term":[{"taxonomy":"category","embeddable":true,"href":"https:\/\/www.hoymercedes.com.ar\/principal\/wp-json\/wp\/v2\/categories?post=2646"},{"taxonomy":"post_tag","embeddable":true,"href":"https:\/\/www.hoymercedes.com.ar\/principal\/wp-json\/wp\/v2\/tags?post=2646"}],"curies":[{"name":"wp","href":"https:\/\/api.w.org\/{rel}","templated":true}]}}