{"id":26478,"date":"2013-10-11T11:42:12","date_gmt":"2013-10-11T11:42:12","guid":{"rendered":"http:\/\/www.hoymercedes.com.ar\/principal\/?p=26478"},"modified":"2013-10-11T11:42:12","modified_gmt":"2013-10-11T11:42:12","slug":"afirman-inversion-ruta-no41-sera-45-millones-de-pesos","status":"publish","type":"post","link":"https:\/\/www.hoymercedes.com.ar\/principal\/2013\/10\/11\/afirman-inversion-ruta-no41-sera-45-millones-de-pesos\/","title":{"rendered":"Afirman inversi\u00f3n ruta N\u00ba41 ser\u00e1 45 millones de pesos"},"content":{"rendered":"<p><strong><em>La inversi\u00f3n para las obras en el tramo de la Ruta 41 que va de Mercedes a San Andr\u00e9s de Giles ser\u00e1\u00a0de 45 millones de pesos, seg\u00fan se inform\u00f3 oficialmente en una reuni\u00f3n a la que asisti\u00f3 el primer candidato a concejal por el Frente Mercedino para la Victoria, Juan Ignacio Ustarroz, con el diputado bonaerense Alberto Espa\u00f1a; el director de Vialidad Provincial, Ricardo Curetti; y el Ministro de Infraestructura bonaerense, Alejandro Arl\u00eda.<\/em><\/strong><\/p>\n<p>La obr\u00e1 se financiar\u00e1 a trav\u00e9s del PROFIDE (un fondo fiduciario que se integra con dinero nacional y provincial y puede ser destinado solamente a este tipo de inversiones) y, adem\u00e1s, en la reuni\u00f3n se fij\u00f3 el 5 de noviembre como fecha del llamado a licitaci\u00f3n.<\/p>\n<p><em>\u201cEstamos muy contentos de empezar a transitar este camino hacia una soluci\u00f3n definitiva en la ruta 41 \u2013dijo \u2018Juani\u2019 Ustarroz-. La articulaci\u00f3n con nuestro diputado provincial Alberto Espa\u00f1a, m\u00e1s el aporte fundamental de la Comisi\u00f3n de Usuarios Viales, con la participaci\u00f3n de vecinos como Carlos Mosso o Marcelo Su\u00e1rez, nos permitieron encontrar esta soluci\u00f3n. No me canso de decir que estos son los resultados cuando se trabaja en conjunto, cuando se re\u00fanen los esfuerzos en una sola direcci\u00f3n\u201d<\/em>, apunt\u00f3 Ustarroz.<\/p>\n<p><em>\u201cEn el encuentro se defini\u00f3 actualizar los montos de la inversi\u00f3n, que era de algo m\u00e1s de 39 millones de pesos y pas\u00f3 a estos 45 millones. Siempre a trav\u00e9s del PROFIDE, que fue la mejor opci\u00f3n a la que llegamos en su momento, al analizar los distintos pasos que se pod\u00edan dar para resolver esta grave problem\u00e1tica de la ruta 41\u201d,<\/em> explic\u00f3.<\/p>\n<p>El texto saliente del proyecto es el siguiente:<\/p>\n<p>OBRA: REFUERZO ESTRUCTURAL DE PAVIMENTO<\/p>\n<p>RUTAS: RP 41<\/p>\n<p>TRAMO: RN 5 &#8211; RN 7<\/p>\n<p>PARTIDOS: MERCEDES y SAN ANDRES DE GILES<\/p>\n<p>DESCRIPCION:<\/p>\n<p>El presente proyecto se refiere a la obra de repavimentaci\u00f3n de la Ruta Provincial N\u00b041 en el tramo comprendido entre el distribuidor de tr\u00e1nsito intersecci\u00f3n con la Ruta Nacional 5 (km 0,00) y el empalme con la Ruta Nacional 7 (km 25,50), resultando una longitud de proyecto de 25.500 metros. La obra se desarrolla en jurisdicci\u00f3n de los partidos de Mercedes y San Andr\u00e9s de Giles.<\/p>\n<p>OBRA BASICA:<\/p>\n<p>Se ha previsto la repavimentaci\u00f3n de la calzada existente de 6,70 m de ancho con 2% de pendiente transversal, contempl\u00e1ndose la construcci\u00f3n de un refuerzo del paquete estructural y la reconformaci\u00f3n de banquinas en 3.00 m de ancho con pendiente transversal del 4%, resultando un ancho de coronamiento del terrapl\u00e9n de 12.70 m. Debido a la reconformaci\u00f3n de banquinas la pendiente de los taludes ser\u00e1 1:3 desde el fin de las mismas hasta el encuentro con los taludes existentes.<\/p>\n<p>SE\u00d1ALAMIENTO:<\/p>\n<p>En toda la longitud del tramo de referencia, se ha proyectado el SE\u00d1ALAMIENTO HORIZONTAL Y VERTICAL correspondiente.<\/p>\n<p>Se ha previsto el se\u00f1alamiento en tramos rectos, en curvas, en puentes y\/o en cualquier accidente del camino que as\u00ed lo requiera.<\/p>\n<p>La empresa contratista deber\u00e1\u00a0presentar el proyecto de SE\u00d1ALAMIENTO VERTICAL y<\/p>\n<p>HORIZONTAL respetando los c\u00f3mputos m\u00e9tricos previstos en este legajo. Dicho proyecto ser\u00e1 aprobado por la Sub Gerencia de Estudios y Proyectos.<\/p>\n<p>PLAZOS: Se ha establecido para la presente obra un plazo de ejecuci\u00f3n de ciento ochenta (180) d\u00edas y trescientos sesenta y cinco (365) d\u00edas para su conservaci\u00f3n.<\/p>\n<p><span style=\"color: #888888;\">Fuente: PM<\/span><\/p>\n","protected":false},"excerpt":{"rendered":"<p>La inversi\u00f3n para las obras en el tramo de la Ruta 41 que va de Mercedes a San Andr\u00e9s de &#8230; <a title=\"Afirman inversi\u00f3n ruta N\u00ba41 ser\u00e1 45 millones de pesos\" class=\"read-more\" href=\"https:\/\/www.hoymercedes.com.ar\/principal\/2013\/10\/11\/afirman-inversion-ruta-no41-sera-45-millones-de-pesos\/\" aria-label=\"Leer m\u00e1s sobre Afirman inversi\u00f3n ruta N\u00ba41 ser\u00e1 45 millones de pesos\">Leer m\u00e1s<\/a><\/p>\n","protected":false},"author":1,"featured_media":0,"comment_status":"open","ping_status":"open","sticky":false,"template":"","format":"standard","meta":{"_monsterinsights_skip_tracking":false,"_monsterinsights_sitenote_active":false,"_monsterinsights_sitenote_note":"","_monsterinsights_sitenote_category":0,"jetpack_post_was_ever_published":false,"_jetpack_newsletter_access":"","_jetpack_dont_email_post_to_subs":false,"_jetpack_newsletter_tier_id":0,"_jetpack_memberships_contains_paywalled_content":false,"_jetpack_memberships_contains_paid_content":false,"footnotes":"","jetpack_publicize_message":"","jetpack_publicize_feature_enabled":true,"jetpack_social_post_already_shared":true,"jetpack_social_options":{"image_generator_settings":{"template":"highway","default_image_id":0,"font":"","enabled":false},"version":2},"_wpas_customize_per_network":false},"categories":[5],"tags":[4004,2670],"class_list":["post-26478","post","type-post","status-publish","format-standard","hentry","category-politica","tag-inversion-ruta-41","tag-ruta-41","generate-columns","tablet-grid-50","mobile-grid-100","grid-parent","grid-50"],"jetpack_publicize_connections":[],"jetpack_featured_media_url":"","wps_subtitle":"","jetpack_sharing_enabled":true,"_links":{"self":[{"href":"https:\/\/www.hoymercedes.com.ar\/principal\/wp-json\/wp\/v2\/posts\/26478","targetHints":{"allow":["GET"]}}],"collection":[{"href":"https:\/\/www.hoymercedes.com.ar\/principal\/wp-json\/wp\/v2\/posts"}],"about":[{"href":"https:\/\/www.hoymercedes.com.ar\/principal\/wp-json\/wp\/v2\/types\/post"}],"author":[{"embeddable":true,"href":"https:\/\/www.hoymercedes.com.ar\/principal\/wp-json\/wp\/v2\/users\/1"}],"replies":[{"embeddable":true,"href":"https:\/\/www.hoymercedes.com.ar\/principal\/wp-json\/wp\/v2\/comments?post=26478"}],"version-history":[{"count":0,"href":"https:\/\/www.hoymercedes.com.ar\/principal\/wp-json\/wp\/v2\/posts\/26478\/revisions"}],"wp:attachment":[{"href":"https:\/\/www.hoymercedes.com.ar\/principal\/wp-json\/wp\/v2\/media?parent=26478"}],"wp:term":[{"taxonomy":"category","embeddable":true,"href":"https:\/\/www.hoymercedes.com.ar\/principal\/wp-json\/wp\/v2\/categories?post=26478"},{"taxonomy":"post_tag","embeddable":true,"href":"https:\/\/www.hoymercedes.com.ar\/principal\/wp-json\/wp\/v2\/tags?post=26478"}],"curies":[{"name":"wp","href":"https:\/\/api.w.org\/{rel}","templated":true}]}}