{"id":26483,"date":"2013-10-11T11:49:05","date_gmt":"2013-10-11T11:49:05","guid":{"rendered":"http:\/\/www.hoymercedes.com.ar\/principal\/?p=26483"},"modified":"2013-10-11T11:49:05","modified_gmt":"2013-10-11T11:49:05","slug":"colocan-camaras-de-seguridad-en-los-accesos-a-mercedes","status":"publish","type":"post","link":"https:\/\/www.hoymercedes.com.ar\/principal\/2013\/10\/11\/colocan-camaras-de-seguridad-en-los-accesos-a-mercedes\/","title":{"rendered":"Colocan c\u00e1maras de seguridad en los accesos a Mercedes"},"content":{"rendered":"<p><a href=\"https:\/\/www.hoymercedes.com.ar\/principal\/wp-content\/uploads\/2013\/10\/camaras-ruta5.jpg\"><img loading=\"lazy\" decoding=\"async\" data-attachment-id=\"26485\" data-permalink=\"https:\/\/www.hoymercedes.com.ar\/principal\/2013\/10\/11\/colocan-camaras-de-seguridad-en-los-accesos-a-mercedes\/camaras-ruta5\/#main\" data-orig-file=\"https:\/\/www.hoymercedes.com.ar\/principal\/wp-content\/uploads\/2013\/10\/camaras-ruta5.jpg\" data-orig-size=\"620,394\" data-comments-opened=\"1\" data-image-meta=\"{&quot;aperture&quot;:&quot;10&quot;,&quot;credit&quot;:&quot;&quot;,&quot;camera&quot;:&quot;Canon EOS REBEL T3i&quot;,&quot;caption&quot;:&quot;&quot;,&quot;created_timestamp&quot;:&quot;1381409676&quot;,&quot;copyright&quot;:&quot;&quot;,&quot;focal_length&quot;:&quot;18&quot;,&quot;iso&quot;:&quot;100&quot;,&quot;shutter_speed&quot;:&quot;0.004&quot;,&quot;title&quot;:&quot;&quot;}\" data-image-title=\"camaras-ruta5\" data-image-description=\"\" data-image-caption=\"\" data-large-file=\"https:\/\/www.hoymercedes.com.ar\/principal\/wp-content\/uploads\/2013\/10\/camaras-ruta5.jpg\" class=\"aligncenter size-full wp-image-26485\" alt=\"camaras-ruta5\" src=\"https:\/\/www.hoymercedes.com.ar\/principal\/wp-content\/uploads\/2013\/10\/camaras-ruta5.jpg\" width=\"620\" height=\"394\" \/><\/a><\/p>\n<p>&nbsp;<\/p>\n<p>&nbsp;<\/p>\n<p><strong><em>En \u00e9stos d\u00edas comenzaron a llevar adelante las c\u00e1maras de seguridad anunciadas en algunos puntos del ingreso de nuestra ciudad por sobre Ruta Nacional N\u00ba5 anunciadas oportunamente por el primer candidato del Frente Mercedino, Juan Ustarroz. Avisaron ser\u00e1n<\/em><\/strong><strong><em>\u00a0en todos los accesos a la ciudad y en los pr\u00f3ximos d\u00edas ser\u00e1n conectadas al Centro de Monitoreo con que cuenta la municipalidad.<\/em><\/strong><\/p>\n<p><em>\u201cHace algunas semanas nos reunimos con el director de Seguridad del municipio, Esteban Rossi, y los responsables de la empresa que instala las c\u00e1maras (los ingenieros Carlos Fallet y Daniel Wolhendler, de WyR), para verificar los aspectos t\u00e9cnicos de la conexi\u00f3n. Los domos est\u00e1n siendo colocados y faltar\u00e1 ese \u00fanico paso, el de conectarlos al Centro de Monitoreo. Estamos muy contentos: por el resultado de las gestiones y porque, a trav\u00e9s de la articulaci\u00f3n con el municipio, vamos a tener una ciudad m\u00e1s segura<\/em>\u201d, dijo Ustarroz<\/p>\n<p><em>\u201cEsto es otro ejemplo de lo que queremos para Mercedes. Trabajar todos juntos y lograr mejoras para los vecinos. Nos pone muy felices la predisposici\u00f3n que encontramos de parte de Esteban y del municipio para sumar este aporte\u201d<\/em>, agreg\u00f3.<\/p>\n<p>Seg\u00fan especific\u00f3\u00a0 Ustarroz, los domos estar\u00e1n instalados en la rotonda de acceso principal a Mercedes, en Ruta 5 y calle 11, en Ruta 5 y Acceso Sur, en el cruce de la ruta provincial 41 con la calle 40 y habr\u00e1 un refuerzo de c\u00e1maras en las cabinas de peaje de Olivera.<\/p>\n<p><em>\u201cLa decisi\u00f3n de poner estas nuevas herramientas en estos puntos est\u00e1 relacionada con el resultado que nos arroj\u00f3 un mapa del delito que elaboramos, donde surge que la mayor parte de los delitos con arma de fuego en Mercedes son cometidos por delincuentes que vienen de otras ciudades\u201d<\/em>, cont\u00f3 el primer candidato del Frente Mercedino.<\/p>\n<p>\u2018Juani\u2019, junto con el concejal del Frente Mercedino Juan Pablo L\u00f3pez Baggio, hab\u00edan viajado tiempo atr\u00e1s a Buenos Aires para gestionar las c\u00e1maras ante el Director Ejecutivo del OCCOVI (Organo de Control de Concesiones Viales), Gustavo Gentili, dependiente de Vialidad Nacional, del Ministerio de Planificaci\u00f3n Federal, Inversi\u00f3n P\u00fablica y Servicios.<\/p>\n<p><em>\u201cLas c\u00e1maras tienen una alt\u00edsima tecnolog\u00eda y resoluci\u00f3n, lo que permitir\u00e1 la identificaci\u00f3n clara de un veh\u00edculo cuando sea necesario\u201d, aseguraron, por su parte, los ingenieros de la empresa responsable de los domos. Y confirmaron que \u201cla conexi\u00f3n con el Centro de Monitoreo de la municipalidad se har\u00e1 en los pr\u00f3ximos d\u00edas\u201d.<\/em><\/p>\n<p><span style=\"color: #888888;\">Fuente: FM<\/span><\/p>\n","protected":false},"excerpt":{"rendered":"<p>&nbsp; &nbsp; En \u00e9stos d\u00edas comenzaron a llevar adelante las c\u00e1maras de seguridad anunciadas en algunos puntos del ingreso de &#8230; <a title=\"Colocan c\u00e1maras de seguridad en los accesos a Mercedes\" class=\"read-more\" href=\"https:\/\/www.hoymercedes.com.ar\/principal\/2013\/10\/11\/colocan-camaras-de-seguridad-en-los-accesos-a-mercedes\/\" aria-label=\"Leer m\u00e1s sobre Colocan c\u00e1maras de seguridad en los accesos a Mercedes\">Leer m\u00e1s<\/a><\/p>\n","protected":false},"author":1,"featured_media":0,"comment_status":"open","ping_status":"open","sticky":false,"template":"","format":"standard","meta":{"_monsterinsights_skip_tracking":false,"_monsterinsights_sitenote_active":false,"_monsterinsights_sitenote_note":"","_monsterinsights_sitenote_category":0,"jetpack_post_was_ever_published":false,"_jetpack_newsletter_access":"","_jetpack_dont_email_post_to_subs":false,"_jetpack_newsletter_tier_id":0,"_jetpack_memberships_contains_paywalled_content":false,"_jetpack_memberships_contains_paid_content":false,"footnotes":"","jetpack_publicize_message":"","jetpack_publicize_feature_enabled":true,"jetpack_social_post_already_shared":true,"jetpack_social_options":{"image_generator_settings":{"template":"highway","default_image_id":0,"font":"","enabled":false},"version":2},"_wpas_customize_per_network":false},"categories":[5],"tags":[3693,2858],"class_list":["post-26483","post","type-post","status-publish","format-standard","hentry","category-politica","tag-camaras-de-seguridad","tag-ruta-nacional-5","generate-columns","tablet-grid-50","mobile-grid-100","grid-parent","grid-50"],"jetpack_publicize_connections":[],"jetpack_featured_media_url":"","wps_subtitle":"","jetpack_sharing_enabled":true,"_links":{"self":[{"href":"https:\/\/www.hoymercedes.com.ar\/principal\/wp-json\/wp\/v2\/posts\/26483","targetHints":{"allow":["GET"]}}],"collection":[{"href":"https:\/\/www.hoymercedes.com.ar\/principal\/wp-json\/wp\/v2\/posts"}],"about":[{"href":"https:\/\/www.hoymercedes.com.ar\/principal\/wp-json\/wp\/v2\/types\/post"}],"author":[{"embeddable":true,"href":"https:\/\/www.hoymercedes.com.ar\/principal\/wp-json\/wp\/v2\/users\/1"}],"replies":[{"embeddable":true,"href":"https:\/\/www.hoymercedes.com.ar\/principal\/wp-json\/wp\/v2\/comments?post=26483"}],"version-history":[{"count":0,"href":"https:\/\/www.hoymercedes.com.ar\/principal\/wp-json\/wp\/v2\/posts\/26483\/revisions"}],"wp:attachment":[{"href":"https:\/\/www.hoymercedes.com.ar\/principal\/wp-json\/wp\/v2\/media?parent=26483"}],"wp:term":[{"taxonomy":"category","embeddable":true,"href":"https:\/\/www.hoymercedes.com.ar\/principal\/wp-json\/wp\/v2\/categories?post=26483"},{"taxonomy":"post_tag","embeddable":true,"href":"https:\/\/www.hoymercedes.com.ar\/principal\/wp-json\/wp\/v2\/tags?post=26483"}],"curies":[{"name":"wp","href":"https:\/\/api.w.org\/{rel}","templated":true}]}}