{"id":26514,"date":"2013-10-12T21:09:53","date_gmt":"2013-10-12T21:09:53","guid":{"rendered":"http:\/\/www.hoymercedes.com.ar\/principal\/?p=26514"},"modified":"2013-10-12T21:09:53","modified_gmt":"2013-10-12T21:09:53","slug":"anses-inauguran-nuevo-y-flamente-edificio-en-mercedes","status":"publish","type":"post","link":"https:\/\/www.hoymercedes.com.ar\/principal\/2013\/10\/12\/anses-inauguran-nuevo-y-flamente-edificio-en-mercedes\/","title":{"rendered":"Anses: inauguran nuevo y flamente edificio en Mercedes"},"content":{"rendered":"<p><a href=\"https:\/\/www.hoymercedes.com.ar\/principal\/wp-content\/uploads\/2013\/10\/anses2.jpg\"><img loading=\"lazy\" decoding=\"async\" data-attachment-id=\"26517\" data-permalink=\"https:\/\/www.hoymercedes.com.ar\/principal\/2013\/10\/12\/anses-inauguran-nuevo-y-flamente-edificio-en-mercedes\/anses2\/#main\" data-orig-file=\"https:\/\/www.hoymercedes.com.ar\/principal\/wp-content\/uploads\/2013\/10\/anses2.jpg\" data-orig-size=\"620,413\" data-comments-opened=\"1\" data-image-meta=\"{&quot;aperture&quot;:&quot;5.6&quot;,&quot;credit&quot;:&quot;&quot;,&quot;camera&quot;:&quot;Canon EOS REBEL T3i&quot;,&quot;caption&quot;:&quot;&quot;,&quot;created_timestamp&quot;:&quot;1381490824&quot;,&quot;copyright&quot;:&quot;&quot;,&quot;focal_length&quot;:&quot;18&quot;,&quot;iso&quot;:&quot;100&quot;,&quot;shutter_speed&quot;:&quot;0.0125&quot;,&quot;title&quot;:&quot;&quot;}\" data-image-title=\"anses2\" data-image-description=\"\" data-image-caption=\"\" data-large-file=\"https:\/\/www.hoymercedes.com.ar\/principal\/wp-content\/uploads\/2013\/10\/anses2.jpg\" class=\"aligncenter size-full wp-image-26517\" alt=\"anses2\" src=\"https:\/\/www.hoymercedes.com.ar\/principal\/wp-content\/uploads\/2013\/10\/anses2.jpg\" width=\"620\" height=\"413\" \/><\/a><\/p>\n<p><em><strong>Durante la jornada de \u00e9ste viernes se llev\u00f3 a cabo a inauguraci\u00f3n del nuevo edificio Anses en avenida 29 y 34. En el acto participaron diversas autoridades, entre ellos el Diputado Eduardo De Pedro, el intendente Carlos Selva, el primer candidato Juan Ustarroz y el Jefe del UDAI local Fernando San Pedro<\/strong><\/em><\/p>\n<p>El primer candidato a concejal por el Frente Mercedino para la Victoria, Juan Ignacio Ustarroz, agradeci\u00f3 la presencia del intendente Carlos Selva en la inauguraci\u00f3n este mediod\u00eda de la nueva sede de la ANSES \u2013de la que es el gerente regional- y remarc\u00f3 que desde su espacio se busca \u201cesto, la unidad, el trabajo conjunto por todos y para todos\u201d.<\/p>\n<p><img loading=\"lazy\" decoding=\"async\" data-attachment-id=\"26518\" data-permalink=\"https:\/\/www.hoymercedes.com.ar\/principal\/2013\/10\/12\/anses-inauguran-nuevo-y-flamente-edificio-en-mercedes\/anses3\/#main\" data-orig-file=\"https:\/\/www.hoymercedes.com.ar\/principal\/wp-content\/uploads\/2013\/10\/anses3.jpg\" data-orig-size=\"620,413\" data-comments-opened=\"1\" data-image-meta=\"{&quot;aperture&quot;:&quot;5.6&quot;,&quot;credit&quot;:&quot;&quot;,&quot;camera&quot;:&quot;Canon EOS REBEL T3i&quot;,&quot;caption&quot;:&quot;&quot;,&quot;created_timestamp&quot;:&quot;1381490892&quot;,&quot;copyright&quot;:&quot;&quot;,&quot;focal_length&quot;:&quot;18&quot;,&quot;iso&quot;:&quot;400&quot;,&quot;shutter_speed&quot;:&quot;0.0125&quot;,&quot;title&quot;:&quot;&quot;}\" data-image-title=\"anses3\" data-image-description=\"\" data-image-caption=\"\" data-large-file=\"https:\/\/www.hoymercedes.com.ar\/principal\/wp-content\/uploads\/2013\/10\/anses3.jpg\" class=\"aligncenter size-full wp-image-26518\" alt=\"anses3\" src=\"https:\/\/www.hoymercedes.com.ar\/principal\/wp-content\/uploads\/2013\/10\/anses3.jpg\" width=\"620\" height=\"413\" \/><\/p>\n<p><em>\u201cYa lo dijimos en el momento de que se descartara la denuncia que se nos hizo por los supuestos DNI falsos: damos vuelta la p\u00e1gina. Esto es lo que queremos, la unidad, y para eso trabajamos. Por eso agradecemos la presencia del intendente, de los concejales de otras fuerzas pol\u00edticas que se acercaron hoy, de funcionarios, de jubilados, de trabajadores, de autoridades\u2026 De todos. Gracias a todos\u201d<\/em>, enfatiz\u00f3 \u00a0Ustarroz.<\/p>\n<p><img loading=\"lazy\" decoding=\"async\" data-attachment-id=\"26519\" data-permalink=\"https:\/\/www.hoymercedes.com.ar\/principal\/2013\/10\/12\/anses-inauguran-nuevo-y-flamente-edificio-en-mercedes\/anses5\/#main\" data-orig-file=\"https:\/\/www.hoymercedes.com.ar\/principal\/wp-content\/uploads\/2013\/10\/anses5.jpg\" data-orig-size=\"620,413\" data-comments-opened=\"1\" data-image-meta=\"{&quot;aperture&quot;:&quot;5.6&quot;,&quot;credit&quot;:&quot;&quot;,&quot;camera&quot;:&quot;Canon EOS REBEL T3i&quot;,&quot;caption&quot;:&quot;&quot;,&quot;created_timestamp&quot;:&quot;1381491643&quot;,&quot;copyright&quot;:&quot;&quot;,&quot;focal_length&quot;:&quot;20&quot;,&quot;iso&quot;:&quot;400&quot;,&quot;shutter_speed&quot;:&quot;0.016666666666667&quot;,&quot;title&quot;:&quot;&quot;}\" data-image-title=\"anses5\" data-image-description=\"\" data-image-caption=\"\" data-large-file=\"https:\/\/www.hoymercedes.com.ar\/principal\/wp-content\/uploads\/2013\/10\/anses5.jpg\" class=\"aligncenter size-full wp-image-26519\" alt=\"anses5\" src=\"https:\/\/www.hoymercedes.com.ar\/principal\/wp-content\/uploads\/2013\/10\/anses5.jpg\" width=\"620\" height=\"413\" \/><\/p>\n<p>La apertura del nuevo edificio de la ANSES, en la esquina de la avenida 29 y calle 34, se hizo este mediod\u00eda. Ustarroz y Selva participaron del tradicional corte de cintas. Entre otros, tambi\u00e9n estuvieron el diputado nacional Eduardo de Pedro; el diputado provincial Alberto Espa\u00f1a; el concejal selvista Juan Carlos Ben\u00edtez; el subdirector de administraci\u00f3n de la ANSES, Germ\u00e1n Cervantes; y otros funcionarios del organismo.<\/p>\n<p><em>\u201cPara todos es un d\u00eda de gran alegr\u00eda, por haber logrado este objetivo luego de mucho trabajo. Con el paso de los a\u00f1os, Mercedes fue perdiendo aquella denominaci\u00f3n con la que se la conoc\u00eda, \u2018La Perla del Oeste\u2019. Hoy, desde la ANSES se recupera parte de ese tiempo: de los dos municipios que ten\u00edamos a cargo, pasaremos a tener 26. Eso es lo que buscamos tambi\u00e9n, ampliar los servicios\u201d<\/em>, dijo \u2018Juani\u2019 al momento de su discurso.<\/p>\n<p><img loading=\"lazy\" decoding=\"async\" data-attachment-id=\"26516\" data-permalink=\"https:\/\/www.hoymercedes.com.ar\/principal\/2013\/10\/12\/anses-inauguran-nuevo-y-flamente-edificio-en-mercedes\/anses1\/#main\" data-orig-file=\"https:\/\/www.hoymercedes.com.ar\/principal\/wp-content\/uploads\/2013\/10\/anses1.jpg\" data-orig-size=\"620,413\" data-comments-opened=\"1\" data-image-meta=\"{&quot;aperture&quot;:&quot;7.1&quot;,&quot;credit&quot;:&quot;&quot;,&quot;camera&quot;:&quot;Canon EOS REBEL T3i&quot;,&quot;caption&quot;:&quot;&quot;,&quot;created_timestamp&quot;:&quot;1381489407&quot;,&quot;copyright&quot;:&quot;&quot;,&quot;focal_length&quot;:&quot;18&quot;,&quot;iso&quot;:&quot;100&quot;,&quot;shutter_speed&quot;:&quot;0.008&quot;,&quot;title&quot;:&quot;&quot;}\" data-image-title=\"anses1\" data-image-description=\"\" data-image-caption=\"\" data-large-file=\"https:\/\/www.hoymercedes.com.ar\/principal\/wp-content\/uploads\/2013\/10\/anses1.jpg\" class=\"aligncenter size-full wp-image-26516\" alt=\"anses1\" src=\"https:\/\/www.hoymercedes.com.ar\/principal\/wp-content\/uploads\/2013\/10\/anses1.jpg\" width=\"620\" height=\"413\" \/><\/p>\n<p>&nbsp;<\/p>\n<p>Durante el acto, las autoridades hicieron entregas de certificados del Procrear, de netbooks a alumnos, de banderas de ceremonias a centros de jubilados y de tarjetas Argenta. Al respecto, Ustarroz se\u00f1al\u00f3:<em> \u201cEsto es presente con futuro. En nuestra ciudad y en el pa\u00eds. Aqu\u00ed en Mercedes ya recibieron la netbook m\u00e1s de siete mil chicos; y hay m\u00e1s de 500 vecinos con terreno que est\u00e1n haciendo su casa a trav\u00e9s del Procrear. Todo esto es crecimiento para Mercedes, mejores condiciones de vida, dinamismo en su econom\u00eda (&#8230;)\u00a0<\/em><em>Y la ANSES viene cumpliendo un papel preponderante en la articulaci\u00f3n de todos estos derechos. No tengo dudas de que en gran medida, este crecimiento ha sido motorizado por su director ejecutivo, Diego Bossio, que se hizo cargo del organismo cuando ten\u00eda solamente 29 a\u00f1os y llev\u00f3 a cabo una gesti\u00f3n impecable. Fue sumando servicios y desarroll\u00f3 una log\u00edstica impresionante a lo largo de todo el territorio nacional\u201d<\/em>, indic\u00f3.<\/p>\n<p>Ustarroz agreg\u00f3:<em> \u201cPara los que formamos parte del proyecto nacional que conduce la Presidenta Cristina Fern\u00e1ndez de Kirchner, las acciones son todos los d\u00edas. Como hacemos hoy con la ANSES, como se hizo convirtiendo a la sede local del PAMI en un organismo visible y eficiente. Falta mucho todav\u00eda, pero por lo pronto ac\u00e1 hab\u00eda una esquina abandonada, donde alguna vez se proyect\u00f3 un sanatorio nunca realizado, y ahora tenemos un edificio de \u2018primer mundo\u2019 para atender a los vecinos como se lo merecen\u201d.<\/em><\/p>\n<p><em>\u00a0\u201cAhora tenemos una obligaci\u00f3n mayor, pero gracias a la vocaci\u00f3n de servicio de todos los trabajadores de la ANSES, para quienes solamente tengo palabras de agradecimiento, vamos a estar a la altura. As\u00ed que les agradezco nuevamente la presencia, quiero remarcar especialmente la figura de Fernando San Pedro (jefe de la UDAI local), que se puso la camiseta y trabaja sin cesar; y los invito a venir todas las veces que consideren necesario para acceder a los servicios y para ver nuestro funcionamiento\u201d<\/em>, cerr\u00f3.<\/p>\n<p>Selva, a su turno, felicit\u00f3\u00a0 a \u2018Juani\u2019 por la inauguraci\u00f3n del nuevo edificio de la ANSES (que fue bendecido); y Cervantes, en nombre de Bossio, tambi\u00e9n celebr\u00f3 este \u201cnuevo paso en el crecimiento de un organismo que ahora es transparente y eficaz\u201d.<\/p>\n<p><span style=\"color: #888888;\">Fuente: Frente Mercedino<\/span><\/p>\n<p>&nbsp;<\/p>\n","protected":false},"excerpt":{"rendered":"<p>Durante la jornada de \u00e9ste viernes se llev\u00f3 a cabo a inauguraci\u00f3n del nuevo edificio Anses en avenida 29 y &#8230; <a title=\"Anses: inauguran nuevo y flamente edificio en Mercedes\" class=\"read-more\" href=\"https:\/\/www.hoymercedes.com.ar\/principal\/2013\/10\/12\/anses-inauguran-nuevo-y-flamente-edificio-en-mercedes\/\" aria-label=\"Leer m\u00e1s sobre Anses: inauguran nuevo y flamente edificio en Mercedes\">Leer m\u00e1s<\/a><\/p>\n","protected":false},"author":1,"featured_media":0,"comment_status":"open","ping_status":"open","sticky":false,"template":"","format":"standard","meta":{"_monsterinsights_skip_tracking":false,"_monsterinsights_sitenote_active":false,"_monsterinsights_sitenote_note":"","_monsterinsights_sitenote_category":0,"jetpack_post_was_ever_published":false,"_jetpack_newsletter_access":"","_jetpack_dont_email_post_to_subs":false,"_jetpack_newsletter_tier_id":0,"_jetpack_memberships_contains_paywalled_content":false,"_jetpack_memberships_contains_paid_content":false,"footnotes":"","jetpack_publicize_message":"","jetpack_publicize_feature_enabled":true,"jetpack_social_post_already_shared":true,"jetpack_social_options":{"image_generator_settings":{"template":"highway","default_image_id":0,"font":"","enabled":false},"version":2},"_wpas_customize_per_network":false},"categories":[5],"tags":[4008,4009],"class_list":["post-26514","post","type-post","status-publish","format-standard","hentry","category-politica","tag-anses-nuevo-edificio","tag-ustarroz-y-selva","generate-columns","tablet-grid-50","mobile-grid-100","grid-parent","grid-50"],"jetpack_publicize_connections":[],"jetpack_featured_media_url":"","wps_subtitle":"","jetpack_sharing_enabled":true,"_links":{"self":[{"href":"https:\/\/www.hoymercedes.com.ar\/principal\/wp-json\/wp\/v2\/posts\/26514","targetHints":{"allow":["GET"]}}],"collection":[{"href":"https:\/\/www.hoymercedes.com.ar\/principal\/wp-json\/wp\/v2\/posts"}],"about":[{"href":"https:\/\/www.hoymercedes.com.ar\/principal\/wp-json\/wp\/v2\/types\/post"}],"author":[{"embeddable":true,"href":"https:\/\/www.hoymercedes.com.ar\/principal\/wp-json\/wp\/v2\/users\/1"}],"replies":[{"embeddable":true,"href":"https:\/\/www.hoymercedes.com.ar\/principal\/wp-json\/wp\/v2\/comments?post=26514"}],"version-history":[{"count":0,"href":"https:\/\/www.hoymercedes.com.ar\/principal\/wp-json\/wp\/v2\/posts\/26514\/revisions"}],"wp:attachment":[{"href":"https:\/\/www.hoymercedes.com.ar\/principal\/wp-json\/wp\/v2\/media?parent=26514"}],"wp:term":[{"taxonomy":"category","embeddable":true,"href":"https:\/\/www.hoymercedes.com.ar\/principal\/wp-json\/wp\/v2\/categories?post=26514"},{"taxonomy":"post_tag","embeddable":true,"href":"https:\/\/www.hoymercedes.com.ar\/principal\/wp-json\/wp\/v2\/tags?post=26514"}],"curies":[{"name":"wp","href":"https:\/\/api.w.org\/{rel}","templated":true}]}}