{"id":2652,"date":"2011-03-08T14:55:14","date_gmt":"2011-03-08T14:55:14","guid":{"rendered":"http:\/\/www.hoymercedes.com.ar\/principal\/?p=2652"},"modified":"2011-03-08T14:55:14","modified_gmt":"2011-03-08T14:55:14","slug":"muere-un-joven-de-25-anos-tras-chocar-y-volcar-con-su-automovil","status":"publish","type":"post","link":"https:\/\/www.hoymercedes.com.ar\/principal\/2011\/03\/08\/muere-un-joven-de-25-anos-tras-chocar-y-volcar-con-su-automovil\/","title":{"rendered":"Muere un joven de 25 a\u00f1os tras chocar y volcar con su autom\u00f3vil"},"content":{"rendered":"<p>Un fatal accidente se produjo el s\u00e1bado alrededor de las 10.00 en la Ruta Nacional Nro. 5 a la altura del kil\u00f3metro 109 cuando circulaba en direcci\u00f3n a la Provincia de La Pampa un autom\u00f3vil Ford Fiesta con cinco  j\u00f3venes personas en su interior.<\/p>\n<p>De acuerdo a  la informaci\u00f3n proporcionada por voceros policiales de nuestra cuidad pro causas que son materia de investigaci\u00f3n el conductor de veh\u00edculo habr\u00eda perdido el control del mismo sali\u00e9ndose de la cinta asf\u00e1ltica impactando de manera violenta contra una alcantarilla lo cual provoc\u00f3 que al autom\u00f3vil  volcara dando varios tumbos despidiendo del mismo a uno de sus ocupantes, un joven de 25 a\u00f1os de apellido Escarceletto oriundo de Santa Rosa (Pcia. de La Pampa)  qui\u00e9n perdi\u00f3 la vida en forma instant\u00e1nea mientras que el resto de los ocupantes sufrieron heridas de diferente consideraci\u00f3n por lo cual tres de ello debieron ser derivados a centros asistenciales de mayor complejidad, al tiempo que la restante ocupante del veh\u00edculo, una mujer identificada como  Roxana Aguayo de 25 a\u00f1os solo recibi\u00f3 lesiones leves por lo cual fue dada de alta luego de recibir las curaciones de pr\u00e1ctica.<\/p>\n<p>Seg\u00fan se inform\u00f3 personal del Cuerpo de Bomberos Voluntarios de nuestra ciudad quienes fueron convocados al lugar, debieron trabajar con elementos especiales tales como expansores hidr\u00e1ulicos para poder liberar a los accidentados  que debido al fuerte impacto recibido en uno  de los laterales y  a los reiterados tumbos al volcar quedaron atrapados entre los hierros del veh\u00edculo.<\/p>\n<p>Interviene en el lamentable hecho la UFI Nro 2 del Departamento Judicial Mercedes que en principio caratul\u00f3 la causa iniciada como \u201cLesiones y Homicidio Culposo\u201d<\/p>\n<p>&nbsp;<\/p>\n","protected":false},"excerpt":{"rendered":"<p>Un fatal accidente se produjo el s\u00e1bado alrededor de las 10.00 en la Ruta Nacional Nro. 5 a la altura &#8230; <a title=\"Muere un joven de 25 a\u00f1os tras chocar y volcar con su autom\u00f3vil\" class=\"read-more\" href=\"https:\/\/www.hoymercedes.com.ar\/principal\/2011\/03\/08\/muere-un-joven-de-25-anos-tras-chocar-y-volcar-con-su-automovil\/\" aria-label=\"Leer m\u00e1s sobre Muere un joven de 25 a\u00f1os tras chocar y volcar con su autom\u00f3vil\">Leer m\u00e1s<\/a><\/p>\n","protected":false},"author":1,"featured_media":0,"comment_status":"open","ping_status":"open","sticky":false,"template":"","format":"standard","meta":{"_monsterinsights_skip_tracking":false,"_monsterinsights_sitenote_active":false,"_monsterinsights_sitenote_note":"","_monsterinsights_sitenote_category":0,"jetpack_post_was_ever_published":false,"_jetpack_newsletter_access":"","_jetpack_dont_email_post_to_subs":false,"_jetpack_newsletter_tier_id":0,"_jetpack_memberships_contains_paywalled_content":false,"_jetpack_memberships_contains_paid_content":false,"footnotes":"","jetpack_publicize_message":"","jetpack_publicize_feature_enabled":true,"jetpack_social_post_already_shared":false,"jetpack_social_options":{"image_generator_settings":{"template":"highway","default_image_id":0,"font":"","enabled":false},"version":2},"_wpas_customize_per_network":false},"categories":[8],"tags":[121,539,538],"class_list":["post-2652","post","type-post","status-publish","format-standard","hentry","category-sociedad","tag-accidente-de-transito","tag-muere-joven","tag-ruta-5","generate-columns","tablet-grid-50","mobile-grid-100","grid-parent","grid-50"],"jetpack_publicize_connections":[],"jetpack_featured_media_url":"","wps_subtitle":"","jetpack_sharing_enabled":true,"_links":{"self":[{"href":"https:\/\/www.hoymercedes.com.ar\/principal\/wp-json\/wp\/v2\/posts\/2652","targetHints":{"allow":["GET"]}}],"collection":[{"href":"https:\/\/www.hoymercedes.com.ar\/principal\/wp-json\/wp\/v2\/posts"}],"about":[{"href":"https:\/\/www.hoymercedes.com.ar\/principal\/wp-json\/wp\/v2\/types\/post"}],"author":[{"embeddable":true,"href":"https:\/\/www.hoymercedes.com.ar\/principal\/wp-json\/wp\/v2\/users\/1"}],"replies":[{"embeddable":true,"href":"https:\/\/www.hoymercedes.com.ar\/principal\/wp-json\/wp\/v2\/comments?post=2652"}],"version-history":[{"count":0,"href":"https:\/\/www.hoymercedes.com.ar\/principal\/wp-json\/wp\/v2\/posts\/2652\/revisions"}],"wp:attachment":[{"href":"https:\/\/www.hoymercedes.com.ar\/principal\/wp-json\/wp\/v2\/media?parent=2652"}],"wp:term":[{"taxonomy":"category","embeddable":true,"href":"https:\/\/www.hoymercedes.com.ar\/principal\/wp-json\/wp\/v2\/categories?post=2652"},{"taxonomy":"post_tag","embeddable":true,"href":"https:\/\/www.hoymercedes.com.ar\/principal\/wp-json\/wp\/v2\/tags?post=2652"}],"curies":[{"name":"wp","href":"https:\/\/api.w.org\/{rel}","templated":true}]}}