{"id":26525,"date":"2013-10-13T22:26:11","date_gmt":"2013-10-13T22:26:11","guid":{"rendered":"http:\/\/www.hoymercedes.com.ar\/principal\/?p=26525"},"modified":"2013-10-13T22:26:11","modified_gmt":"2013-10-13T22:26:11","slug":"mic-solicita-eco-refugio-canino","status":"publish","type":"post","link":"https:\/\/www.hoymercedes.com.ar\/principal\/2013\/10\/13\/mic-solicita-eco-refugio-canino\/","title":{"rendered":"MIC solicita Eco Refugio canino"},"content":{"rendered":"<p><img loading=\"lazy\" decoding=\"async\" data-attachment-id=\"26528\" data-permalink=\"https:\/\/www.hoymercedes.com.ar\/principal\/2013\/10\/13\/mic-solicita-eco-refugio-canino\/mic-2\/#main\" data-orig-file=\"https:\/\/www.hoymercedes.com.ar\/principal\/wp-content\/uploads\/2013\/10\/MIC.jpg\" data-orig-size=\"620,413\" data-comments-opened=\"1\" data-image-meta=\"{&quot;aperture&quot;:&quot;3.3&quot;,&quot;credit&quot;:&quot;&quot;,&quot;camera&quot;:&quot;NIKON D200&quot;,&quot;caption&quot;:&quot;&quot;,&quot;created_timestamp&quot;:&quot;1373375250&quot;,&quot;copyright&quot;:&quot;&quot;,&quot;focal_length&quot;:&quot;28&quot;,&quot;iso&quot;:&quot;400&quot;,&quot;shutter_speed&quot;:&quot;0.0125&quot;,&quot;title&quot;:&quot;&quot;}\" data-image-title=\"MIC\" data-image-description=\"\" data-image-caption=\"\" data-large-file=\"https:\/\/www.hoymercedes.com.ar\/principal\/wp-content\/uploads\/2013\/10\/MIC.jpg\" class=\"aligncenter size-full wp-image-26528\" alt=\"MIC\" src=\"https:\/\/www.hoymercedes.com.ar\/principal\/wp-content\/uploads\/2013\/10\/MIC.jpg\" width=\"620\" height=\"413\" \/><\/p>\n<p><strong><em>Este mi\u00e9rcoles 9 de octubre, el partido Mercedes Independiente Comunal (MIC), a trav\u00e9s de su representante el concejal Jos\u00e9 Cestari, present\u00f3 el Proyecto de Ordenanza para el mejoramiento del Refugio Canino Municipal, que ser\u00e1 tratado en la Sesi\u00f3n Ordinaria del HCD del pr\u00f3ximo martes 15 de octubre a partir de las 19 hs.<\/em><\/strong><\/p>\n<p>Se arrib\u00f3 a este proyecto luego de varias reuniones entre los candidatos del M.I.C y el actual Veterinario Municipal Ezequiel Mart\u00ednez Cabrio. En estos encuentros se analiz\u00f3 la factibilidad de poner en pr\u00e1ctica la creaci\u00f3n de un Refugio Modelo, que tenga en cuenta la integraci\u00f3n de la comunidad de modo que est\u00e9 al tanto de las diferentes acciones que se realizan, como campa\u00f1as de vacunaci\u00f3n y castraciones para control de la natalidad canina. Respecto ala difusi\u00f3n para el acceso a la informaci\u00f3n (El eje vertebrador del MIC es la educaci\u00f3n en toda propuesta) \u00e9sta se llevar\u00e1 a cabo a trav\u00e9s de charlas, paneles y eventos que estar\u00e1n a cargo del voluntariado y adem\u00e1s se pretende incorporar par\u00e1metros ecol\u00f3gicos al manejo del Refugio Canino.<\/p>\n<p>Este proyecto promueve la participaci\u00f3n activa de Fundaciones, O.N.Gs y agrupaciones que tengan como fin el bienestar de los animales y el mejoramiento del ambiente.<\/p>\n<p>Es el primer paso para que la comunidad pueda darse cuenta que los partidos pol\u00edticos y las instituciones deben colaborar, y trabajar en conjunto para generar soluciones a las necesidades de nuestra sociedad, considerando a la ciudad de Mercedes y sus alrededores, como un ecosistema donde ambiente personas y animales deber\u00edan llegar a convivir en equilibrio.<\/p>\n<p>Hay otros bloques pol\u00edticos, no oficialistas, que manifestaron p\u00fablicamente su apoyo a este proyecto, ahora falta el debate pol\u00edtico con los concejales selvistas para la aprobaci\u00f3n y\/o mejoramiento de este Proyecto de Eco Refugio Canino.<\/p>\n","protected":false},"excerpt":{"rendered":"<p>Este mi\u00e9rcoles 9 de octubre, el partido Mercedes Independiente Comunal (MIC), a trav\u00e9s de su representante el concejal Jos\u00e9 Cestari, &#8230; <a title=\"MIC solicita Eco Refugio canino\" class=\"read-more\" href=\"https:\/\/www.hoymercedes.com.ar\/principal\/2013\/10\/13\/mic-solicita-eco-refugio-canino\/\" aria-label=\"Leer m\u00e1s sobre MIC solicita Eco Refugio canino\">Leer m\u00e1s<\/a><\/p>\n","protected":false},"author":1,"featured_media":0,"comment_status":"open","ping_status":"open","sticky":false,"template":"","format":"standard","meta":{"_monsterinsights_skip_tracking":false,"_monsterinsights_sitenote_active":false,"_monsterinsights_sitenote_note":"","_monsterinsights_sitenote_category":0,"jetpack_post_was_ever_published":false,"_jetpack_newsletter_access":"","_jetpack_dont_email_post_to_subs":false,"_jetpack_newsletter_tier_id":0,"_jetpack_memberships_contains_paywalled_content":false,"_jetpack_memberships_contains_paid_content":false,"footnotes":"","jetpack_publicize_message":"","jetpack_publicize_feature_enabled":true,"jetpack_social_post_already_shared":true,"jetpack_social_options":{"image_generator_settings":{"template":"highway","default_image_id":0,"font":"","enabled":false},"version":2},"_wpas_customize_per_network":false},"categories":[5],"tags":[321,1956],"class_list":["post-26525","post","type-post","status-publish","format-standard","hentry","category-politica","tag-jose-cestari","tag-mic-mercedes","generate-columns","tablet-grid-50","mobile-grid-100","grid-parent","grid-50"],"jetpack_publicize_connections":[],"jetpack_featured_media_url":"","wps_subtitle":"","jetpack_sharing_enabled":true,"_links":{"self":[{"href":"https:\/\/www.hoymercedes.com.ar\/principal\/wp-json\/wp\/v2\/posts\/26525","targetHints":{"allow":["GET"]}}],"collection":[{"href":"https:\/\/www.hoymercedes.com.ar\/principal\/wp-json\/wp\/v2\/posts"}],"about":[{"href":"https:\/\/www.hoymercedes.com.ar\/principal\/wp-json\/wp\/v2\/types\/post"}],"author":[{"embeddable":true,"href":"https:\/\/www.hoymercedes.com.ar\/principal\/wp-json\/wp\/v2\/users\/1"}],"replies":[{"embeddable":true,"href":"https:\/\/www.hoymercedes.com.ar\/principal\/wp-json\/wp\/v2\/comments?post=26525"}],"version-history":[{"count":0,"href":"https:\/\/www.hoymercedes.com.ar\/principal\/wp-json\/wp\/v2\/posts\/26525\/revisions"}],"wp:attachment":[{"href":"https:\/\/www.hoymercedes.com.ar\/principal\/wp-json\/wp\/v2\/media?parent=26525"}],"wp:term":[{"taxonomy":"category","embeddable":true,"href":"https:\/\/www.hoymercedes.com.ar\/principal\/wp-json\/wp\/v2\/categories?post=26525"},{"taxonomy":"post_tag","embeddable":true,"href":"https:\/\/www.hoymercedes.com.ar\/principal\/wp-json\/wp\/v2\/tags?post=26525"}],"curies":[{"name":"wp","href":"https:\/\/api.w.org\/{rel}","templated":true}]}}