{"id":26530,"date":"2013-10-13T22:52:08","date_gmt":"2013-10-13T22:52:08","guid":{"rendered":"http:\/\/www.hoymercedes.com.ar\/principal\/?p=26530"},"modified":"2013-10-13T22:52:08","modified_gmt":"2013-10-13T22:52:08","slug":"defensoria-del-pueblo-posee-nueva-oficina-en-mercedes","status":"publish","type":"post","link":"https:\/\/www.hoymercedes.com.ar\/principal\/2013\/10\/13\/defensoria-del-pueblo-posee-nueva-oficina-en-mercedes\/","title":{"rendered":"Defensor\u00eda del Pueblo posee nueva oficina en Mercedes"},"content":{"rendered":"<p><a href=\"https:\/\/www.hoymercedes.com.ar\/principal\/wp-content\/uploads\/2013\/10\/defensoria-II.jpg\"><img loading=\"lazy\" decoding=\"async\" data-attachment-id=\"26533\" data-permalink=\"https:\/\/www.hoymercedes.com.ar\/principal\/2013\/10\/13\/defensoria-del-pueblo-posee-nueva-oficina-en-mercedes\/defensoria-ii\/#main\" data-orig-file=\"https:\/\/www.hoymercedes.com.ar\/principal\/wp-content\/uploads\/2013\/10\/defensoria-II.jpg\" data-orig-size=\"620,319\" data-comments-opened=\"1\" data-image-meta=\"{&quot;aperture&quot;:&quot;4&quot;,&quot;credit&quot;:&quot;&quot;,&quot;camera&quot;:&quot;Canon EOS REBEL T3i&quot;,&quot;caption&quot;:&quot;&quot;,&quot;created_timestamp&quot;:&quot;1381511228&quot;,&quot;copyright&quot;:&quot;&quot;,&quot;focal_length&quot;:&quot;18&quot;,&quot;iso&quot;:&quot;100&quot;,&quot;shutter_speed&quot;:&quot;0.02&quot;,&quot;title&quot;:&quot;&quot;}\" data-image-title=\"defensoria-II\" data-image-description=\"\" data-image-caption=\"\" data-large-file=\"https:\/\/www.hoymercedes.com.ar\/principal\/wp-content\/uploads\/2013\/10\/defensoria-II.jpg\" class=\"aligncenter size-full wp-image-26533\" alt=\"defensoria-II\" src=\"https:\/\/www.hoymercedes.com.ar\/principal\/wp-content\/uploads\/2013\/10\/defensoria-II.jpg\" width=\"620\" height=\"319\" \/><\/a><\/p>\n<p><strong><em>Durante la jornada de \u00e9ste viernes se llev\u00f3 a cabo la inauguraci\u00f3n de la nueva sede que est\u00e1 disponible para todos los mercedinos. Se trata de una\u00a0representaci\u00f3n del Defensor del Pueblo de la Provincia de Buenos Aires, que funcionar\u00e1 en la calle 30 (entre 27 y 29) y estar\u00e1 a cargo del doctor Fernando Florella.<\/em><\/strong><\/p>\n<p>Las gestiones fueron realizadas por el diputado provincial Alberto Espa\u00f1a y el primer candidato a concejal por el Frente Mercedino para la Victoria, Juan Ignacio Ustarroz. Los dos estuvieron en la presentaci\u00f3n de Florella, junto con el intendente de nuestra ciudad, Carlos Am\u00e9rico Selva, y el propio Defensor del Pueblo provincial, Carlos Bonicatto.<\/p>\n<p><img loading=\"lazy\" decoding=\"async\" data-attachment-id=\"26532\" data-permalink=\"https:\/\/www.hoymercedes.com.ar\/principal\/2013\/10\/13\/defensoria-del-pueblo-posee-nueva-oficina-en-mercedes\/defensoria-i\/#main\" data-orig-file=\"https:\/\/www.hoymercedes.com.ar\/principal\/wp-content\/uploads\/2013\/10\/defensoria-I.jpg\" data-orig-size=\"620,429\" data-comments-opened=\"1\" data-image-meta=\"{&quot;aperture&quot;:&quot;5.6&quot;,&quot;credit&quot;:&quot;&quot;,&quot;camera&quot;:&quot;Canon EOS REBEL T3i&quot;,&quot;caption&quot;:&quot;&quot;,&quot;created_timestamp&quot;:&quot;1381511398&quot;,&quot;copyright&quot;:&quot;&quot;,&quot;focal_length&quot;:&quot;41&quot;,&quot;iso&quot;:&quot;400&quot;,&quot;shutter_speed&quot;:&quot;0.005&quot;,&quot;title&quot;:&quot;&quot;}\" data-image-title=\"defensoria-I\" data-image-description=\"\" data-image-caption=\"\" data-large-file=\"https:\/\/www.hoymercedes.com.ar\/principal\/wp-content\/uploads\/2013\/10\/defensoria-I.jpg\" class=\"aligncenter size-full wp-image-26532\" alt=\"defensoria-I\" src=\"https:\/\/www.hoymercedes.com.ar\/principal\/wp-content\/uploads\/2013\/10\/defensoria-I.jpg\" width=\"620\" height=\"429\" \/><\/p>\n<p>El acto cont\u00f3 con la participaci\u00f3n de diversas actoridades, como el intendente Carlos Selv el candidato Juan Ustarroz y el Diputado Provincial Alberto Espa\u00f1a, adem\u00e1s de las representaciones de la oficina.<\/p>\n<p><em>\u00a0\u201cPara nosotros es un orgullo poder contar con esta nueva herramienta, sumar este aporte para los vecinos de nuestra ciudad, siempre en el marco no solo de la ampliaci\u00f3n de derechos que se desarrolla en este proyecto de pa\u00eds, sino tambi\u00e9n de la posibilidad de darle a la gente el conocimiento de esos derechos que posee\u201d<\/em>, explic\u00f3 Juan Ustarroz.<\/p>\n<p>\u201cY tambi\u00e9n es un orgullo que a cargo de esta nueva delegaci\u00f3n est\u00e9 Fernando Florella, una persona honesta, responsable y capaz\u201d, agreg\u00f3 el candidato del Frente Mercedino.<\/p>\n<p>Selva, a su turno, tambi\u00e9n celebr\u00f3 la apertura de la representaci\u00f3n del Defensor del Pueblo y elogi\u00f3 la figura del nuevo delegado, hijo del periodista Alberto Florella. Y Fernando agradeci\u00f3 <em>\u201clas gestiones de \u2018Juani\u2019 y de Alberto, la confianza que depositan en este nombramiento y la predisposici\u00f3n del intendente para tener esta oficina aqu\u00ed\u201d.<\/em><\/p>\n<p>Finalmente, Bonicatto tambi\u00e9n les agradeci\u00f3 a Espa\u00f1a y Ustarroz y salud\u00f3 que la apertura de esta nueva representaci\u00f3n coincida con una ciudad que es cabecera judicial,<em> \u201ccomo son los casos de Mar del Plata o San Nicol\u00e1s, donde existen oficinas similares\u201d.\u00a0<\/em><\/p>\n<p>\u201cEl Defensor del Pueblo \u2013resumi\u00f3 luego- es una instancia muy importante en la protecci\u00f3n de los derechos de la gente y en la preservaci\u00f3n del funcionamiento institucional\u201d.<\/p>\n<p>Seg\u00fan se presenta, el organismo promueve la defensa, promoci\u00f3n y preservaci\u00f3n de los derechos fundamentales de los habitantes de la provincia de Buenos Aires, incluyendo los de car\u00e1cter civil, pol\u00edtico, econ\u00f3mico, social y cultural. Pueden recurrir a su intervenci\u00f3n \u201ctodas las personas que habiten o se encuentren en tr\u00e1nsito\u201d por su territorio, cualquiera sea su condici\u00f3n social, sexo y edad, que se sientan afectadas por actos abusivos, arbitrarios, injustos, discriminatorios, irregulares o negligentes, entre otras cuestiones.<\/p>\n<p><span style=\"color: #888888;\">Fuente: Frente Mercedino<\/span><\/p>\n<p>&nbsp;<\/p>\n<p>Entre los temas que se pueden reclamar est\u00e1n Corrupci\u00f3n en la funci\u00f3n p\u00fablica, Defensa del Consumidor, Deficiencias de los Servicios p\u00fablicos o empresas concesionadas por el Estado, Liquidaci\u00f3n incorrecta de impuestos, tasas y tarifas, Discriminaci\u00f3n de cualquier tipo, Control de alimentos, Derecho a la educaci\u00f3n y a la salud, Contaminaci\u00f3n ambiental, Espacios verdes y v\u00eda p\u00fablica y Problemas edilicios, vecinales y de tr\u00e1nsito.<\/p>\n<p>&nbsp;<\/p>\n<p>&nbsp;<\/p>\n","protected":false},"excerpt":{"rendered":"<p>Durante la jornada de \u00e9ste viernes se llev\u00f3 a cabo la inauguraci\u00f3n de la nueva sede que est\u00e1 disponible para &#8230; <a title=\"Defensor\u00eda del Pueblo posee nueva oficina en Mercedes\" class=\"read-more\" href=\"https:\/\/www.hoymercedes.com.ar\/principal\/2013\/10\/13\/defensoria-del-pueblo-posee-nueva-oficina-en-mercedes\/\" aria-label=\"Leer m\u00e1s sobre Defensor\u00eda del Pueblo posee nueva oficina en Mercedes\">Leer m\u00e1s<\/a><\/p>\n","protected":false},"author":1,"featured_media":0,"comment_status":"open","ping_status":"open","sticky":false,"template":"","format":"standard","meta":{"_monsterinsights_skip_tracking":false,"_monsterinsights_sitenote_active":false,"_monsterinsights_sitenote_note":"","_monsterinsights_sitenote_category":0,"jetpack_post_was_ever_published":false,"_jetpack_newsletter_access":"","_jetpack_dont_email_post_to_subs":false,"_jetpack_newsletter_tier_id":0,"_jetpack_memberships_contains_paywalled_content":false,"_jetpack_memberships_contains_paid_content":false,"footnotes":"","jetpack_publicize_message":"","jetpack_publicize_feature_enabled":true,"jetpack_social_post_already_shared":true,"jetpack_social_options":{"image_generator_settings":{"template":"highway","default_image_id":0,"font":"","enabled":false},"version":2},"_wpas_customize_per_network":false},"categories":[5],"tags":[4010],"class_list":["post-26530","post","type-post","status-publish","format-standard","hentry","category-politica","tag-defensoria-del-pueblo-mercedes","generate-columns","tablet-grid-50","mobile-grid-100","grid-parent","grid-50"],"jetpack_publicize_connections":[],"jetpack_featured_media_url":"","wps_subtitle":"","jetpack_sharing_enabled":true,"_links":{"self":[{"href":"https:\/\/www.hoymercedes.com.ar\/principal\/wp-json\/wp\/v2\/posts\/26530","targetHints":{"allow":["GET"]}}],"collection":[{"href":"https:\/\/www.hoymercedes.com.ar\/principal\/wp-json\/wp\/v2\/posts"}],"about":[{"href":"https:\/\/www.hoymercedes.com.ar\/principal\/wp-json\/wp\/v2\/types\/post"}],"author":[{"embeddable":true,"href":"https:\/\/www.hoymercedes.com.ar\/principal\/wp-json\/wp\/v2\/users\/1"}],"replies":[{"embeddable":true,"href":"https:\/\/www.hoymercedes.com.ar\/principal\/wp-json\/wp\/v2\/comments?post=26530"}],"version-history":[{"count":0,"href":"https:\/\/www.hoymercedes.com.ar\/principal\/wp-json\/wp\/v2\/posts\/26530\/revisions"}],"wp:attachment":[{"href":"https:\/\/www.hoymercedes.com.ar\/principal\/wp-json\/wp\/v2\/media?parent=26530"}],"wp:term":[{"taxonomy":"category","embeddable":true,"href":"https:\/\/www.hoymercedes.com.ar\/principal\/wp-json\/wp\/v2\/categories?post=26530"},{"taxonomy":"post_tag","embeddable":true,"href":"https:\/\/www.hoymercedes.com.ar\/principal\/wp-json\/wp\/v2\/tags?post=26530"}],"curies":[{"name":"wp","href":"https:\/\/api.w.org\/{rel}","templated":true}]}}