{"id":2661,"date":"2011-03-08T15:04:08","date_gmt":"2011-03-08T15:04:08","guid":{"rendered":"http:\/\/www.hoymercedes.com.ar\/principal\/?p=2661"},"modified":"2011-03-08T15:04:08","modified_gmt":"2011-03-08T15:04:08","slug":"dia-internacional-de-la-mujer","status":"publish","type":"post","link":"https:\/\/www.hoymercedes.com.ar\/principal\/2011\/03\/08\/dia-internacional-de-la-mujer\/","title":{"rendered":"D\u00eda Internacional de la Mujer"},"content":{"rendered":"<p>El feriado de Carnaval hizo que la mayor\u00eda de los actos programados en nuestra ciudad para celebrar el D\u00eda Internacional de la Mujer se lleven a cabo partir de ma\u00f1ana cuando en realidad el d\u00eda es hoy martes 8.<\/p>\n<p>Entre lo que se llevar\u00e1 a cabo podemos citar el encuentro que se llevar\u00e1 a cabo ma\u00f1ana en las instalaciones del Complejo Ameghino Mar\u00edn que cuenta con la organizaci\u00f3n conjunta de varias entidades de nuestro medio junto con la propia municipalidad.<\/p>\n<p>La Direcci\u00f3n de Prensa, Ceremonial y Protocolo de la comuna  inform\u00f3 sobre un acto que se llevar\u00e1 a cabo este mi\u00e9rcoles expresando \u201cse trata de un encuentro que se llevar\u00e1 a cabo este mi\u00e9rcoles a partir de las 19.00 en el sal\u00f3n de actos del Ameghino Mar\u00edn que cuenta con la organizaci\u00f3n de varias entidades de nuestra ciudad como ser LALCEC, Rotary Club Mercedes, Rotary Club Mercedes Oeste, Tecpremer, Club de Leones, El Honguito, la Asociaci\u00f3n  Cooperadora de la Casa del Ni\u00f1o, CAIDIM, PanzaCrianza, Sociedad Espa\u00f1ola de Socorros Mutuos, Chelen Libros y la Biblioteca Domingo Faustino Sarmiento.<\/p>\n<p>El acto en s\u00ed se trata de un homenaje a Mar\u00eda Elena Walsh, esa mujer que tanto nos dio con sus obras musicales y literarias que hace pocas semanas nos ha dejado en lo f\u00edsico pero permanece junto a nosotros en lo afectivo y espiritual. As\u00ed que durante el acto Juan Ferrand\u00eds dar\u00e1 lectura a diferentes textos de su autor\u00eda  y M\u00f3nica Salas interpretar\u00e1 varias de sus canciones y posteriormente se proceder\u00e1 a la proyecci\u00f3n de un importante audiovisual relacionado con el D\u00eda Internacional de la Mujer\u201d.<\/p>\n<p>M\u00e1s adelante desde el municipio se destac\u00f3 la importancia que tiene organizar un acto de manera conjunta con las entidades de la ciudad agregando \u201des el primero de una serie de encuentros que a lo largo de corriente a\u00f1os vamos a estar llevando a cabo de manera conjunta\u201d.<\/p>\n<p>La Diputada Fernanda Gil Lozano otra vez en Mercedes<\/p>\n<p>&nbsp;<\/p>\n<p>Por su parte Jos\u00e9 Cestari integrante de la Coalici\u00f3n C\u00edvica Ari precis\u00f3 \u201cdesde nuestro partido estaremos haciendo el viernes venidero un acto en el Sal\u00f3n Perteneciente a la Asociaci\u00f3n de Trabajadores del Estado en la avenida 17 casi esquina 30 con la participaci\u00f3n de la Diputada Nacional Fernanda Gil Lozano qui\u00e9n como seguramente muchos recordaran ya ha visitado nuestra ciudad.<\/p>\n<p>Desde la conducci\u00f3n del partido prendemos a trav\u00e9s del cine encontrar el veh\u00edculo necesario para la denuncia y exposici\u00f3n de un tema tan complejo en nuestra sociedad como es el de la Trata de Personas en la Argentina.<\/p>\n<p>Dicho d\u00eda en primer t\u00e9rmino proyectaremos la pel\u00edcula NINA perteneciente a Sof\u00eda Vaccaro que muestra la crudeza de la trata de mujeres en nuestro pa\u00eds y las naciones lim\u00edtrofes.<\/p>\n<p>La pel\u00edcula cuenta la historia de dos adolescentes misioneras que son tentadas a viajar a Buenos Aires con una oferta de trabajo como ni\u00f1eras y terminan siendo v\u00edctimas de una pareja dedicada a la explotaci\u00f3n sexual de las j\u00f3venes.<\/p>\n<p>Concluida la proyecci\u00f3n la Diputada Gil Lozano se referir\u00e1 al tema en cuesti\u00f3n quedando abierto el debate correspondiente con preguntas de parte de todos los asistentes\u201d.<\/p>\n<p>&nbsp;<\/p>\n<p>Por \u00faltimo tambi\u00e9n podemos decir que en la Plaza San Mart\u00edn hoy martes 8 a partir de las 18.00 con la organizaci\u00f3n del Movimiento Proyecto Sur Mercedes  se llevar\u00e1  a cabo un debate abierto en el marco del D\u00eda Internacional de la Mujer que ha sido denominado Mujer Bonita es la que lucha efectu\u00e1ndose un a radio abierta donde los participantes podr\u00e1n opinar acerca de temas relacionados con la mujer como ser violencia contra la mujer, redes de trata, anticonceptivos para no abortar y aborto legal para no morir.<\/p>\n<p>Adem\u00e1s se tiene previsto la realizaci\u00f3n de exposiciones art\u00edsticas y de elementos informativos y de concientizaci\u00f3n.<\/p>\n<p>&nbsp;<\/p>\n","protected":false},"excerpt":{"rendered":"<p>El feriado de Carnaval hizo que la mayor\u00eda de los actos programados en nuestra ciudad para celebrar el D\u00eda Internacional &#8230; <a title=\"D\u00eda Internacional de la Mujer\" class=\"read-more\" href=\"https:\/\/www.hoymercedes.com.ar\/principal\/2011\/03\/08\/dia-internacional-de-la-mujer\/\" aria-label=\"Leer m\u00e1s sobre D\u00eda Internacional de la Mujer\">Leer m\u00e1s<\/a><\/p>\n","protected":false},"author":1,"featured_media":0,"comment_status":"open","ping_status":"open","sticky":false,"template":"","format":"standard","meta":{"_monsterinsights_skip_tracking":false,"_monsterinsights_sitenote_active":false,"_monsterinsights_sitenote_note":"","_monsterinsights_sitenote_category":0,"jetpack_post_was_ever_published":false,"_jetpack_newsletter_access":"","_jetpack_dont_email_post_to_subs":false,"_jetpack_newsletter_tier_id":0,"_jetpack_memberships_contains_paywalled_content":false,"_jetpack_memberships_contains_paid_content":false,"footnotes":"","jetpack_publicize_message":"","jetpack_publicize_feature_enabled":true,"jetpack_social_post_already_shared":false,"jetpack_social_options":{"image_generator_settings":{"template":"highway","default_image_id":0,"font":"","enabled":false},"version":2},"_wpas_customize_per_network":false},"categories":[8],"tags":[541],"class_list":["post-2661","post","type-post","status-publish","format-standard","hentry","category-sociedad","tag-dia-internacional-de-la-mujer","generate-columns","tablet-grid-50","mobile-grid-100","grid-parent","grid-50"],"jetpack_publicize_connections":[],"jetpack_featured_media_url":"","wps_subtitle":"","jetpack_sharing_enabled":true,"_links":{"self":[{"href":"https:\/\/www.hoymercedes.com.ar\/principal\/wp-json\/wp\/v2\/posts\/2661","targetHints":{"allow":["GET"]}}],"collection":[{"href":"https:\/\/www.hoymercedes.com.ar\/principal\/wp-json\/wp\/v2\/posts"}],"about":[{"href":"https:\/\/www.hoymercedes.com.ar\/principal\/wp-json\/wp\/v2\/types\/post"}],"author":[{"embeddable":true,"href":"https:\/\/www.hoymercedes.com.ar\/principal\/wp-json\/wp\/v2\/users\/1"}],"replies":[{"embeddable":true,"href":"https:\/\/www.hoymercedes.com.ar\/principal\/wp-json\/wp\/v2\/comments?post=2661"}],"version-history":[{"count":0,"href":"https:\/\/www.hoymercedes.com.ar\/principal\/wp-json\/wp\/v2\/posts\/2661\/revisions"}],"wp:attachment":[{"href":"https:\/\/www.hoymercedes.com.ar\/principal\/wp-json\/wp\/v2\/media?parent=2661"}],"wp:term":[{"taxonomy":"category","embeddable":true,"href":"https:\/\/www.hoymercedes.com.ar\/principal\/wp-json\/wp\/v2\/categories?post=2661"},{"taxonomy":"post_tag","embeddable":true,"href":"https:\/\/www.hoymercedes.com.ar\/principal\/wp-json\/wp\/v2\/tags?post=2661"}],"curies":[{"name":"wp","href":"https:\/\/api.w.org\/{rel}","templated":true}]}}