{"id":26627,"date":"2013-10-16T12:52:24","date_gmt":"2013-10-16T12:52:24","guid":{"rendered":"http:\/\/www.hoymercedes.com.ar\/principal\/?p=26627"},"modified":"2013-10-16T12:52:24","modified_gmt":"2013-10-16T12:52:24","slug":"se-realizo-el-primer-encuentro-regional-del-cultura-bonaerense","status":"publish","type":"post","link":"https:\/\/www.hoymercedes.com.ar\/principal\/2013\/10\/16\/se-realizo-el-primer-encuentro-regional-del-cultura-bonaerense\/","title":{"rendered":"Se realiz\u00f3 el \u00abPrimer Encuentro Regional del Cultura Bonaerense\u00bb"},"content":{"rendered":"<p><a href=\"https:\/\/www.hoymercedes.com.ar\/principal\/wp-content\/uploads\/2013\/10\/encuentrocultural.jpg\"><img loading=\"lazy\" decoding=\"async\" data-attachment-id=\"26629\" data-permalink=\"https:\/\/www.hoymercedes.com.ar\/principal\/2013\/10\/16\/se-realizo-el-primer-encuentro-regional-del-cultura-bonaerense\/encuentrocultural\/#main\" data-orig-file=\"https:\/\/www.hoymercedes.com.ar\/principal\/wp-content\/uploads\/2013\/10\/encuentrocultural.jpg\" data-orig-size=\"620,413\" data-comments-opened=\"1\" data-image-meta=\"{&quot;aperture&quot;:&quot;3.5&quot;,&quot;credit&quot;:&quot;&quot;,&quot;camera&quot;:&quot;NIKON D3100&quot;,&quot;caption&quot;:&quot;&quot;,&quot;created_timestamp&quot;:&quot;1381529094&quot;,&quot;copyright&quot;:&quot;&quot;,&quot;focal_length&quot;:&quot;18&quot;,&quot;iso&quot;:&quot;3200&quot;,&quot;shutter_speed&quot;:&quot;0.016666666666667&quot;,&quot;title&quot;:&quot;&quot;}\" data-image-title=\"encuentrocultural\" data-image-description=\"\" data-image-caption=\"\" data-large-file=\"https:\/\/www.hoymercedes.com.ar\/principal\/wp-content\/uploads\/2013\/10\/encuentrocultural.jpg\" class=\"aligncenter size-full wp-image-26629\" alt=\"encuentrocultural\" src=\"https:\/\/www.hoymercedes.com.ar\/principal\/wp-content\/uploads\/2013\/10\/encuentrocultural.jpg\" width=\"620\" height=\"413\" \/><\/a><\/p>\n<p>&nbsp;<\/p>\n<p>&nbsp;<\/p>\n<p><strong><em>\u00abEste Foro dio inicio a una serie de encuentros, desde el campo pol\u00edtico para la participaci\u00f3n militante y ciudadana, en la elaboraci\u00f3n de l\u00edneas de acci\u00f3n en el \u00e1rea cultural para los pr\u00f3ximos a\u00f1os\u00bb<\/em>, remarcaron desde la organizaci\u00f3n.\u00a0<\/strong><\/p>\n<p>Durante el mismo se cre\u00f3 un \u00e1mbito de escucha en el que la creatividad popular nutri\u00f3 de ideas y propuestas a los l\u00edderes y funcionarios que deber\u00e1n darle el marco normativo, t\u00e9cnico y presupuestario para llevarlas adelante.<\/p>\n<p><em>\u00abResult\u00f3 ser un espacio democr\u00e1tico, que se repetir\u00e1 regularmente para ajustar los programas y proyectos en marcha y seguir recibiendo las ideas de los protagonistas del campo cultural. Este Encuentro se enmarca dentro de los debates que genera el Frente Renovador abierto a la sociedad de los distritos participantes y el puntapi\u00e9 inicial lo dio Mercedes y as\u00ed se ir\u00e1n sucediendo en otras localidades, como por ejemplo en el mes de noviembre en la ciudad de Miramar.\u00bb<\/em>, comentaron.<\/p>\n<p>Varios fueron las comunas que adhirieron a la convocatoria, tales como Tigre, San Fernando, Vicente L\u00f3pez, Pilar, Escobar, Olavarr\u00eda, San Mart\u00edn, Hurlingham, Moreno, Luj\u00e1n, S.A. de Giles, Almirante Brown, Mercedes, Jun\u00edn en esta primera instancia a trav\u00e9s de sus secretarios, directores y coordinadores de cultura, quienes luego de compartir una muestra pict\u00f3rica y algo de m\u00fasica y pl\u00e1stica en la Plaza San Mart\u00edn, se reunieron para debatir algunos puntos centrales que preocupan hoy en el \u00e1mbito de la provincia de Buenos Aires y que repercuten en el quehacer diario de los municipios, a la hora de poder desarrollar pol\u00edticas culturales que durante un tiempo funcionaron muy bien y que en la actualidad no cumplen con las necesidades requeridas.<\/p>\n<p>Sobre el final del encuentro, acompa\u00f1\u00f3 a los municipios presentes, el Intendente Municipal Carlos Selva, quien estuvo acompa\u00f1ado por el primer candidato del frente local, Ricardo Bozzini, quien escuch\u00f3 atentamente algunos de los puntos que se debatieron, surgiendo de este foro que <em>\u201cla idea central de este primer encuentro es dar el puntapi\u00e9 inicial a un debate que los municipios se merecen de ac\u00e1 a los pr\u00f3ximos a\u00f1os. No fueron puntos definitivos que se quieren aplicar, son ideas y realidades que se viven y que deben mejorar. Muchas de ellas en vigencia, pero que deben ser revitalizadas, manteniendo una idea de regionalizaci\u00f3n, con renovaci\u00f3n y capacidad de gesti\u00f3n\u201d.<\/em><\/p>\n<p>Para cerrar el encuentro, Carlos Selva dijo que estas ideas ser\u00e1n <em>\u201cplanteadas en la mesa de reuniones con los dirigentes del Frente. Nos hace muy bien debatir sobre el futuro que se nos avecina y hay cosas que indefectiblemente tienen que cambiar, cosas que fueron pensadas y realizadas pero con poca perdurabilidad y sanamente desde la Cultura en este caso, como en otros \u00e1mbitos, el frente debe trabajar as\u00ed, con debate y una direcci\u00f3n de ideas que surjan desde todos los municipios de la provincia de Bs As\u201d.<\/em><\/p>\n","protected":false},"excerpt":{"rendered":"<p>&nbsp; &nbsp; \u00abEste Foro dio inicio a una serie de encuentros, desde el campo pol\u00edtico para la participaci\u00f3n militante y &#8230; <a title=\"Se realiz\u00f3 el \u00abPrimer Encuentro Regional del Cultura Bonaerense\u00bb\" class=\"read-more\" href=\"https:\/\/www.hoymercedes.com.ar\/principal\/2013\/10\/16\/se-realizo-el-primer-encuentro-regional-del-cultura-bonaerense\/\" aria-label=\"Leer m\u00e1s sobre Se realiz\u00f3 el \u00abPrimer Encuentro Regional del Cultura Bonaerense\u00bb\">Leer m\u00e1s<\/a><\/p>\n","protected":false},"author":1,"featured_media":0,"comment_status":"open","ping_status":"open","sticky":false,"template":"","format":"standard","meta":{"_monsterinsights_skip_tracking":false,"_monsterinsights_sitenote_active":false,"_monsterinsights_sitenote_note":"","_monsterinsights_sitenote_category":0,"jetpack_post_was_ever_published":false,"_jetpack_newsletter_access":"","_jetpack_dont_email_post_to_subs":false,"_jetpack_newsletter_tier_id":0,"_jetpack_memberships_contains_paywalled_content":false,"_jetpack_memberships_contains_paid_content":false,"footnotes":"","jetpack_publicize_message":"","jetpack_publicize_feature_enabled":true,"jetpack_social_post_already_shared":true,"jetpack_social_options":{"image_generator_settings":{"template":"highway","default_image_id":0,"font":"","enabled":false},"version":2},"_wpas_customize_per_network":false},"categories":[5],"tags":[4038],"class_list":["post-26627","post","type-post","status-publish","format-standard","hentry","category-politica","tag-primer-encuentro-regional-del-cultura-bonaerense","generate-columns","tablet-grid-50","mobile-grid-100","grid-parent","grid-50"],"jetpack_publicize_connections":[],"jetpack_featured_media_url":"","wps_subtitle":"","jetpack_sharing_enabled":true,"_links":{"self":[{"href":"https:\/\/www.hoymercedes.com.ar\/principal\/wp-json\/wp\/v2\/posts\/26627","targetHints":{"allow":["GET"]}}],"collection":[{"href":"https:\/\/www.hoymercedes.com.ar\/principal\/wp-json\/wp\/v2\/posts"}],"about":[{"href":"https:\/\/www.hoymercedes.com.ar\/principal\/wp-json\/wp\/v2\/types\/post"}],"author":[{"embeddable":true,"href":"https:\/\/www.hoymercedes.com.ar\/principal\/wp-json\/wp\/v2\/users\/1"}],"replies":[{"embeddable":true,"href":"https:\/\/www.hoymercedes.com.ar\/principal\/wp-json\/wp\/v2\/comments?post=26627"}],"version-history":[{"count":0,"href":"https:\/\/www.hoymercedes.com.ar\/principal\/wp-json\/wp\/v2\/posts\/26627\/revisions"}],"wp:attachment":[{"href":"https:\/\/www.hoymercedes.com.ar\/principal\/wp-json\/wp\/v2\/media?parent=26627"}],"wp:term":[{"taxonomy":"category","embeddable":true,"href":"https:\/\/www.hoymercedes.com.ar\/principal\/wp-json\/wp\/v2\/categories?post=26627"},{"taxonomy":"post_tag","embeddable":true,"href":"https:\/\/www.hoymercedes.com.ar\/principal\/wp-json\/wp\/v2\/tags?post=26627"}],"curies":[{"name":"wp","href":"https:\/\/api.w.org\/{rel}","templated":true}]}}