{"id":26652,"date":"2013-10-17T14:11:24","date_gmt":"2013-10-17T14:11:24","guid":{"rendered":"http:\/\/www.hoymercedes.com.ar\/principal\/?p=26652"},"modified":"2013-10-18T02:52:27","modified_gmt":"2013-10-18T02:52:27","slug":"peirano-y-lavanga-economistas-de-massa-disertaron-en-mercedes","status":"publish","type":"post","link":"https:\/\/www.hoymercedes.com.ar\/principal\/2013\/10\/17\/peirano-y-lavanga-economistas-de-massa-disertaron-en-mercedes\/","title":{"rendered":"Peirano y Lavagna, economistas de Massa disertaron en Mercedes"},"content":{"rendered":"<p><a href=\"https:\/\/www.hoymercedes.com.ar\/principal\/wp-content\/uploads\/2013\/10\/PeiranoMercedesAnus.jpg\"><img loading=\"lazy\" decoding=\"async\" data-attachment-id=\"26654\" data-permalink=\"https:\/\/www.hoymercedes.com.ar\/principal\/2013\/10\/17\/peirano-y-lavanga-economistas-de-massa-disertaron-en-mercedes\/peiranomercedesanus\/#main\" data-orig-file=\"https:\/\/www.hoymercedes.com.ar\/principal\/wp-content\/uploads\/2013\/10\/PeiranoMercedesAnus.jpg\" data-orig-size=\"620,192\" data-comments-opened=\"1\" data-image-meta=\"{&quot;aperture&quot;:&quot;4.8&quot;,&quot;credit&quot;:&quot;&quot;,&quot;camera&quot;:&quot;NIKON D3100&quot;,&quot;caption&quot;:&quot;&quot;,&quot;created_timestamp&quot;:&quot;1381629460&quot;,&quot;copyright&quot;:&quot;&quot;,&quot;focal_length&quot;:&quot;32&quot;,&quot;iso&quot;:&quot;800&quot;,&quot;shutter_speed&quot;:&quot;0.016666666666667&quot;,&quot;title&quot;:&quot;&quot;}\" data-image-title=\"PeiranoMercedesAnus\" data-image-description=\"\" data-image-caption=\"\" data-large-file=\"https:\/\/www.hoymercedes.com.ar\/principal\/wp-content\/uploads\/2013\/10\/PeiranoMercedesAnus.jpg\" class=\"aligncenter size-full wp-image-26654\" alt=\"PeiranoMercedesAnus\" src=\"https:\/\/www.hoymercedes.com.ar\/principal\/wp-content\/uploads\/2013\/10\/PeiranoMercedesAnus.jpg\" width=\"620\" height=\"192\" \/><\/a><\/p>\n<p><em><strong>Uno de los economistas de Sergio Massa, Miguel Peirano, disert\u00f3 en Mercedes sobre \u201cLos desaf\u00edos de la econom\u00eda\u201d ante la presencia de numeroso p\u00fablico y con la hospitalidad del intendente Carlos Selva, quien estuvo acompa\u00f1ado de los candidatos locales Ricardo Bozzini y Juan Navarro.<\/strong><\/em><\/p>\n<p>Miguel Peirano integra, junto a Mart\u00edn Redrado y Ricardo Delgado, el tridente econ\u00f3mico que asesora al candidato a diputado Sergio Massa en cuestiones econ\u00f3micas. En Mercedes estuvo acompa\u00f1ado por Marcos Lavagna y dieron una charla por dem\u00e1s de interesante sobre los desaf\u00edos que tiene la econom\u00eda argentina en la actualidad.<\/p>\n<p>El auditorio que se dio en Casa An\u00fas fue muy variado, ya que hubo autoridades legislativas locales, militantes, candidatos del Frente Renovador y adem\u00e1s comerciantes y empresarios de la ciudad que se sumaron a la invitaci\u00f3n realizada desde la organizaci\u00f3n del Frente Renovador, que tiene a Carlos Selva como su conductor.<\/p>\n<p>Marcos Lavagna le dio comienzo a la jornada con la proyecci\u00f3n de un power point donde dejaba en claro cu\u00e1les son los ejes de trabajo del equipo econ\u00f3mico de Massa de cara a lo que se viene despu\u00e9s de las elecciones de octubre. Inflaci\u00f3n, d\u00f3lar, consumo e inversi\u00f3n son los puntales b\u00e1sicos que hacen que \u201cla econom\u00eda hoy est\u00e9 frenada\u201d, seg\u00fan explicaron en Mercedes los economistas.<br \/>\nLuego fue momento para charlar con la gente y Peirano ampli\u00f3 su visi\u00f3n de lo que pasa en la econom\u00eda argentina. <em>\u201cTodav\u00eda existen enormes oportunidades y m\u00e1rgenes de maniobra para la econom\u00eda, que permiten vislumbrar un escenario futuro con optimismo. Para ello, hay que encarar los desaf\u00edos y ordenar la pol\u00edtica econ\u00f3mica. Dentro de los desaf\u00edos, y as\u00ed lo creemos en el Frente Renovador, el inflacionario es uno de los m\u00e1s urgentes. La inflaci\u00f3n afecta el poder adquisitivo, la inversi\u00f3n y la competitividad. Es una se\u00f1al de desequilibrio macroecon\u00f3mico y tambi\u00e9n sectorial que debe ser encarado. Una parte de las tensiones inflacionarias responden a inadecuadas pol\u00edticas para el agro o la industria que, si son encaradas, pueden cambiar las expectativas en el corto plazo\u201d<\/em>, sostuvo Peirano en el transcurso de la charla que se dio en Casa An\u00fas.<\/p>\n<p>Vale recordar que \u00e9stas no son propuestas lanzadas as\u00ed porque s\u00ed en medio de la campa\u00f1a electoral, sino que muchas de ellas son ya proyectos de ley. <em>\u201cEliminar el Impuesto a las Ganancias a los salarios mensuales de 15.000 pesos en el caso de los trabajadores casados y de 10.700 en el caso de los solteros; generar mecanismos de incentivo para la reinversi\u00f3n de las peque\u00f1as y medianas empresas, permitiendo desgravar las compras de bienes de capital del Impuesto a las Ganancias; elevar los topes para los monotributistas, dado que la falta de actualizaci\u00f3n genera problemas importantes y gravar la renta financiera para las compraventas burs\u00e1tiles menores a un a\u00f1o y las colocaciones financieras<\/em>\u201d, record\u00f3 Peirano.<\/p>\n<p>Sobre el final el intendente Selva dej\u00f3 una sensaci\u00f3n sobre lo que fue el encuentro con los economistas de Sergio Massa. <em>\u201cCuando decimos que se trata de un proyecto m\u00e1s all\u00e1 de la coyuntura electoral nos referimos a esto. Las medidas econ\u00f3micas estipuladas y el an\u00e1lisis que se hace de la situaci\u00f3n es de un equipo de trabajo que piensa en lo que necesita el pa\u00eds en los pr\u00f3ximos a\u00f1os. Por eso creemos fuertemente en la figura de Sergio y de este Frente Renovador porque pensamos en el futuro del pa\u00eds, la provincia y por supuesto la ciudad. Ese futuro en la ciudad lo garantizamos nosotros con mi gesti\u00f3n y el acompa\u00f1amiento de concejales como va a ser Ricardo Bozzini\u201d,<\/em> dijo el primer mandatario.<\/p>\n<p><span style=\"color: #888888;\">Fuente: Prensa Frente Renovador<\/span><\/p>\n","protected":false},"excerpt":{"rendered":"<p>Uno de los economistas de Sergio Massa, Miguel Peirano, disert\u00f3 en Mercedes sobre \u201cLos desaf\u00edos de la econom\u00eda\u201d ante la &#8230; <a title=\"Peirano y Lavagna, economistas de Massa disertaron en Mercedes\" class=\"read-more\" href=\"https:\/\/www.hoymercedes.com.ar\/principal\/2013\/10\/17\/peirano-y-lavanga-economistas-de-massa-disertaron-en-mercedes\/\" aria-label=\"Leer m\u00e1s sobre Peirano y Lavagna, economistas de Massa disertaron en Mercedes\">Leer m\u00e1s<\/a><\/p>\n","protected":false},"author":1,"featured_media":0,"comment_status":"open","ping_status":"open","sticky":false,"template":"","format":"standard","meta":{"_monsterinsights_skip_tracking":false,"_monsterinsights_sitenote_active":false,"_monsterinsights_sitenote_note":"","_monsterinsights_sitenote_category":0,"jetpack_post_was_ever_published":false,"_jetpack_newsletter_access":"","_jetpack_dont_email_post_to_subs":false,"_jetpack_newsletter_tier_id":0,"_jetpack_memberships_contains_paywalled_content":false,"_jetpack_memberships_contains_paid_content":false,"footnotes":"","jetpack_publicize_message":"","jetpack_publicize_feature_enabled":true,"jetpack_social_post_already_shared":true,"jetpack_social_options":{"image_generator_settings":{"template":"highway","default_image_id":0,"font":"","enabled":false},"version":2},"_wpas_customize_per_network":false},"categories":[5],"tags":[4050,4049],"class_list":["post-26652","post","type-post","status-publish","format-standard","hentry","category-politica","tag-economistas-de-massa-disertaron-en-mercedes","tag-peirano-y-lavanga","generate-columns","tablet-grid-50","mobile-grid-100","grid-parent","grid-50"],"jetpack_publicize_connections":[],"jetpack_featured_media_url":"","wps_subtitle":"","jetpack_sharing_enabled":true,"_links":{"self":[{"href":"https:\/\/www.hoymercedes.com.ar\/principal\/wp-json\/wp\/v2\/posts\/26652","targetHints":{"allow":["GET"]}}],"collection":[{"href":"https:\/\/www.hoymercedes.com.ar\/principal\/wp-json\/wp\/v2\/posts"}],"about":[{"href":"https:\/\/www.hoymercedes.com.ar\/principal\/wp-json\/wp\/v2\/types\/post"}],"author":[{"embeddable":true,"href":"https:\/\/www.hoymercedes.com.ar\/principal\/wp-json\/wp\/v2\/users\/1"}],"replies":[{"embeddable":true,"href":"https:\/\/www.hoymercedes.com.ar\/principal\/wp-json\/wp\/v2\/comments?post=26652"}],"version-history":[{"count":0,"href":"https:\/\/www.hoymercedes.com.ar\/principal\/wp-json\/wp\/v2\/posts\/26652\/revisions"}],"wp:attachment":[{"href":"https:\/\/www.hoymercedes.com.ar\/principal\/wp-json\/wp\/v2\/media?parent=26652"}],"wp:term":[{"taxonomy":"category","embeddable":true,"href":"https:\/\/www.hoymercedes.com.ar\/principal\/wp-json\/wp\/v2\/categories?post=26652"},{"taxonomy":"post_tag","embeddable":true,"href":"https:\/\/www.hoymercedes.com.ar\/principal\/wp-json\/wp\/v2\/tags?post=26652"}],"curies":[{"name":"wp","href":"https:\/\/api.w.org\/{rel}","templated":true}]}}