{"id":26668,"date":"2013-10-18T02:50:48","date_gmt":"2013-10-18T02:50:48","guid":{"rendered":"http:\/\/www.hoymercedes.com.ar\/principal\/?p=26668"},"modified":"2013-10-18T02:50:48","modified_gmt":"2013-10-18T02:50:48","slug":"selva-estamos-a-diez-dias-de-lograr-un-nuevo-triunfo-y-todo-depende-de-nosotros","status":"publish","type":"post","link":"https:\/\/www.hoymercedes.com.ar\/principal\/2013\/10\/18\/selva-estamos-a-diez-dias-de-lograr-un-nuevo-triunfo-y-todo-depende-de-nosotros\/","title":{"rendered":"Selva: \u201cEstamos a diez d\u00edas de lograr un nuevo triunfo y todo depende de nosotros\u201d"},"content":{"rendered":"<p><a href=\"https:\/\/www.hoymercedes.com.ar\/principal\/wp-content\/uploads\/2013\/10\/frenterenovador-dialealtad-I.jpg\"><img loading=\"lazy\" decoding=\"async\" data-attachment-id=\"26670\" data-permalink=\"https:\/\/www.hoymercedes.com.ar\/principal\/2013\/10\/18\/selva-estamos-a-diez-dias-de-lograr-un-nuevo-triunfo-y-todo-depende-de-nosotros\/frenterenovador-dialealtad-i\/#main\" data-orig-file=\"https:\/\/www.hoymercedes.com.ar\/principal\/wp-content\/uploads\/2013\/10\/frenterenovador-dialealtad-I.jpg\" data-orig-size=\"620,320\" data-comments-opened=\"1\" data-image-meta=\"{&quot;aperture&quot;:&quot;3.5&quot;,&quot;credit&quot;:&quot;&quot;,&quot;camera&quot;:&quot;NIKON D3100&quot;,&quot;caption&quot;:&quot;&quot;,&quot;created_timestamp&quot;:&quot;1381718823&quot;,&quot;copyright&quot;:&quot;&quot;,&quot;focal_length&quot;:&quot;18&quot;,&quot;iso&quot;:&quot;3200&quot;,&quot;shutter_speed&quot;:&quot;0.016666666666667&quot;,&quot;title&quot;:&quot;&quot;}\" data-image-title=\"frenterenovador-dialealtad-I\" data-image-description=\"\" data-image-caption=\"\" data-large-file=\"https:\/\/www.hoymercedes.com.ar\/principal\/wp-content\/uploads\/2013\/10\/frenterenovador-dialealtad-I.jpg\" class=\"aligncenter size-full wp-image-26670\" alt=\"frenterenovador-dialealtad-I\" src=\"https:\/\/www.hoymercedes.com.ar\/principal\/wp-content\/uploads\/2013\/10\/frenterenovador-dialealtad-I.jpg\" width=\"620\" height=\"320\" \/><\/a> <a href=\"https:\/\/www.hoymercedes.com.ar\/principal\/wp-content\/uploads\/2013\/10\/frenterenovador-dialealtad-II.jpg\"><img loading=\"lazy\" decoding=\"async\" data-attachment-id=\"26671\" data-permalink=\"https:\/\/www.hoymercedes.com.ar\/principal\/2013\/10\/18\/selva-estamos-a-diez-dias-de-lograr-un-nuevo-triunfo-y-todo-depende-de-nosotros\/frenterenovador-dialealtad-ii\/#main\" data-orig-file=\"https:\/\/www.hoymercedes.com.ar\/principal\/wp-content\/uploads\/2013\/10\/frenterenovador-dialealtad-II.jpg\" data-orig-size=\"620,413\" data-comments-opened=\"1\" data-image-meta=\"{&quot;aperture&quot;:&quot;4.8&quot;,&quot;credit&quot;:&quot;&quot;,&quot;camera&quot;:&quot;NIKON D3100&quot;,&quot;caption&quot;:&quot;&quot;,&quot;created_timestamp&quot;:&quot;1381720494&quot;,&quot;copyright&quot;:&quot;&quot;,&quot;focal_length&quot;:&quot;32&quot;,&quot;iso&quot;:&quot;3200&quot;,&quot;shutter_speed&quot;:&quot;0.016666666666667&quot;,&quot;title&quot;:&quot;&quot;}\" data-image-title=\"frenterenovador-dialealtad-II\" data-image-description=\"\" data-image-caption=\"\" data-large-file=\"https:\/\/www.hoymercedes.com.ar\/principal\/wp-content\/uploads\/2013\/10\/frenterenovador-dialealtad-II.jpg\" class=\"aligncenter size-full wp-image-26671\" alt=\"frenterenovador-dialealtad-II\" src=\"https:\/\/www.hoymercedes.com.ar\/principal\/wp-content\/uploads\/2013\/10\/frenterenovador-dialealtad-II.jpg\" width=\"620\" height=\"413\" \/><\/a><\/p>\n<p><strong><em>El Frente Renovador conmemor\u00f3 el D\u00eda de la Lealtad con una multitudinaria convocatoria en la sede del Partido Justicialista con la presencia del intendente Carlos Selva y los candidatos Ricardo Bozzini y Juan Carolos Ben\u00edtez entre otros.<\/em><\/strong><\/p>\n<p>All\u00ed las agrupaciones Unidad y Lealtad y 17 de octubre conjugaron sus fuerzas para darle un destacado marco a esta fecha emblem\u00e1tica para el movimiento peronista. Carlos Selva, Ricardo Bozzini, Juan Carlos Ben\u00edtez y el sindicalista Jorge Russi presidieron el acto en la sede partidaria de avenida 29.<\/p>\n<p>Se proyect\u00f3 un video sobre la gesta hist\u00f3rica del pueblo peronista aquel 17 de octubre de 1945 y luego fue momento para que se dirigieran a los presentes figuras hist\u00f3ricas del peronismo local o familiares directos como son los casos de Jorge Oviedo, la familia Regueiro o Susana Siri. Tambi\u00e9n fue momento para la entrega de distinciones para militantes de siempre en este movimiento que es el peronismo, todos ellos representados hoy en el frente Renovador.<\/p>\n<p>Luego fue el momento de las palabras y el que abri\u00f3 el fuego fue Ricardo Bozzini, quien destac\u00f3 la figura de Regueiro en la etapa previa a la dictadura militar y adem\u00e1s lanz\u00f3 una apuesta al futuro con el Frente Renovador. <em>\u201cEsto es parte un proyecto con una base esencialmente peronista, que decidi\u00f3 enfrentar a un tren de frente con convicci\u00f3n de que teneos que hacer un pa\u00eds mejor\u201d<\/em>, dijo.<\/p>\n<p>Jorge Russi, integrante de la comisi\u00f3n directiva de la Asociaci\u00f3n Obrera Textil a nivel nacional, tambi\u00e9n ofreci\u00f3 unas palabras a los militantes all\u00ed reunidos. <em>\u201cTuve varias invitaciones para conmemorar este d\u00eda, pero decid\u00ed venir ac\u00e1 porque ac\u00e1 se vive y se siente el peronismo. Hay algunos que son peronistas el 29 \u00f3 30 de cada mes cuando van a cobrar y de eso la gente ya se est\u00e1 dando cuenta<\/em>\u201d, dijo el sindicalista textil.<\/p>\n<p>Ben\u00edtez tambi\u00e9n tom\u00f3 la palabra y record\u00f3 a viejos militantes peronistas, pero en un momento de su discurso destac\u00f3 el trabajo militante del presente. <em>\u201cUno ve a Sabrina Selva, Yanina Oviedo o Lasala recorriendo los barrios y trabajando para esta elecci\u00f3n y ve all\u00ed como se perpetua la sangre peronista\u201d<\/em>, dijo.<\/p>\n<p>Por \u00faltimo tom\u00f3 la palabra el presidente del Partido Justicialista e intendente Carlos Selva. En su discurso record\u00f3 a dirigentes como Carlos Etcheh\u00fan, Julio Gioscio e hizo referencia al recientemente fallecido sindicalista Jos\u00e9 Luis Palacios. Adem\u00e1s hizo un llamado a la militancia del Frente Renovador de cara a las elecciones del 27. <em>\u201cEstamos a diez d\u00edas de lograr un nuevo triunfo en las elecciones. Todo depende de nosotros, de lo que hagamos en estos diez d\u00edas; debemos tomar la calle y hacer conocer nuestras propuestas; charlar con los vecinos y llegarle a todo el mundo. Por eso en el D\u00eda de la Lealtad, vengo a pedir compromiso de todos para poder ir por una nueva victoria el pr\u00f3ximo domingo 27. Los ojos est\u00e1n puestos en lo que pase en Mercedes<\/em>\u201d, afirm\u00f3 el primer mandatario.<\/p>\n<p>Para el final qued\u00f3 la infaltable marcha peronista que fue interpretada con pasi\u00f3n por los presentes<\/p>\n","protected":false},"excerpt":{"rendered":"<p>El Frente Renovador conmemor\u00f3 el D\u00eda de la Lealtad con una multitudinaria convocatoria en la sede del Partido Justicialista con &#8230; <a title=\"Selva: \u201cEstamos a diez d\u00edas de lograr un nuevo triunfo y todo depende de nosotros\u201d\" class=\"read-more\" href=\"https:\/\/www.hoymercedes.com.ar\/principal\/2013\/10\/18\/selva-estamos-a-diez-dias-de-lograr-un-nuevo-triunfo-y-todo-depende-de-nosotros\/\" aria-label=\"Leer m\u00e1s sobre Selva: \u201cEstamos a diez d\u00edas de lograr un nuevo triunfo y todo depende de nosotros\u201d\">Leer m\u00e1s<\/a><\/p>\n","protected":false},"author":1,"featured_media":0,"comment_status":"open","ping_status":"open","sticky":false,"template":"","format":"standard","meta":{"_monsterinsights_skip_tracking":false,"_monsterinsights_sitenote_active":false,"_monsterinsights_sitenote_note":"","_monsterinsights_sitenote_category":0,"jetpack_post_was_ever_published":false,"_jetpack_newsletter_access":"","_jetpack_dont_email_post_to_subs":false,"_jetpack_newsletter_tier_id":0,"_jetpack_memberships_contains_paywalled_content":false,"_jetpack_memberships_contains_paid_content":false,"footnotes":"","jetpack_publicize_message":"","jetpack_publicize_feature_enabled":true,"jetpack_social_post_already_shared":true,"jetpack_social_options":{"image_generator_settings":{"template":"highway","default_image_id":0,"font":"","enabled":false},"version":2},"_wpas_customize_per_network":false},"categories":[5],"tags":[3537,18],"class_list":["post-26668","post","type-post","status-publish","format-standard","hentry","category-politica","tag-frente-renovador","tag-selva","generate-columns","tablet-grid-50","mobile-grid-100","grid-parent","grid-50"],"jetpack_publicize_connections":[],"jetpack_featured_media_url":"","wps_subtitle":"","jetpack_sharing_enabled":true,"_links":{"self":[{"href":"https:\/\/www.hoymercedes.com.ar\/principal\/wp-json\/wp\/v2\/posts\/26668","targetHints":{"allow":["GET"]}}],"collection":[{"href":"https:\/\/www.hoymercedes.com.ar\/principal\/wp-json\/wp\/v2\/posts"}],"about":[{"href":"https:\/\/www.hoymercedes.com.ar\/principal\/wp-json\/wp\/v2\/types\/post"}],"author":[{"embeddable":true,"href":"https:\/\/www.hoymercedes.com.ar\/principal\/wp-json\/wp\/v2\/users\/1"}],"replies":[{"embeddable":true,"href":"https:\/\/www.hoymercedes.com.ar\/principal\/wp-json\/wp\/v2\/comments?post=26668"}],"version-history":[{"count":0,"href":"https:\/\/www.hoymercedes.com.ar\/principal\/wp-json\/wp\/v2\/posts\/26668\/revisions"}],"wp:attachment":[{"href":"https:\/\/www.hoymercedes.com.ar\/principal\/wp-json\/wp\/v2\/media?parent=26668"}],"wp:term":[{"taxonomy":"category","embeddable":true,"href":"https:\/\/www.hoymercedes.com.ar\/principal\/wp-json\/wp\/v2\/categories?post=26668"},{"taxonomy":"post_tag","embeddable":true,"href":"https:\/\/www.hoymercedes.com.ar\/principal\/wp-json\/wp\/v2\/tags?post=26668"}],"curies":[{"name":"wp","href":"https:\/\/api.w.org\/{rel}","templated":true}]}}