{"id":26695,"date":"2013-10-20T00:39:03","date_gmt":"2013-10-20T00:39:03","guid":{"rendered":"http:\/\/www.hoymercedes.com.ar\/principal\/?p=26695"},"modified":"2013-10-20T00:43:22","modified_gmt":"2013-10-20T00:43:22","slug":"proyectan-quien-mato-a-mariano-ferreya-con-invitacion-a-los-mercedinos","status":"publish","type":"post","link":"https:\/\/www.hoymercedes.com.ar\/principal\/2013\/10\/20\/proyectan-quien-mato-a-mariano-ferreya-con-invitacion-a-los-mercedinos\/","title":{"rendered":"Proyectan: \u00bfQui\u00e9n mat\u00f3 a Mariano Ferreya? con invitaci\u00f3n a los mercedinos"},"content":{"rendered":"<p style=\"text-align: center;\"><a href=\"https:\/\/www.hoymercedes.com.ar\/principal\/wp-content\/uploads\/2013\/10\/quienmatoamarianoferryra1.jpg\"><img loading=\"lazy\" decoding=\"async\" data-attachment-id=\"26702\" data-permalink=\"https:\/\/www.hoymercedes.com.ar\/principal\/2013\/10\/20\/proyectan-quien-mato-a-mariano-ferreya-con-invitacion-a-los-mercedinos\/quienmatoamarianoferryra-2\/#main\" data-orig-file=\"https:\/\/www.hoymercedes.com.ar\/principal\/wp-content\/uploads\/2013\/10\/quienmatoamarianoferryra1.jpg\" data-orig-size=\"635,884\" data-comments-opened=\"1\" data-image-meta=\"{&quot;aperture&quot;:&quot;0&quot;,&quot;credit&quot;:&quot;&quot;,&quot;camera&quot;:&quot;&quot;,&quot;caption&quot;:&quot;&quot;,&quot;created_timestamp&quot;:&quot;0&quot;,&quot;copyright&quot;:&quot;&quot;,&quot;focal_length&quot;:&quot;0&quot;,&quot;iso&quot;:&quot;0&quot;,&quot;shutter_speed&quot;:&quot;0&quot;,&quot;title&quot;:&quot;&quot;}\" data-image-title=\"quienmatoamarianoferryra\" data-image-description=\"\" data-image-caption=\"\" data-large-file=\"https:\/\/www.hoymercedes.com.ar\/principal\/wp-content\/uploads\/2013\/10\/quienmatoamarianoferryra1.jpg\" class=\"aligncenter  wp-image-26702\" alt=\"quienmatoamarianoferryra\" src=\"https:\/\/www.hoymercedes.com.ar\/principal\/wp-content\/uploads\/2013\/10\/quienmatoamarianoferryra1.jpg\" width=\"620\" height=\"850\" \/><\/a><\/p>\n<p><em><strong>Frente de Izquierda y el Partido Obrero de nuestra ciudad invitan a toda la poblaci\u00f3n a ver la proyecci\u00f3n del film \u00bfQui\u00e9n mat\u00f3 a Mariano Ferreyra? el pr\u00f3ximo mi\u00e9rcoles 23 del corriente a las 20.00hs en el Teatro Argentino.<\/strong><\/em><\/p>\n<p><strong>Por Frente de Izquierda<\/strong><\/p>\n<p>El 20 de octubre de 2010, la patota de Pedraza acometi\u00f3 contra una de las incontables movilizaciones de los tercerizados ferroviarios, despu\u00e9s de largos meses de ninguneo por parte del Ministerio de Trabajo. La lucha de estos precarizados tocaba el coraz\u00f3n de la privatizaci\u00f3n ferroviaria bajo la d\u00e9cada kirchnerista. A lo largo de estos a\u00f1os, los subsidios a los privatizadores alimentaron un colosal desfalco de fondos p\u00fablicos a costa del servicio ferroviario, por un lado, y de los trabajadores, por el otro. En este \u00faltimo caso, el r\u00e9gimen de las tercerizaciones permit\u00eda pagar salarios que no llegaban ni a la mitad de los del convenio ferroviario. La burocracia sindical actuaba como socia del desfalco: los personeros de Pedraza eran titulares de las cooperativas truchas que actuaban como empleadoras de los tercerizados. Cuando la burocracia se opon\u00eda visceralmente al pase a planta, en realidad, defend\u00eda su propio negocio. Pero tambi\u00e9n, su dictadura al interior del ferrocarril, la cual pod\u00eda ser amenazada por un ingreso masivo de trabajadores arrancado con la lucha. El crimen de Mariano quiso poner a salvo este lazo de hierro entre concesionarios y bur\u00f3cratas, cuyo articulador no era otro que el mismo Estado. El rescate de los privatizadores -uno de los pilares del \u201cmodelo\u201d- aparec\u00eda cuestionado por una en\u00e9rgica lucha obrera.<br \/>\nEl crimen de Mariano desat\u00f3 una intensa indignaci\u00f3n y, en pocas horas, la movilizaci\u00f3n m\u00e1s numerosa y en\u00e9rgica de la que se tenga memoria en muchos a\u00f1os. Los episodios judiciales posteriores se desarrollaron bajo esta inmensa presi\u00f3n popular. Pero tambi\u00e9n, bajo una orientaci\u00f3n pol\u00edtica de completa independencia frente al gobierno y al Estado: desde el primer momento, exigimos un pronunciamiento del poder pol\u00edtico y denunciamos, despu\u00e9s, la negativa del gobierno a hacerlo. El rechazo a recibir al Partido Obrero -que lo planteamos el mismo 20 de octubre- anticip\u00f3 la conducta oficial frente a un crimen que envolv\u00eda a los \u201cempresarios amigos\u201d, a sus agentes sindicales y al propio gabinete.<\/p>\n<p><strong>El gobierno<\/strong><br \/>\nNo pod\u00eda sorprender, entonces, que el gobierno presentara los hechos como el resultado de una \u201cpelea\u201d entre facciones gremiales, ocultando que se hab\u00eda tratado de un ataque alevoso de sus aliados a los obreros m\u00e1s explotados del sistema ferroviario. Pocos d\u00edas antes, la Presidenta hab\u00eda celebrado la alianza de su gobierno con la burocracia sindical en el estadio de River, al que asistieron buena parte de los asesinos de Mariano. Los medios oficialistas ocultaban la filiaci\u00f3n pol\u00edtica de la v\u00edctima y procuraban desviar la atenci\u00f3n hacia pistas falsas. Por su parte, la \u201cmateria gris\u201d del oficialismo responsabilizaba por la muerte no a la burocracia, sino a los propios luchadores agredidos, por la \u201cinconveniencia\u201d de haber peleado por sus derechos laborales. Dos meses despu\u00e9s del asesinato, la nueva ministra de Seguridad, Nilda Garr\u00e9, debutaba con un escandaloso intento de criminalizaci\u00f3n de los compa\u00f1eros de militancia de Mariano, a ra\u00edz de un nuevo corte de v\u00edas que debieron emprender por el incumplimiento del Ministerio de Trabajo de todos los compromisos asumidos con los tercerizados. Dos de estos trabajadores fueron detenidos, a otros dos se les dict\u00f3 orden de captura y todos fueron procesados. De manera simult\u00e1nea, el ministerio de Garr\u00e9 brindaba asistencia jur\u00eddica a los polic\u00edas que, finalmente, resultaron condenados por \u201cliberar\u201d la zona y el escenario del crimen de Barracas. Ese accionar policial recibi\u00f3 todo el respaldo de An\u00edbal Fern\u00e1ndez, responsable pol\u00edtico de la Federal en el momento de los hechos. Escuchas telef\u00f3nicas posteriores revelaron que Pedraza, despu\u00e9s del crimen, recib\u00eda los apoyos del ministro de Trabajo Tomada y de su vice, Noem\u00ed Rial.<br \/>\n<strong>Tentativa de apropiaci\u00f3n<\/strong><br \/>\nEl kirchnerismo nunca rompi\u00f3 pol\u00edticamente con la burocracia de la Uni\u00f3n Ferroviaria, a la cual contin\u00faa aliado hasta el d\u00eda de hoy. Producida la sentencia, el oficialismo ha intentado apropiarse de la figura de Mariano para hacer demagogia electoral.<br \/>\nPara ello, abona el mito de que el crimen de Mariano se esclareci\u00f3 gracias al testigo aportado por N\u00e9stor Kirchner a trav\u00e9s del intendente de Quilmes, a\u00fan cuando la Justicia investig\u00f3 e identific\u00f3 a los asesinos, por lo que se pudo comprobar la participaci\u00f3n activa del mismo en el grupo agresor durante el juicio oral. De todos modos, la celeridad con que fue hallado este \u201ctestigo\u201d desnud\u00f3 los m\u00faltiples vasos comunicantes entre los agresores y el aparato estatal. Pero los l\u00edmites de este intento de apropiaci\u00f3n de Mariano Ferreyra son insuperables. Por un lado, la cuesti\u00f3n del tercerismo y la precarizaci\u00f3n laboral est\u00e1n en el ADN del kirchnerismo, el cual apel\u00f3 a los salarios bajos y a la nefasta herencia laboral del menemismo para la \u201creconstrucci\u00f3n de la burgues\u00eda nacional\u201d. Lo mismo puede decirse de sus v\u00ednculos con la burocracia sindical y el aparato represivo del Estado. La \u201cseguridad democr\u00e1tica\u201d -que inaugur\u00f3 Garr\u00e9 meses despu\u00e9s de aquel octubre- comenz\u00f3 con el espionaje a las organizaciones sociales por la Gendarmer\u00eda y concluy\u00f3 en 2013 con Milani, Berni y Granados.<br \/>\n<strong>El juicio y despu\u00e9s<\/strong><\/p>\n<p>La condena de Pedraza fue ganada en las calles. La consigna \u201cPerpetua a Pedraza\u201d recogi\u00f3 el hartazgo de la poblaci\u00f3n trabajadora contra las burocracias sindicales y contra la destrucci\u00f3n del sistema ferroviario a manos del \u201ctri\u00e1ngulo corrupto\u201d de los funcionarios, las gerenciadoras capitalistas y la burocracia sindical. Un a\u00f1o y cuatro meses despu\u00e9s de Barracas, la masacre de la Plaza Once puso de manifiesto hasta qu\u00e9 punto ese entramado hab\u00eda sido preservado.<br \/>\nA\u00fan logr\u00e1ndose por primera vez en la historia del movimiento obrero la prisi\u00f3n de un peso pesado de la burocracia sindical y jefe de la asociaci\u00f3n il\u00edcita que organiz\u00f3 el asesinato, la Justicia del r\u00e9gimen fue delineando un cuidadoso operativo quir\u00fargico dirigido a absolver responsabilidades y, sobre todo, impedir que las mismas se elevaran al poder pol\u00edtico. De la instrucci\u00f3n al juicio, se dejaron sin imputar a los funcionarios del gobierno y los empresarios de Ugofe. En el juicio, se absolvieron por el homicidio y las tentativas a cinco de los polic\u00edas federales involucrados -con el Comisario Lompizano a la cabeza. Adem\u00e1s, se redujo la imputaci\u00f3n de prisi\u00f3n perpetua solicitada por la fiscal\u00eda y las querellas a penas de 18, 15, 10 y 8 a\u00f1os de prisi\u00f3n. El perito Locles -que intent\u00f3 destruir la evidencia de la bala asesina- recibi\u00f3 una condena leve por ello. En las causas de las coimas a la C\u00e1mara de Casaci\u00f3n, la elevaci\u00f3n a juicio se realizar\u00e1 sin sentar a los jueces como imputados, lo cual reduce el il\u00edcito a una mera tentativa.<br \/>\nFinalmente, como venimos insistiendo desde estas p\u00e1ginas, estamos ante la posibilidad de que la C\u00e1mara de Casaci\u00f3n revise las sentencias de primera instancia a Pedraza y la patota, lo que podr\u00edan concluir con la absoluci\u00f3n o reducci\u00f3n de pena de los ya condenados.<br \/>\n<strong>Significado pol\u00edtico<\/strong><br \/>\nEl crimen de Mariano y la inmensa movilizaci\u00f3n popular que concluy\u00f3 en la condena a sus responsables anticiparon los t\u00e9rminos de la actual crisis pol\u00edtica. Por un lado, desnud\u00f3 un r\u00e9gimen que agot\u00f3 sus recursos pol\u00edticos y econ\u00f3micos en el rescate de los capitalistas. Por el otro, puso de manifiesto a un movimiento popular que -en la lucha contra los precarizadores, sus agentes sindicales y pol\u00edticos- fue construyendo una oposici\u00f3n al kirchnerismo desde el campo de la clase obrera y de la izquierda.<br \/>\nA tres a\u00f1os de tu asesinato, Mariano, seguimos honrando tu memoria con el norte estrat\u00e9gico de tu lucha: la fusi\u00f3n del movimiento obrero con la izquierda revolucionaria.<br \/>\nEl 18 de octubre nos movilizamos a la C\u00e1mara de Casaci\u00f3n contra toda maniobra de impunidad de\u00a0los condenados y por el castigo a los responsable pol\u00edticos y empresariales hoy impunes.<\/p>\n<p>Invitaci\u00f3n:<\/p>\n<p>Mi\u00e9rcoles, 23 de Octubre, 20.00hs &#8211; Proyecci\u00f3n pel\u00edcula\u00a0\u00a0\u00bfQui\u00e9n mat\u00f3 a Mariano Ferreyra en el Teatro Julio C\u00e9sar Gioscio.<\/p>\n","protected":false},"excerpt":{"rendered":"<p>Frente de Izquierda y el Partido Obrero de nuestra ciudad invitan a toda la poblaci\u00f3n a ver la proyecci\u00f3n del &#8230; <a title=\"Proyectan: \u00bfQui\u00e9n mat\u00f3 a Mariano Ferreya? con invitaci\u00f3n a los mercedinos\" class=\"read-more\" href=\"https:\/\/www.hoymercedes.com.ar\/principal\/2013\/10\/20\/proyectan-quien-mato-a-mariano-ferreya-con-invitacion-a-los-mercedinos\/\" aria-label=\"Leer m\u00e1s sobre Proyectan: \u00bfQui\u00e9n mat\u00f3 a Mariano Ferreya? con invitaci\u00f3n a los mercedinos\">Leer m\u00e1s<\/a><\/p>\n","protected":false},"author":1,"featured_media":0,"comment_status":"open","ping_status":"open","sticky":false,"template":"","format":"standard","meta":{"_monsterinsights_skip_tracking":false,"_monsterinsights_sitenote_active":false,"_monsterinsights_sitenote_note":"","_monsterinsights_sitenote_category":0,"jetpack_post_was_ever_published":false,"_jetpack_newsletter_access":"","_jetpack_dont_email_post_to_subs":false,"_jetpack_newsletter_tier_id":0,"_jetpack_memberships_contains_paywalled_content":false,"_jetpack_memberships_contains_paid_content":false,"footnotes":"","jetpack_publicize_message":"","jetpack_publicize_feature_enabled":true,"jetpack_social_post_already_shared":true,"jetpack_social_options":{"image_generator_settings":{"template":"highway","default_image_id":0,"font":"","enabled":false},"version":2},"_wpas_customize_per_network":false},"categories":[104],"tags":[4056,3572],"class_list":["post-26695","post","type-post","status-publish","format-standard","hentry","category-cultura","tag-quien-mato-a-mariano-ferreya","tag-frente-de-izquierda-mercedes","generate-columns","tablet-grid-50","mobile-grid-100","grid-parent","grid-50"],"jetpack_publicize_connections":[],"jetpack_featured_media_url":"","wps_subtitle":"","jetpack_sharing_enabled":true,"_links":{"self":[{"href":"https:\/\/www.hoymercedes.com.ar\/principal\/wp-json\/wp\/v2\/posts\/26695","targetHints":{"allow":["GET"]}}],"collection":[{"href":"https:\/\/www.hoymercedes.com.ar\/principal\/wp-json\/wp\/v2\/posts"}],"about":[{"href":"https:\/\/www.hoymercedes.com.ar\/principal\/wp-json\/wp\/v2\/types\/post"}],"author":[{"embeddable":true,"href":"https:\/\/www.hoymercedes.com.ar\/principal\/wp-json\/wp\/v2\/users\/1"}],"replies":[{"embeddable":true,"href":"https:\/\/www.hoymercedes.com.ar\/principal\/wp-json\/wp\/v2\/comments?post=26695"}],"version-history":[{"count":0,"href":"https:\/\/www.hoymercedes.com.ar\/principal\/wp-json\/wp\/v2\/posts\/26695\/revisions"}],"wp:attachment":[{"href":"https:\/\/www.hoymercedes.com.ar\/principal\/wp-json\/wp\/v2\/media?parent=26695"}],"wp:term":[{"taxonomy":"category","embeddable":true,"href":"https:\/\/www.hoymercedes.com.ar\/principal\/wp-json\/wp\/v2\/categories?post=26695"},{"taxonomy":"post_tag","embeddable":true,"href":"https:\/\/www.hoymercedes.com.ar\/principal\/wp-json\/wp\/v2\/tags?post=26695"}],"curies":[{"name":"wp","href":"https:\/\/api.w.org\/{rel}","templated":true}]}}