{"id":26726,"date":"2013-10-21T03:01:40","date_gmt":"2013-10-21T03:01:40","guid":{"rendered":"http:\/\/www.hoymercedes.com.ar\/principal\/?p=26726"},"modified":"2013-10-21T03:01:40","modified_gmt":"2013-10-21T03:01:40","slug":"bozzini-solido-en-el-debate-de-pensar-en-voz-alta","status":"publish","type":"post","link":"https:\/\/www.hoymercedes.com.ar\/principal\/2013\/10\/21\/bozzini-solido-en-el-debate-de-pensar-en-voz-alta\/","title":{"rendered":"Bozzini s\u00f3lido en el debate de \u00abPensar en voz alta\u00bb"},"content":{"rendered":"<p><a href=\"https:\/\/www.hoymercedes.com.ar\/principal\/wp-content\/uploads\/2013\/10\/bozziniendebatetv.jpg\"><img loading=\"lazy\" decoding=\"async\" data-attachment-id=\"26728\" data-permalink=\"https:\/\/www.hoymercedes.com.ar\/principal\/2013\/10\/21\/bozzini-solido-en-el-debate-de-pensar-en-voz-alta\/bozziniendebatetv\/#main\" data-orig-file=\"https:\/\/www.hoymercedes.com.ar\/principal\/wp-content\/uploads\/2013\/10\/bozziniendebatetv.jpg\" data-orig-size=\"620,349\" data-comments-opened=\"1\" data-image-meta=\"{&quot;aperture&quot;:&quot;0&quot;,&quot;credit&quot;:&quot;&quot;,&quot;camera&quot;:&quot;&quot;,&quot;caption&quot;:&quot;&quot;,&quot;created_timestamp&quot;:&quot;0&quot;,&quot;copyright&quot;:&quot;&quot;,&quot;focal_length&quot;:&quot;0&quot;,&quot;iso&quot;:&quot;0&quot;,&quot;shutter_speed&quot;:&quot;0&quot;,&quot;title&quot;:&quot;&quot;}\" data-image-title=\"bozziniendebatetv\" data-image-description=\"\" data-image-caption=\"\" data-large-file=\"https:\/\/www.hoymercedes.com.ar\/principal\/wp-content\/uploads\/2013\/10\/bozziniendebatetv.jpg\" class=\"aligncenter size-full wp-image-26728\" alt=\"bozziniendebatetv\" src=\"https:\/\/www.hoymercedes.com.ar\/principal\/wp-content\/uploads\/2013\/10\/bozziniendebatetv.jpg\" width=\"620\" height=\"349\" \/><\/a><\/p>\n<p><strong><em>El primer candidato a concejal por el Frente Renovador, Ricardo Bozzini, despert\u00f3 los mejores augurios en sus simpatizantes luego de lo que consideraron fue una \u00abuna destacada actuaci\u00f3n en el debate televisivo que se dio en el programa \u201cPensar en voz alta\u201d que conduce David Valerga.\u00bb<\/em><\/strong><\/p>\n<p>Bozzini tuvo un mano a mano con el candidato del Frente Mercedino Juan Ustarroz y en este combate medi\u00e1tico <em>\u00abapareci\u00f3 como triunfador. Se mostr\u00f3 firme, seguro y dispuesto al di\u00e1logo en muchos de los temas que se trataron\u00bb, <\/em>remarcaron desde el Frente Renovador<\/p>\n<p>El programa \u201cPensar en voz alta\u201d es conducido por David Valerga y en esta oportunidad el cruce de candidatos se dio con el m\u00e1s votado en las PASO, Ricardo Bozzini, y Juan Ustarroz. Hubo cuatro bloques donde se tocaron diversos temas que hacen a la vida ciudadana.<\/p>\n<p>En el primer bloque la tem\u00e1tica abordada fue \u201ceducaci\u00f3n\u201d y all\u00ed Bozzini fue contundente en lo que ya se hizo desde la gesti\u00f3n municipal que conduce Carlos Selva. <em>\u201cEs un eje fundamental del trabajo del municipio en estos a\u00f1os. Se construyeron dos jardines maternales, se gestionaron las obras de escuelas y jardines y se cre\u00f3 un Centro Universitario Regional\u201d<\/em>, dijo Bozzini en el debate, pero adem\u00e1s agreg\u00f3 un condimento a la situaci\u00f3n actual que vive la provincia: <em>\u201cEl municipio se tiene que hacer cargo de prestaciones de la provincia porque evidentemente no est\u00e1 muy bien financieramente\u201d.<\/em><\/p>\n<p>Tambi\u00e9n un bloque fue destinado a \u201cseguridad\u201d, donde Bozzini dio cuenta del accionar actual del municipio con los recursos humanos y materiales con los que cuenta actualmente. <em>\u201cTenemos un Centro de Operaciones con 70 c\u00e1maras en funcionamiento, que funciona de manera espectacular y que ha permitido la resoluci\u00f3n de delitos como tambi\u00e9n su prevenci\u00f3n\u201d<\/em>, sostuvo el candidato del Frente Renovador.<\/p>\n<p>Bozzini tambi\u00e9n estuvo atento a las propuestas que planteaba Ustarroz y que no ten\u00edan demasiada consistencia. \u201c<em>Se habla de c\u00e1maras conectadas en los accesos, que por supuesto son bienvenidas, pero todav\u00eda no est\u00e1n conectadas a ninguna red ni al centro de monitoreo del municipio\u201d<\/em>, dijo.<\/p>\n<p>Tambi\u00e9n aclar\u00f3 que la idea de Ustarroz de sumar un patrullero de la Polic\u00eda Federal al patrullaje urbano es inadecuado. <em>\u201cNo se puede pedir a esta jurisdicci\u00f3n federal que se ocupe de patrullar en lugar de la Bonaerense. Lo cierto ac\u00e1 es que de 8 patrulleros que ten\u00edamos comprados, mandamos hace un a\u00f1o a la provincia para el blindado y la adecuaci\u00f3n t\u00e9cnica necesaria y s\u00f3lo nos devolvieron 3 para poder utilizar. Otro d\u00e9ficit del gobierno provincial a la vista\u201d<\/em>, sostuvo.<\/p>\n<p>Tambi\u00e9n se tocaron temas relacionados con \u201cviviendas\u201d y por \u00faltimo \u201crecreaci\u00f3n\u201d donde se destac\u00f3 el trabajo llevado adelante por el municipio para jerarquizar las fiestas populares.<\/p>\n<p>El debate televisivo en vivo en el programa \u201cPensar en voz alta\u201d, que se emite por Cablevisi\u00f3n, fue una prueba de fuego para Bozzini,<em> \u00abquien en el mano a mano con Ustarroz fue superior.\u00bb <\/em>afirmaron.<\/p>\n<p><span style=\"color: #888888;\">Fuente: Frente Renovador<\/span><\/p>\n","protected":false},"excerpt":{"rendered":"<p>El primer candidato a concejal por el Frente Renovador, Ricardo Bozzini, despert\u00f3 los mejores augurios en sus simpatizantes luego de &#8230; <a title=\"Bozzini s\u00f3lido en el debate de \u00abPensar en voz alta\u00bb\" class=\"read-more\" href=\"https:\/\/www.hoymercedes.com.ar\/principal\/2013\/10\/21\/bozzini-solido-en-el-debate-de-pensar-en-voz-alta\/\" aria-label=\"Leer m\u00e1s sobre Bozzini s\u00f3lido en el debate de \u00abPensar en voz alta\u00bb\">Leer m\u00e1s<\/a><\/p>\n","protected":false},"author":1,"featured_media":0,"comment_status":"open","ping_status":"open","sticky":false,"template":"","format":"standard","meta":{"_monsterinsights_skip_tracking":false,"_monsterinsights_sitenote_active":false,"_monsterinsights_sitenote_note":"","_monsterinsights_sitenote_category":0,"jetpack_post_was_ever_published":false,"_jetpack_newsletter_access":"","_jetpack_dont_email_post_to_subs":false,"_jetpack_newsletter_tier_id":0,"_jetpack_memberships_contains_paywalled_content":false,"_jetpack_memberships_contains_paid_content":false,"footnotes":"","jetpack_publicize_message":"","jetpack_publicize_feature_enabled":true,"jetpack_social_post_already_shared":true,"jetpack_social_options":{"image_generator_settings":{"template":"highway","default_image_id":0,"font":"","enabled":false},"version":2},"_wpas_customize_per_network":false},"categories":[5],"tags":[277,4026,3648],"class_list":["post-26726","post","type-post","status-publish","format-standard","hentry","category-politica","tag-david-valerga","tag-pensar-en-voz-alta","tag-ricardo-bozzini","generate-columns","tablet-grid-50","mobile-grid-100","grid-parent","grid-50"],"jetpack_publicize_connections":[],"jetpack_featured_media_url":"","wps_subtitle":"","jetpack_sharing_enabled":true,"_links":{"self":[{"href":"https:\/\/www.hoymercedes.com.ar\/principal\/wp-json\/wp\/v2\/posts\/26726","targetHints":{"allow":["GET"]}}],"collection":[{"href":"https:\/\/www.hoymercedes.com.ar\/principal\/wp-json\/wp\/v2\/posts"}],"about":[{"href":"https:\/\/www.hoymercedes.com.ar\/principal\/wp-json\/wp\/v2\/types\/post"}],"author":[{"embeddable":true,"href":"https:\/\/www.hoymercedes.com.ar\/principal\/wp-json\/wp\/v2\/users\/1"}],"replies":[{"embeddable":true,"href":"https:\/\/www.hoymercedes.com.ar\/principal\/wp-json\/wp\/v2\/comments?post=26726"}],"version-history":[{"count":0,"href":"https:\/\/www.hoymercedes.com.ar\/principal\/wp-json\/wp\/v2\/posts\/26726\/revisions"}],"wp:attachment":[{"href":"https:\/\/www.hoymercedes.com.ar\/principal\/wp-json\/wp\/v2\/media?parent=26726"}],"wp:term":[{"taxonomy":"category","embeddable":true,"href":"https:\/\/www.hoymercedes.com.ar\/principal\/wp-json\/wp\/v2\/categories?post=26726"},{"taxonomy":"post_tag","embeddable":true,"href":"https:\/\/www.hoymercedes.com.ar\/principal\/wp-json\/wp\/v2\/tags?post=26726"}],"curies":[{"name":"wp","href":"https:\/\/api.w.org\/{rel}","templated":true}]}}