{"id":26734,"date":"2013-10-21T03:19:17","date_gmt":"2013-10-21T03:19:17","guid":{"rendered":"http:\/\/www.hoymercedes.com.ar\/principal\/?p=26734"},"modified":"2013-10-21T03:19:17","modified_gmt":"2013-10-21T03:19:17","slug":"vecino-detiene-al-ladron-que-le-robo-la-moto","status":"publish","type":"post","link":"https:\/\/www.hoymercedes.com.ar\/principal\/2013\/10\/21\/vecino-detiene-al-ladron-que-le-robo-la-moto\/","title":{"rendered":"Vecino detiene al ladr\u00f3n que le rob\u00f3 la moto"},"content":{"rendered":"<p><em><strong>El hecho ocurri\u00f3 la semana parada cuando cuando un joven que fue en busca de su moto, la que hab\u00eda dejado estacionada en la puerta de su casa (37 y 10). Al llegar constat\u00f3 que la misma no se encontraba en el lugar, d\u00e1ndose cuenta as\u00ed que se la hab\u00edan robado, por lo que comenz\u00f3 la b\u00fasqueda dirigi\u00e9ndose a las instalaciones del ferrocarril San Martin, ingresando al gran galp\u00f3n de chapas que existe en el lugar.<\/strong><\/em><\/p>\n<p>Al salir observa que un joven pasaba por una de las puertas de este gal\u00f3n, llevando de tiro una moto, d\u00e1ndose cuenta que se trataba del rodado de su propiedad. A partir de all\u00ed comenz\u00f3 a correrlo, y este delincuente, al ver que era alcanzado por ese hombre, de deshizo de la moto; pero todo no termin\u00f3 ah\u00ed ya que el due\u00f1o de la moto continu\u00f3 con la persecuci\u00f3n, logrando detener a ese delincuente en calle 37 y 16.<\/p>\n<p>A los pocos minutos se hizo presente la Polic\u00eda, quienes efectivizaron la detenci\u00f3n, pudiendo determinar que se trataba de un joven de 19 a\u00f1os, quien qued\u00f3 detenido por ese delito.<\/p>\n<p>El vecino de nuestra ciudad que ofici\u00f3 de justiciero recuper\u00f3 su moto.<\/p>\n","protected":false},"excerpt":{"rendered":"<p>El hecho ocurri\u00f3 la semana parada cuando cuando un joven que fue en busca de su moto, la que hab\u00eda &#8230; <a title=\"Vecino detiene al ladr\u00f3n que le rob\u00f3 la moto\" class=\"read-more\" href=\"https:\/\/www.hoymercedes.com.ar\/principal\/2013\/10\/21\/vecino-detiene-al-ladron-que-le-robo-la-moto\/\" aria-label=\"Leer m\u00e1s sobre Vecino detiene al ladr\u00f3n que le rob\u00f3 la moto\">Leer m\u00e1s<\/a><\/p>\n","protected":false},"author":1,"featured_media":0,"comment_status":"open","ping_status":"open","sticky":false,"template":"","format":"standard","meta":{"_monsterinsights_skip_tracking":false,"_monsterinsights_sitenote_active":false,"_monsterinsights_sitenote_note":"","_monsterinsights_sitenote_category":0,"jetpack_post_was_ever_published":false,"_jetpack_newsletter_access":"","_jetpack_dont_email_post_to_subs":false,"_jetpack_newsletter_tier_id":0,"_jetpack_memberships_contains_paywalled_content":false,"_jetpack_memberships_contains_paid_content":false,"footnotes":"","jetpack_publicize_message":"","jetpack_publicize_feature_enabled":true,"jetpack_social_post_already_shared":true,"jetpack_social_options":{"image_generator_settings":{"template":"highway","default_image_id":0,"font":"","enabled":false},"version":2},"_wpas_customize_per_network":false},"categories":[85],"tags":[4061],"class_list":["post-26734","post","type-post","status-publish","format-standard","hentry","category-policial","tag-vecino-detiene-al-ladron-que-le-robo-la-moto","generate-columns","tablet-grid-50","mobile-grid-100","grid-parent","grid-50"],"jetpack_publicize_connections":[],"jetpack_featured_media_url":"","wps_subtitle":"","jetpack_sharing_enabled":true,"_links":{"self":[{"href":"https:\/\/www.hoymercedes.com.ar\/principal\/wp-json\/wp\/v2\/posts\/26734","targetHints":{"allow":["GET"]}}],"collection":[{"href":"https:\/\/www.hoymercedes.com.ar\/principal\/wp-json\/wp\/v2\/posts"}],"about":[{"href":"https:\/\/www.hoymercedes.com.ar\/principal\/wp-json\/wp\/v2\/types\/post"}],"author":[{"embeddable":true,"href":"https:\/\/www.hoymercedes.com.ar\/principal\/wp-json\/wp\/v2\/users\/1"}],"replies":[{"embeddable":true,"href":"https:\/\/www.hoymercedes.com.ar\/principal\/wp-json\/wp\/v2\/comments?post=26734"}],"version-history":[{"count":0,"href":"https:\/\/www.hoymercedes.com.ar\/principal\/wp-json\/wp\/v2\/posts\/26734\/revisions"}],"wp:attachment":[{"href":"https:\/\/www.hoymercedes.com.ar\/principal\/wp-json\/wp\/v2\/media?parent=26734"}],"wp:term":[{"taxonomy":"category","embeddable":true,"href":"https:\/\/www.hoymercedes.com.ar\/principal\/wp-json\/wp\/v2\/categories?post=26734"},{"taxonomy":"post_tag","embeddable":true,"href":"https:\/\/www.hoymercedes.com.ar\/principal\/wp-json\/wp\/v2\/tags?post=26734"}],"curies":[{"name":"wp","href":"https:\/\/api.w.org\/{rel}","templated":true}]}}