{"id":26752,"date":"2013-10-21T16:45:18","date_gmt":"2013-10-21T16:45:18","guid":{"rendered":"http:\/\/www.hoymercedes.com.ar\/principal\/?p=26752"},"modified":"2013-10-21T16:45:18","modified_gmt":"2013-10-21T16:45:18","slug":"enfrentamiento-con-la-policia-robo-y-herido-de-bala","status":"publish","type":"post","link":"https:\/\/www.hoymercedes.com.ar\/principal\/2013\/10\/21\/enfrentamiento-con-la-policia-robo-y-herido-de-bala\/","title":{"rendered":"Enfrentamiento con la polic\u00eda, robo y herido de bala"},"content":{"rendered":"<p><em><strong><a href=\"https:\/\/www.hoymercedes.com.ar\/principal\/wp-content\/uploads\/2013\/10\/policiabonaerense.jpg\"><img loading=\"lazy\" decoding=\"async\" data-attachment-id=\"26754\" data-permalink=\"https:\/\/www.hoymercedes.com.ar\/principal\/2013\/10\/21\/enfrentamiento-con-la-policia-robo-y-herido-de-bala\/policiabonaerense\/#main\" data-orig-file=\"https:\/\/www.hoymercedes.com.ar\/principal\/wp-content\/uploads\/2013\/10\/policiabonaerense.jpg\" data-orig-size=\"620,180\" data-comments-opened=\"1\" data-image-meta=\"{&quot;aperture&quot;:&quot;0&quot;,&quot;credit&quot;:&quot;&quot;,&quot;camera&quot;:&quot;&quot;,&quot;caption&quot;:&quot;&quot;,&quot;created_timestamp&quot;:&quot;0&quot;,&quot;copyright&quot;:&quot;&quot;,&quot;focal_length&quot;:&quot;0&quot;,&quot;iso&quot;:&quot;0&quot;,&quot;shutter_speed&quot;:&quot;0&quot;,&quot;title&quot;:&quot;&quot;}\" data-image-title=\"policiabonaerense\" data-image-description=\"\" data-image-caption=\"\" data-large-file=\"https:\/\/www.hoymercedes.com.ar\/principal\/wp-content\/uploads\/2013\/10\/policiabonaerense.jpg\" class=\"aligncenter size-full wp-image-26754\" alt=\"policiabonaerense\" src=\"https:\/\/www.hoymercedes.com.ar\/principal\/wp-content\/uploads\/2013\/10\/policiabonaerense.jpg\" width=\"620\" height=\"180\" \/><\/a>En un acontecimiento que se continua investigando se produjo una la herida de bala en un vecino de nuestra ciudad que debi\u00f3 ser atendido en el Hospital Blas L. Dubarry. Todo sucedi\u00f3 durante la noche del s\u00e1bado con intervenci\u00f3n de la\u00a0Polic\u00eda\u00a0de nuestra ciudad. Fuerte combate entre ciudadanos y fuerza de seguridad.<\/strong><\/em><\/p>\n<p>El hecho empez\u00f3 cuando un grupo de personas en el Barrio San Mart\u00edn encerr\u00f3 y sustrajo la motocicleta en que se movilizaba su propietario. La Polic\u00eda tom\u00f3 conocimiento del hecho y actu\u00f3 constatando que la moto se la quitaron tras golpearlo y amenazarlo con un arma.<\/p>\n<p>La polic\u00eda que \u00a0asisti\u00f3 al lugar tuvo un recibimiento poco ameno dado que padeci\u00f3 agresiones con palos y piedras oblig\u00e1ndolos a retirarse y regresar con m\u00e1s apoyo y as\u00ed lograr trabajar como corresponde.<\/p>\n<p>Al regresar hubo nuevamente enfrentamientos, piedras, agresiones y hasta posibles disparos (dato sin confirmar) quedando tras el enfrentamiento dos menores \u00a0y un mayor detenidos.<\/p>\n<p>Poco despu\u00e9s del enfrentamiento un joven ingres\u00f3 al nosocomio local con una herida de bala, la lesi\u00f3n fue considerada leve, pero, gener\u00f3 una investigaci\u00f3n para tener mayores certezas de donde sali\u00f3 el proyectil que provoc\u00f3 la herida, si de los que combat\u00edan a la fuerza de seguridad o de la polic\u00eda.<\/p>\n","protected":false},"excerpt":{"rendered":"<p>En un acontecimiento que se continua investigando se produjo una la herida de bala en un vecino de nuestra ciudad &#8230; <a title=\"Enfrentamiento con la polic\u00eda, robo y herido de bala\" class=\"read-more\" href=\"https:\/\/www.hoymercedes.com.ar\/principal\/2013\/10\/21\/enfrentamiento-con-la-policia-robo-y-herido-de-bala\/\" aria-label=\"Leer m\u00e1s sobre Enfrentamiento con la polic\u00eda, robo y herido de bala\">Leer m\u00e1s<\/a><\/p>\n","protected":false},"author":1,"featured_media":0,"comment_status":"open","ping_status":"open","sticky":false,"template":"","format":"standard","meta":{"_monsterinsights_skip_tracking":false,"_monsterinsights_sitenote_active":false,"_monsterinsights_sitenote_note":"","_monsterinsights_sitenote_category":0,"jetpack_post_was_ever_published":false,"_jetpack_newsletter_access":"","_jetpack_dont_email_post_to_subs":false,"_jetpack_newsletter_tier_id":0,"_jetpack_memberships_contains_paywalled_content":false,"_jetpack_memberships_contains_paid_content":false,"footnotes":"","jetpack_publicize_message":"","jetpack_publicize_feature_enabled":true,"jetpack_social_post_already_shared":true,"jetpack_social_options":{"image_generator_settings":{"template":"highway","default_image_id":0,"font":"","enabled":false},"version":2},"_wpas_customize_per_network":false},"categories":[85],"tags":[2569,4067,4068],"class_list":["post-26752","post","type-post","status-publish","format-standard","hentry","category-policial","tag-barrio-san-martin-mercedes","tag-herido-de-bala","tag-pelea-policia-vecinos","generate-columns","tablet-grid-50","mobile-grid-100","grid-parent","grid-50"],"jetpack_publicize_connections":[],"jetpack_featured_media_url":"","wps_subtitle":"","jetpack_sharing_enabled":true,"_links":{"self":[{"href":"https:\/\/www.hoymercedes.com.ar\/principal\/wp-json\/wp\/v2\/posts\/26752","targetHints":{"allow":["GET"]}}],"collection":[{"href":"https:\/\/www.hoymercedes.com.ar\/principal\/wp-json\/wp\/v2\/posts"}],"about":[{"href":"https:\/\/www.hoymercedes.com.ar\/principal\/wp-json\/wp\/v2\/types\/post"}],"author":[{"embeddable":true,"href":"https:\/\/www.hoymercedes.com.ar\/principal\/wp-json\/wp\/v2\/users\/1"}],"replies":[{"embeddable":true,"href":"https:\/\/www.hoymercedes.com.ar\/principal\/wp-json\/wp\/v2\/comments?post=26752"}],"version-history":[{"count":0,"href":"https:\/\/www.hoymercedes.com.ar\/principal\/wp-json\/wp\/v2\/posts\/26752\/revisions"}],"wp:attachment":[{"href":"https:\/\/www.hoymercedes.com.ar\/principal\/wp-json\/wp\/v2\/media?parent=26752"}],"wp:term":[{"taxonomy":"category","embeddable":true,"href":"https:\/\/www.hoymercedes.com.ar\/principal\/wp-json\/wp\/v2\/categories?post=26752"},{"taxonomy":"post_tag","embeddable":true,"href":"https:\/\/www.hoymercedes.com.ar\/principal\/wp-json\/wp\/v2\/tags?post=26752"}],"curies":[{"name":"wp","href":"https:\/\/api.w.org\/{rel}","templated":true}]}}