{"id":26763,"date":"2013-10-22T11:21:02","date_gmt":"2013-10-22T11:21:02","guid":{"rendered":"http:\/\/www.hoymercedes.com.ar\/principal\/?p=26763"},"modified":"2013-10-22T11:21:02","modified_gmt":"2013-10-22T11:21:02","slug":"selva-y-bozzini-junto-a-massa-y-rudolf-giuliani","status":"publish","type":"post","link":"https:\/\/www.hoymercedes.com.ar\/principal\/2013\/10\/22\/selva-y-bozzini-junto-a-massa-y-rudolf-giuliani\/","title":{"rendered":"Selva y Bozzini junto a Massa y Rudolf Giuliani"},"content":{"rendered":"<p><a href=\"https:\/\/www.hoymercedes.com.ar\/principal\/wp-content\/uploads\/2013\/10\/selvagiuliani.jpg\"><img loading=\"lazy\" decoding=\"async\" data-attachment-id=\"26765\" data-permalink=\"https:\/\/www.hoymercedes.com.ar\/principal\/2013\/10\/22\/selva-y-bozzini-junto-a-massa-y-rudolf-giuliani\/selvagiuliani\/#main\" data-orig-file=\"https:\/\/www.hoymercedes.com.ar\/principal\/wp-content\/uploads\/2013\/10\/selvagiuliani.jpg\" data-orig-size=\"620,252\" data-comments-opened=\"1\" data-image-meta=\"{&quot;aperture&quot;:&quot;3.5&quot;,&quot;credit&quot;:&quot;&quot;,&quot;camera&quot;:&quot;NIKON D3100&quot;,&quot;caption&quot;:&quot;&quot;,&quot;created_timestamp&quot;:&quot;1381884449&quot;,&quot;copyright&quot;:&quot;&quot;,&quot;focal_length&quot;:&quot;18&quot;,&quot;iso&quot;:&quot;1600&quot;,&quot;shutter_speed&quot;:&quot;0.016666666666667&quot;,&quot;title&quot;:&quot;&quot;}\" data-image-title=\"selvagiuliani\" data-image-description=\"\" data-image-caption=\"\" data-large-file=\"https:\/\/www.hoymercedes.com.ar\/principal\/wp-content\/uploads\/2013\/10\/selvagiuliani.jpg\" class=\"aligncenter size-full wp-image-26765\" alt=\"selvagiuliani\" src=\"https:\/\/www.hoymercedes.com.ar\/principal\/wp-content\/uploads\/2013\/10\/selvagiuliani.jpg\" width=\"620\" height=\"252\" \/><\/a><\/p>\n<p><em><strong>El intendente Carlos Selva junto con el primer candidato a concejal Ricardo Bozzini fueron parte la presentaci\u00f3n de propuestas sobre seguridad, en un acto encabezado por el candidato a diputado nacional Sergio Massa y con la presencia del ex alcalde de New York Rudolfh Giuliani.<\/strong><\/em><\/p>\n<p>En el Teatro Martinelli de la localidad del Norte bonaerense de San Fernando, el candidato a diputado nacional Sergio Massa present\u00f3 propuestas en materia de seguridad. Bajo la consigna <em>\u201cLa seguridad, una necesidad de todos. Leyes de tolerancia cero contra el delito y la droga\u201d<\/em>, se presentaron las nuevas ideas. All\u00ed estuvieron presentes los intendentes de diversos municipios, entre ellos Carlos Selva, acompa\u00f1ado de Ricardo Bozzini, primer candidato a concejal.<\/p>\n<p>Fue parte de la presentaci\u00f3n Rudolph Giuliani, ex alcalde de Nueva York, \u00a0quien coincidi\u00f3 con Massa en la necesidad de crear Polic\u00edas Municipales. Es as\u00ed que Massa se\u00f1al\u00f3: <em>\u201cEl trabajo de las polic\u00edas locales permite trabajar fuerte en el v\u00ednculo mano a mano con el ciudadano, no en la l\u00f3gica represiva, sino en la preventiva. Vamos a seguir insistiendo con las polic\u00edas con autonom\u00eda porque son muy importantes para resolver la necesidad de seguridad, paz y prevenci\u00f3n que tienen los bonaerenses\u201d.<\/em><\/p>\n<p>Consolidando su preocupaci\u00f3n por responder a la principal demanda de los vecinos, no s\u00f3lo bonaerenses, sino toda la Provincia y de la Argentina, el Frente Renovador, liderado por Sergio Massa, realiz\u00f3 la presentaci\u00f3n de medidas de seguridad.<\/p>\n<p><em>\u201cEn la propia ley de Polic\u00eda Municipal, que tenemos en discusi\u00f3n en este momento en la legislatura bonaerense, planteamos tres cosas. Primeramente, la autonom\u00eda de la Polic\u00eda Municipal para que no dependa ni de Naci\u00f3n ni del gobierno bonaerense. Tambi\u00e9n, contar con recursos que tengan un eje en la coparticipaci\u00f3n y otro en invertir en prevenci\u00f3n de seguridad aquellos gastos destinados a la publicidad. Por \u00faltimo, el achicamiento de costos al encararlo de manera regional\u201d.<\/em><\/p>\n<p>Para finalizar, Massa resalt\u00f3: <em>\u201cNo queremos llegar al punto en que el hombre luche contra el hombre, sino que queremos una sociedad organizada que pueda desarrollarse, donde sus autoridades, el Estado, aquello que la gente elige con su voto, se ocupe de darle respuesta a un problema tan serio como la inseguridad\u201d<\/em>.<\/p>\n<p>Por su parte, Rudolph Giuliani se\u00f1al\u00f3: <em>\u201cEstoy impresionado por la cantidad de Intendentes presentes hoy porque ellos\u00a0 son quienes tienen el trabajo m\u00e1s dif\u00edcil al trabajar cerca de la gente. Tuvimos una larga conversaci\u00f3n con Massa y pude saber de los programas que aplicaron en Tigre y que ya tuvieron \u00e9xito, as\u00ed que de cara al futuro tienen que construir sobre eso\u201d.<\/em><\/p>\n<p>Tras haber contado su experiencia en Nueva York, donde su principal tarea fue reducir los \u00edndices de inseguridad, Giuliani a\u00f1adi\u00f3:<em> \u201cLo que se necesita es la decisi\u00f3n pol\u00edtica para reducir el crimen. Incluso si hay que tomar decisiones dif\u00edciles pero justa. Porque si la gente no puede estar segura, entonces no le quedan derechos. \u00bfPara que les sirve tener derecho de ir al cine si tienen miedo?\u201d.<\/em><\/p>\n<p>Entre las propuestas del Frente Renovador se encuentra la creaci\u00f3n de una Agencia Federal contra el Crimen Organizado en temas de narcotr\u00e1fico, lavado de dinero, tr\u00e1fico de armas, trata de personas y redes de pornograf\u00eda infantil. Tambi\u00e9n, en el marco de la declaraci\u00f3n de \u2018emergencia en seguridad\u2019 de la Provincia de Buenos Aires, se plantea la necesidad de incorporar la tecnolog\u00eda georeferencial a los tel\u00e9fonos celulares para que se conviertan en un bot\u00f3n de p\u00e1nico m\u00f3vil.<\/p>\n<p>El paquete proponer otorgar m\u00e1s poder para las investigaciones de los fiscales con acceso a informaci\u00f3n clasificada en los primeras horas de producido un delito eliminando burocracias que generan impunidad y un registro de ADN Criminal para el esclarecimiento de hechos delictivos. A su vez, se propone crear una Agencia Provincial para investigar la venta de droga en los barrios, representada por los tres poderes del Estado bonaerense.<\/p>\n<p>Estuvieron presentes los intendentes Luis Andreotti (San Fernando), Dar\u00edo Giustozzi (Almirante Brown), Gustavo Posse (San Isidro), Jorge Macri (Vicente L\u00f3pez), Luis Acu\u00f1a (Hurlingham), Luis Ghione (San Andr\u00e9s de Giles), el Presidente del Honorable Concejo Deliberante de Tigre, Julio Zamora, entre otros.<\/p>\n<p><span style=\"color: #888888;\">Fuente: Frente Renovador<\/span><\/p>\n","protected":false},"excerpt":{"rendered":"<p>El intendente Carlos Selva junto con el primer candidato a concejal Ricardo Bozzini fueron parte la presentaci\u00f3n de propuestas sobre &#8230; <a title=\"Selva y Bozzini junto a Massa y Rudolf Giuliani\" class=\"read-more\" href=\"https:\/\/www.hoymercedes.com.ar\/principal\/2013\/10\/22\/selva-y-bozzini-junto-a-massa-y-rudolf-giuliani\/\" aria-label=\"Leer m\u00e1s sobre Selva y Bozzini junto a Massa y Rudolf Giuliani\">Leer m\u00e1s<\/a><\/p>\n","protected":false},"author":1,"featured_media":0,"comment_status":"open","ping_status":"open","sticky":false,"template":"","format":"standard","meta":{"_monsterinsights_skip_tracking":false,"_monsterinsights_sitenote_active":false,"_monsterinsights_sitenote_note":"","_monsterinsights_sitenote_category":0,"jetpack_post_was_ever_published":false,"_jetpack_newsletter_access":"","_jetpack_dont_email_post_to_subs":false,"_jetpack_newsletter_tier_id":0,"_jetpack_memberships_contains_paywalled_content":false,"_jetpack_memberships_contains_paid_content":false,"footnotes":"","jetpack_publicize_message":"","jetpack_publicize_feature_enabled":true,"jetpack_social_post_already_shared":true,"jetpack_social_options":{"image_generator_settings":{"template":"highway","default_image_id":0,"font":"","enabled":false},"version":2},"_wpas_customize_per_network":false},"categories":[8],"tags":[4069],"class_list":["post-26763","post","type-post","status-publish","format-standard","hentry","category-sociedad","tag-selva-y-bozzini-junto-a-massa-y-rudolf-giuliani","generate-columns","tablet-grid-50","mobile-grid-100","grid-parent","grid-50"],"jetpack_publicize_connections":[],"jetpack_featured_media_url":"","wps_subtitle":"","jetpack_sharing_enabled":true,"_links":{"self":[{"href":"https:\/\/www.hoymercedes.com.ar\/principal\/wp-json\/wp\/v2\/posts\/26763","targetHints":{"allow":["GET"]}}],"collection":[{"href":"https:\/\/www.hoymercedes.com.ar\/principal\/wp-json\/wp\/v2\/posts"}],"about":[{"href":"https:\/\/www.hoymercedes.com.ar\/principal\/wp-json\/wp\/v2\/types\/post"}],"author":[{"embeddable":true,"href":"https:\/\/www.hoymercedes.com.ar\/principal\/wp-json\/wp\/v2\/users\/1"}],"replies":[{"embeddable":true,"href":"https:\/\/www.hoymercedes.com.ar\/principal\/wp-json\/wp\/v2\/comments?post=26763"}],"version-history":[{"count":0,"href":"https:\/\/www.hoymercedes.com.ar\/principal\/wp-json\/wp\/v2\/posts\/26763\/revisions"}],"wp:attachment":[{"href":"https:\/\/www.hoymercedes.com.ar\/principal\/wp-json\/wp\/v2\/media?parent=26763"}],"wp:term":[{"taxonomy":"category","embeddable":true,"href":"https:\/\/www.hoymercedes.com.ar\/principal\/wp-json\/wp\/v2\/categories?post=26763"},{"taxonomy":"post_tag","embeddable":true,"href":"https:\/\/www.hoymercedes.com.ar\/principal\/wp-json\/wp\/v2\/tags?post=26763"}],"curies":[{"name":"wp","href":"https:\/\/api.w.org\/{rel}","templated":true}]}}