{"id":26767,"date":"2013-10-22T12:22:42","date_gmt":"2013-10-22T12:22:42","guid":{"rendered":"http:\/\/www.hoymercedes.com.ar\/principal\/?p=26767"},"modified":"2013-10-22T12:22:42","modified_gmt":"2013-10-22T12:22:42","slug":"ustaroz-inicio-gestiones-para-contar-con-mayor-presencia-universitaria-en-mercedes","status":"publish","type":"post","link":"https:\/\/www.hoymercedes.com.ar\/principal\/2013\/10\/22\/ustaroz-inicio-gestiones-para-contar-con-mayor-presencia-universitaria-en-mercedes\/","title":{"rendered":"Ustaroz inici\u00f3 gestiones para contar con mayor presencia universitaria en Mercedes"},"content":{"rendered":"<p><em><strong>Desde el Frente para la Victoria anuncian que el primer candidato Juan Ustarroz inicio gestiones ante el Secretario de Pol\u00edticas Universitarias de Ministerio de Educaci\u00f3n de la Naci\u00f3n, Mart\u00edn Gill para poder contar con mayor oferta acad\u00e9mica de nivel superior.<\/strong><\/em><\/p>\n<p><em>\u201cNuestra idea es fortalecer el acceso a la educaci\u00f3n con el que ya cuenta Mercedes, sumar nuestro aporte en este sentido .\u00a0 Vemos que muchos chicos tienen que viajar a diferentes puntos como Luj\u00e1n, Buenos Aires o Lomas de Zamora para seguir la carrera que eligen y por eso nos parece importante ampliar la oferta en nuestra ciudad\u201d<\/em>, sostuvo Ustaroz<\/p>\n<p><em>\u201cYa presentamos en el Concejo Deliberante un proyecto de Becas Universitarias con un porcentaje del Fondo Educativo que el municipio recibe cada mes, y ahora lo que buscamos es ampliar la inclusi\u00f3n con una mayor oferta de carreras en Mercedes\u201d<\/em>.<\/p>\n<p>A falta de la firma de los acuerdos con las universidades, en principio las carreras terciarias que surgieron en la charla entre Ustarroz, De Pedro y Gill fueron Licenciatura en Administraci\u00f3n P\u00fablica (Programa Escuela de Gobierno), Diplomatura Superior en Gesti\u00f3n Educativa, Diplomatura en Econom\u00eda y Desarrollo Tur\u00edstico, Tecnicatura en Redes Inform\u00e1ticas, Tecnicatura en Comunicaci\u00f3n Popular y Licenciatura en Enfermer\u00eda.<\/p>\n<p><em>\u201cDesde el gobierno nacional se viene desarrollando un programa amplio para facilitar el acceso a la educaci\u00f3n en todos los niveles \u2013cont\u00f3 . En este caso, en el de carreras terciarias, existe el programa de Centros de Desarrollo Universitario Regionales, que consiste justamente en llevar especialidades a distintos puntos de la Argentina\u201d<\/em>, manifest\u00f3 Juan Ustarroz<\/p>\n<p>En Mercedes, entre otras propuestas, se dan todas las materias del Ciclo B\u00e1sico Com\u00fan de la Universidad de Buenos Aires, el primer a\u00f1o de administraci\u00f3n de la Universidad de Luj\u00e1n y la carrera de Martillero y Corredor P\u00fablico Rural de la Facultad de Agronom\u00eda.<\/p>\n<p><em>\u201cComo ya dijimos en otras oportunidades, del mismo modo que criticamos lo que consideramos se hace mal, siempre vamos a tratar de hacer nuestro aporte en las cosas que se hacen bien, como en este caso. Ojal\u00e1 la oferta educativa terciaria de Mercedes pueda ir creciendo. Esta posibilidad concreta de traer varias especializaciones va en el sentido que nosotros buscamos, que es el de tener una ciudad mejor\u201d<\/em>, concluy\u00f3.<\/p>\n<p><span style=\"color: #888888;\">Fuente: Frente para la Victoria<\/span><\/p>\n","protected":false},"excerpt":{"rendered":"<p>Desde el Frente para la Victoria anuncian que el primer candidato Juan Ustarroz inicio gestiones ante el Secretario de Pol\u00edticas &#8230; <a title=\"Ustaroz inici\u00f3 gestiones para contar con mayor presencia universitaria en Mercedes\" class=\"read-more\" href=\"https:\/\/www.hoymercedes.com.ar\/principal\/2013\/10\/22\/ustaroz-inicio-gestiones-para-contar-con-mayor-presencia-universitaria-en-mercedes\/\" aria-label=\"Leer m\u00e1s sobre Ustaroz inici\u00f3 gestiones para contar con mayor presencia universitaria en Mercedes\">Leer m\u00e1s<\/a><\/p>\n","protected":false},"author":1,"featured_media":0,"comment_status":"open","ping_status":"open","sticky":false,"template":"","format":"standard","meta":{"_monsterinsights_skip_tracking":false,"_monsterinsights_sitenote_active":false,"_monsterinsights_sitenote_note":"","_monsterinsights_sitenote_category":0,"jetpack_post_was_ever_published":false,"_jetpack_newsletter_access":"","_jetpack_dont_email_post_to_subs":false,"_jetpack_newsletter_tier_id":0,"_jetpack_memberships_contains_paywalled_content":false,"_jetpack_memberships_contains_paid_content":false,"footnotes":"","jetpack_publicize_message":"","jetpack_publicize_feature_enabled":true,"jetpack_social_post_already_shared":true,"jetpack_social_options":{"image_generator_settings":{"template":"highway","default_image_id":0,"font":"","enabled":false},"version":2},"_wpas_customize_per_network":false},"categories":[5],"tags":[540],"class_list":["post-26767","post","type-post","status-publish","format-standard","hentry","category-politica","tag-juani-ustarroz","generate-columns","tablet-grid-50","mobile-grid-100","grid-parent","grid-50"],"jetpack_publicize_connections":[],"jetpack_featured_media_url":"","wps_subtitle":"","jetpack_sharing_enabled":true,"_links":{"self":[{"href":"https:\/\/www.hoymercedes.com.ar\/principal\/wp-json\/wp\/v2\/posts\/26767","targetHints":{"allow":["GET"]}}],"collection":[{"href":"https:\/\/www.hoymercedes.com.ar\/principal\/wp-json\/wp\/v2\/posts"}],"about":[{"href":"https:\/\/www.hoymercedes.com.ar\/principal\/wp-json\/wp\/v2\/types\/post"}],"author":[{"embeddable":true,"href":"https:\/\/www.hoymercedes.com.ar\/principal\/wp-json\/wp\/v2\/users\/1"}],"replies":[{"embeddable":true,"href":"https:\/\/www.hoymercedes.com.ar\/principal\/wp-json\/wp\/v2\/comments?post=26767"}],"version-history":[{"count":0,"href":"https:\/\/www.hoymercedes.com.ar\/principal\/wp-json\/wp\/v2\/posts\/26767\/revisions"}],"wp:attachment":[{"href":"https:\/\/www.hoymercedes.com.ar\/principal\/wp-json\/wp\/v2\/media?parent=26767"}],"wp:term":[{"taxonomy":"category","embeddable":true,"href":"https:\/\/www.hoymercedes.com.ar\/principal\/wp-json\/wp\/v2\/categories?post=26767"},{"taxonomy":"post_tag","embeddable":true,"href":"https:\/\/www.hoymercedes.com.ar\/principal\/wp-json\/wp\/v2\/tags?post=26767"}],"curies":[{"name":"wp","href":"https:\/\/api.w.org\/{rel}","templated":true}]}}