{"id":26770,"date":"2013-10-22T12:52:56","date_gmt":"2013-10-22T12:52:56","guid":{"rendered":"http:\/\/www.hoymercedes.com.ar\/principal\/?p=26770"},"modified":"2013-10-22T13:14:19","modified_gmt":"2013-10-22T13:14:19","slug":"podemos-mercedes-necesita-de-una-izquierda-constructiva","status":"publish","type":"post","link":"https:\/\/www.hoymercedes.com.ar\/principal\/2013\/10\/22\/podemos-mercedes-necesita-de-una-izquierda-constructiva\/","title":{"rendered":"Pisano: Mercedes necesita de una izquierda constructiva"},"content":{"rendered":"<p><strong>PoDeMos Mercedes<\/strong><\/p>\n<p><em><strong>Desde hace ya unos cuantos a\u00f1os, un conjunto de socialistas tomamos la decisi\u00f3n de comenzar a transitar un nuevo camino en la construcci\u00f3n de frentes pol\u00edticos y electorales basados en programas de acci\u00f3n que sean coherentes con nuestros or\u00edgenes. En ese camino formamos hemos formado parte de frentes que poco a poco fueron desintegr\u00e1ndose debido al accionar de sus referentes nacionales quienes una y otra vez eligieron lo netamente electoral por sobre lo pol\u00edtico, pero no por eso perdimos la esperanza y seguimos pensando igual, por lo que hoy nos encontramos como integrantes del Frente PODEMOS, ya que nuestro partido a nivel provincial ha tomado la decisi\u00f3n de rearmar una nueva alianza con uno de los partidos que consideramos culpable de las crisis permanentes en que se encuentra nuestro pa\u00eds.<\/strong><\/em><\/p>\n<p>En nuestra ciudad, desde el recambio de autoridades realizado en el 2006 a la actualidad, los Socialistas venimos insistiendo en retomar la senda construida por Juan B. Justo, Alfredo Palacios, Alicia Moreau, Alfredo Bravo y Leonardo Telesca, y este camino no es otro que la defensa del pueblo trabajador, de los desocupados, de los excluidos, de los sin techo. En nuestro Centro Socialista no hay lugar para quienes buscan en la pol\u00edtica una salida laboral o beneficios econ\u00f3micos. Desde nuestro espacio, por mas peque\u00f1o que sea, buscamos construir una alternativa pol\u00edtica revolucionaria, que acabe con la hipocres\u00eda, la soberbia y la corrupci\u00f3n, que genere esperanzas de cambio y que la confianza vuelva a tener valor.<\/p>\n<p>Claramente nos diferenciamos del accionar pol\u00edtico de los espacios que se empecinan en predecir cat\u00e1strofes, como de aquellos negadores los avances de estos \u00faltimos a\u00f1os, avances que creemos deber\u00edan ser manejados de otra manera, pero que en definitiva no dejan de ser avances. Hemos sido coherentes con nuestros pensamientos frente a aquellas medidas que consideramos necesarias y hemos rechazado firmemente aquellas que consideramos contraproducentes para nuestro pueblo y que nada tienen que ver con nuestros principios, sino todo lo contrario. Tambi\u00e9n nos diferenciamos de los sectores que creen que las salidas a la crisis es con mayor crisis, en las que siempre el \u00fanico perjudicado es el pueblo. Nuestro accionar deber ser cuidadoso y respetuoso, analizando las diferentes realidades y coyunturas, para no terminar cometiendo errores que lo \u00fanico que hacen es fortalecer a los sectores mas reaccionarios y perdiendo oportunidades de avanzar en la construcci\u00f3n de una nueva cultura pol\u00edtica.<\/p>\n<p>Con humildad, creemos que los socialistas podemos ser parte de la transformaci\u00f3n que nuestra sociedad reclama, porque observamos que las tareas de gobierno que m\u00e1s necesita nuestro pueblo no aparecen en la agenda del oficialismo, ni en la de la oposici\u00f3n conservadora. A los socialistas nos movilizan grandes sentimientos de amor a la libertad, a la solidaridad y a la igualdad, valores por los que luchamos desde nuestro nacimiento como fuerza pol\u00edtica all\u00e1 en 1896 y que hoy mantenemos con orgullo.<\/p>\n<p>Venimos a proponer una salida a la crisis que vienen sufriendo las viejas estructuras, quienes han sido y siguen siendo c\u00f3mplices de la entrega permanente de nuestros recursos a manos de las multinacionales, que se unifican a la hora de pagar una deuda externa que debe ser auditada para saber qu\u00e9 es lo ilegal e ilegitimo que no debemos pagar, que por los medios se dicen de todo, pero a la hora de votar mediadas anti trabajadores se unen y responden a los poderes econ\u00f3micos como fue el caso de las leyes sobre ART y la Ley Antiterrorista.<\/p>\n<p>Hoy, desde Mercedes, pero tambi\u00e9n en muchos distritos de la provincia de Buenos Aires, vemos la necesidad de comenzar a construir una nueva izquierda, que sea abierta, amplia, capaz de consensuar puntos program\u00e1ticos b\u00e1sicos en la lucha por la defensa de los intereses de la clase trabajadora y los sectores populares, que no sea sectaria y mucho menos arrogante. Podemos observar que frente a la crisis de representatividad, la izquierda en general ha realizado grandes avances a nivel nacional, provincial y local, lo que nos genera la responsabilidad dar respuesta a esta necesidad de avanzar en la unidad, debatiendo las diferencias pol\u00edtico ideol\u00f3gicas y hasta te\u00f3ricas, pero superando las barreras de la vanidad y saliendo del enfrascamiento de lo t\u00e1ctico y estrat\u00e9gico que muchos sectores se empecinan de mantener, en pos de construir un nuevo movimiento de masas que sea capaz de llevar a la clase trabajadora a la cabeza de un proceso revolucionario que, m\u00e1s temprano que tarde har\u00e1 de la Argentina un pa\u00eds extremadamente igualitario, infinitamente solidario y definitivamente libre.<\/p>\n<p>&nbsp;<\/p>\n<p>Por todo lo expuesto y por la coherencia que hemos mantenido durante estos \u00daltimos a\u00f1os, es que invitamos a los vecinos de mercedes a sumarse a la construcci\u00f3n de un espacio que venga a cortar con la vieja pol\u00edtica, que ha demostrado en estos ultimos 30 a\u00f1os la incapacidad de enfrentar y solucionar los verdaderos problemas que sufre nuestro pueblo.<\/p>\n<p>Este 27 de octubre cortemos con la vieja pol\u00edtica, cortando boleta y votando a la lista 1703 del Frente PODEMOS.<\/p>\n","protected":false},"excerpt":{"rendered":"<p>PoDeMos Mercedes Desde hace ya unos cuantos a\u00f1os, un conjunto de socialistas tomamos la decisi\u00f3n de comenzar a transitar un &#8230; <a title=\"Pisano: Mercedes necesita de una izquierda constructiva\" class=\"read-more\" href=\"https:\/\/www.hoymercedes.com.ar\/principal\/2013\/10\/22\/podemos-mercedes-necesita-de-una-izquierda-constructiva\/\" aria-label=\"Leer m\u00e1s sobre Pisano: Mercedes necesita de una izquierda constructiva\">Leer m\u00e1s<\/a><\/p>\n","protected":false},"author":1,"featured_media":0,"comment_status":"open","ping_status":"open","sticky":false,"template":"","format":"standard","meta":{"_monsterinsights_skip_tracking":false,"_monsterinsights_sitenote_active":false,"_monsterinsights_sitenote_note":"","_monsterinsights_sitenote_category":0,"jetpack_post_was_ever_published":false,"_jetpack_newsletter_access":"","_jetpack_dont_email_post_to_subs":false,"_jetpack_newsletter_tier_id":0,"_jetpack_memberships_contains_paywalled_content":false,"_jetpack_memberships_contains_paid_content":false,"footnotes":"","jetpack_publicize_message":"","jetpack_publicize_feature_enabled":true,"jetpack_social_post_already_shared":true,"jetpack_social_options":{"image_generator_settings":{"template":"highway","default_image_id":0,"font":"","enabled":false},"version":2},"_wpas_customize_per_network":false},"categories":[5],"tags":[4070],"class_list":["post-26770","post","type-post","status-publish","format-standard","hentry","category-politica","tag-podemos-mercedes-necesita-de-una-izquierda-constructiva","generate-columns","tablet-grid-50","mobile-grid-100","grid-parent","grid-50"],"jetpack_publicize_connections":[],"jetpack_featured_media_url":"","wps_subtitle":"","jetpack_sharing_enabled":true,"_links":{"self":[{"href":"https:\/\/www.hoymercedes.com.ar\/principal\/wp-json\/wp\/v2\/posts\/26770","targetHints":{"allow":["GET"]}}],"collection":[{"href":"https:\/\/www.hoymercedes.com.ar\/principal\/wp-json\/wp\/v2\/posts"}],"about":[{"href":"https:\/\/www.hoymercedes.com.ar\/principal\/wp-json\/wp\/v2\/types\/post"}],"author":[{"embeddable":true,"href":"https:\/\/www.hoymercedes.com.ar\/principal\/wp-json\/wp\/v2\/users\/1"}],"replies":[{"embeddable":true,"href":"https:\/\/www.hoymercedes.com.ar\/principal\/wp-json\/wp\/v2\/comments?post=26770"}],"version-history":[{"count":0,"href":"https:\/\/www.hoymercedes.com.ar\/principal\/wp-json\/wp\/v2\/posts\/26770\/revisions"}],"wp:attachment":[{"href":"https:\/\/www.hoymercedes.com.ar\/principal\/wp-json\/wp\/v2\/media?parent=26770"}],"wp:term":[{"taxonomy":"category","embeddable":true,"href":"https:\/\/www.hoymercedes.com.ar\/principal\/wp-json\/wp\/v2\/categories?post=26770"},{"taxonomy":"post_tag","embeddable":true,"href":"https:\/\/www.hoymercedes.com.ar\/principal\/wp-json\/wp\/v2\/tags?post=26770"}],"curies":[{"name":"wp","href":"https:\/\/api.w.org\/{rel}","templated":true}]}}