{"id":26774,"date":"2013-10-22T15:22:56","date_gmt":"2013-10-22T15:22:56","guid":{"rendered":"http:\/\/www.hoymercedes.com.ar\/principal\/?p=26774"},"modified":"2013-10-22T14:31:40","modified_gmt":"2013-10-22T14:31:40","slug":"mercedino-detenido-en-lujan-intentando-robar-un-vehiculo","status":"publish","type":"post","link":"https:\/\/www.hoymercedes.com.ar\/principal\/2013\/10\/22\/mercedino-detenido-en-lujan-intentando-robar-un-vehiculo\/","title":{"rendered":"Mercedino detenido en Luj\u00e1n intentando robar un veh\u00edculo"},"content":{"rendered":"<p><em><strong>Un joven mercedino fue detenido en la vecina ciudad de Luj\u00e1n cuando intentaba junto a otro menor robar un automotor en pleno centro de la vecina ciudad. Intervenci\u00f3n de la pol\u00edcia y puestos a disposici\u00f3n de la justicia.<\/strong><\/em><\/p>\n<p>La noticia se conoci\u00f3 \u00e9ste lunes y fue reflejada por los medios de comunicaci\u00f3n de la vecina comunidad.<\/p>\n<p>Dos menores de 16 a\u00f1os de edad, uno de ellos perteneciente a Mercedes, fueron detenidos cuando buscaban sustraer un Peugeot 405 en pleno radio c\u00e9ntrico, espec\u00edficamente en avenidas Espa\u00f1a y Alvear durante la madrugada del domingo. El veh\u00edculo se hallaba estacionado sobre el garaje del domicilio de su propietario.<\/p>\n<p>En la detenci\u00f3n la polic\u00eda detecta que uno de los menores estaba armado con un revolver calibre 22, cargado y listo para disparar.<\/p>\n<p>Los menores terminaron bajo la \u00f3rbita de la justicia bajo el delito de \u00abhurto de veh\u00edculos\u00bb dejado en la v\u00eda p\u00fablica con el agravante de \u00abtentativa portaci\u00f3n de arma de uso civil\u00bb, inform\u00f3 Lujanenl\u00edna.<\/p>\n<p>La justicia actuante es la UFI N\u00ba 8 de Mercedes<\/p>\n","protected":false},"excerpt":{"rendered":"<p>Un joven mercedino fue detenido en la vecina ciudad de Luj\u00e1n cuando intentaba junto a otro menor robar un automotor &#8230; <a title=\"Mercedino detenido en Luj\u00e1n intentando robar un veh\u00edculo\" class=\"read-more\" href=\"https:\/\/www.hoymercedes.com.ar\/principal\/2013\/10\/22\/mercedino-detenido-en-lujan-intentando-robar-un-vehiculo\/\" aria-label=\"Leer m\u00e1s sobre Mercedino detenido en Luj\u00e1n intentando robar un veh\u00edculo\">Leer m\u00e1s<\/a><\/p>\n","protected":false},"author":1,"featured_media":0,"comment_status":"open","ping_status":"open","sticky":false,"template":"","format":"standard","meta":{"_monsterinsights_skip_tracking":false,"_monsterinsights_sitenote_active":false,"_monsterinsights_sitenote_note":"","_monsterinsights_sitenote_category":0,"jetpack_post_was_ever_published":false,"_jetpack_newsletter_access":"","_jetpack_dont_email_post_to_subs":false,"_jetpack_newsletter_tier_id":0,"_jetpack_memberships_contains_paywalled_content":false,"_jetpack_memberships_contains_paid_content":false,"footnotes":"","jetpack_publicize_message":"","jetpack_publicize_feature_enabled":true,"jetpack_social_post_already_shared":true,"jetpack_social_options":{"image_generator_settings":{"template":"highway","default_image_id":0,"font":"","enabled":false},"version":2},"_wpas_customize_per_network":false},"categories":[85],"tags":[4071,4072],"class_list":["post-26774","post","type-post","status-publish","format-standard","hentry","category-policial","tag-robo-mercedino","tag-robo-mercedino-en-lujan","generate-columns","tablet-grid-50","mobile-grid-100","grid-parent","grid-50"],"jetpack_publicize_connections":[],"jetpack_featured_media_url":"","wps_subtitle":"","jetpack_sharing_enabled":true,"_links":{"self":[{"href":"https:\/\/www.hoymercedes.com.ar\/principal\/wp-json\/wp\/v2\/posts\/26774","targetHints":{"allow":["GET"]}}],"collection":[{"href":"https:\/\/www.hoymercedes.com.ar\/principal\/wp-json\/wp\/v2\/posts"}],"about":[{"href":"https:\/\/www.hoymercedes.com.ar\/principal\/wp-json\/wp\/v2\/types\/post"}],"author":[{"embeddable":true,"href":"https:\/\/www.hoymercedes.com.ar\/principal\/wp-json\/wp\/v2\/users\/1"}],"replies":[{"embeddable":true,"href":"https:\/\/www.hoymercedes.com.ar\/principal\/wp-json\/wp\/v2\/comments?post=26774"}],"version-history":[{"count":0,"href":"https:\/\/www.hoymercedes.com.ar\/principal\/wp-json\/wp\/v2\/posts\/26774\/revisions"}],"wp:attachment":[{"href":"https:\/\/www.hoymercedes.com.ar\/principal\/wp-json\/wp\/v2\/media?parent=26774"}],"wp:term":[{"taxonomy":"category","embeddable":true,"href":"https:\/\/www.hoymercedes.com.ar\/principal\/wp-json\/wp\/v2\/categories?post=26774"},{"taxonomy":"post_tag","embeddable":true,"href":"https:\/\/www.hoymercedes.com.ar\/principal\/wp-json\/wp\/v2\/tags?post=26774"}],"curies":[{"name":"wp","href":"https:\/\/api.w.org\/{rel}","templated":true}]}}