{"id":26777,"date":"2013-10-22T21:14:19","date_gmt":"2013-10-22T21:14:19","guid":{"rendered":"http:\/\/www.hoymercedes.com.ar\/principal\/?p=26777"},"modified":"2013-10-22T23:19:30","modified_gmt":"2013-10-22T23:19:30","slug":"destruyen-garita-de-parada-de-omnibus","status":"publish","type":"post","link":"https:\/\/www.hoymercedes.com.ar\/principal\/2013\/10\/22\/destruyen-garita-de-parada-de-omnibus\/","title":{"rendered":"Tras choque se rompe garita de parada de \u00f3mnibus"},"content":{"rendered":"<p><a href=\"https:\/\/www.hoymercedes.com.ar\/principal\/wp-content\/uploads\/2013\/10\/GaritaDestruida.jpg\"><img loading=\"lazy\" decoding=\"async\" data-attachment-id=\"26779\" data-permalink=\"https:\/\/www.hoymercedes.com.ar\/principal\/2013\/10\/22\/destruyen-garita-de-parada-de-omnibus\/garitadestruida\/#main\" data-orig-file=\"https:\/\/www.hoymercedes.com.ar\/principal\/wp-content\/uploads\/2013\/10\/GaritaDestruida.jpg\" data-orig-size=\"620,930\" data-comments-opened=\"1\" data-image-meta=\"{&quot;aperture&quot;:&quot;6.3&quot;,&quot;credit&quot;:&quot;&quot;,&quot;camera&quot;:&quot;NIKON D3100&quot;,&quot;caption&quot;:&quot;&quot;,&quot;created_timestamp&quot;:&quot;1382026549&quot;,&quot;copyright&quot;:&quot;&quot;,&quot;focal_length&quot;:&quot;18&quot;,&quot;iso&quot;:&quot;100&quot;,&quot;shutter_speed&quot;:&quot;0.00625&quot;,&quot;title&quot;:&quot;&quot;}\" data-image-title=\"GaritaDestruida\" data-image-description=\"\" data-image-caption=\"\" data-large-file=\"https:\/\/www.hoymercedes.com.ar\/principal\/wp-content\/uploads\/2013\/10\/GaritaDestruida.jpg\" class=\"aligncenter size-full wp-image-26779\" alt=\"GaritaDestruida\" src=\"https:\/\/www.hoymercedes.com.ar\/principal\/wp-content\/uploads\/2013\/10\/GaritaDestruida.jpg\" width=\"620\" height=\"930\" srcset=\"https:\/\/www.hoymercedes.com.ar\/principal\/wp-content\/uploads\/2013\/10\/GaritaDestruida.jpg 620w, https:\/\/www.hoymercedes.com.ar\/principal\/wp-content\/uploads\/2013\/10\/GaritaDestruida-413x620.jpg 413w\" sizes=\"auto, (max-width: 620px) 100vw, 620px\" \/><\/a><\/p>\n<p><em><strong>La primera informaci\u00f3n oficial que circul\u00f3 fue que se podr\u00eda haber tratado de un acto de vandalismo. Luego, vecino de la zona aclararon a nuestro medio que se trat\u00f3 de un choque y que varios testigos vieron el golpe vehicular en que se rompi\u00f3 la garita.\u00a0<\/strong><\/em><\/p>\n<p>Tras conocerse la noticia en nuestro perfil de Facebook vecinos nos aclararon la situaci\u00f3n. Sonio, una vecina del lugar, manifest\u00f3:<em> \u00abno nada de eso fue un auto que choco esa garita en ese lugar se encontraba mucha personas que vieron como fue la\u00a0polic\u00eda\u00a0llego hasta el lugar y dejo que esta persona se retirara de ese lugar. Es mas pasaba una moto con uno de los de tr\u00e1nsito y sigui\u00f3 de largo\u00bb.<\/em><\/p>\n<p>La situaci\u00f3n informada originalmente se ve radicalmente modificada tras los aportes de los vecinos de nuestra ciudad que leyeron la noticia y r\u00e1pidamente nos aportaron datos frescos de importancia permiti\u00e9ndonos hacer un r\u00e1pido f\u00e9 de erratas.<\/p>\n<p>Nuestro Facebook es:\u00a0http:\/\/www.facebook.com\/pages\/Hoy-Mercedes\/339192141322<\/p>\n","protected":false},"excerpt":{"rendered":"<p>La primera informaci\u00f3n oficial que circul\u00f3 fue que se podr\u00eda haber tratado de un acto de vandalismo. Luego, vecino de &#8230; <a title=\"Tras choque se rompe garita de parada de \u00f3mnibus\" class=\"read-more\" href=\"https:\/\/www.hoymercedes.com.ar\/principal\/2013\/10\/22\/destruyen-garita-de-parada-de-omnibus\/\" aria-label=\"Leer m\u00e1s sobre Tras choque se rompe garita de parada de \u00f3mnibus\">Leer m\u00e1s<\/a><\/p>\n","protected":false},"author":1,"featured_media":0,"comment_status":"open","ping_status":"open","sticky":false,"template":"","format":"standard","meta":{"_monsterinsights_skip_tracking":false,"_monsterinsights_sitenote_active":false,"_monsterinsights_sitenote_note":"","_monsterinsights_sitenote_category":0,"jetpack_post_was_ever_published":false,"_jetpack_newsletter_access":"","_jetpack_dont_email_post_to_subs":false,"_jetpack_newsletter_tier_id":0,"_jetpack_memberships_contains_paywalled_content":false,"_jetpack_memberships_contains_paid_content":false,"footnotes":"","jetpack_publicize_message":"","jetpack_publicize_feature_enabled":true,"jetpack_social_post_already_shared":true,"jetpack_social_options":{"image_generator_settings":{"template":"highway","default_image_id":0,"font":"","enabled":false},"version":2},"_wpas_customize_per_network":false},"categories":[8],"tags":[4073],"class_list":["post-26777","post","type-post","status-publish","format-standard","hentry","category-sociedad","tag-garita-rota","generate-columns","tablet-grid-50","mobile-grid-100","grid-parent","grid-50"],"jetpack_publicize_connections":[],"jetpack_featured_media_url":"","wps_subtitle":"","jetpack_sharing_enabled":true,"_links":{"self":[{"href":"https:\/\/www.hoymercedes.com.ar\/principal\/wp-json\/wp\/v2\/posts\/26777","targetHints":{"allow":["GET"]}}],"collection":[{"href":"https:\/\/www.hoymercedes.com.ar\/principal\/wp-json\/wp\/v2\/posts"}],"about":[{"href":"https:\/\/www.hoymercedes.com.ar\/principal\/wp-json\/wp\/v2\/types\/post"}],"author":[{"embeddable":true,"href":"https:\/\/www.hoymercedes.com.ar\/principal\/wp-json\/wp\/v2\/users\/1"}],"replies":[{"embeddable":true,"href":"https:\/\/www.hoymercedes.com.ar\/principal\/wp-json\/wp\/v2\/comments?post=26777"}],"version-history":[{"count":0,"href":"https:\/\/www.hoymercedes.com.ar\/principal\/wp-json\/wp\/v2\/posts\/26777\/revisions"}],"wp:attachment":[{"href":"https:\/\/www.hoymercedes.com.ar\/principal\/wp-json\/wp\/v2\/media?parent=26777"}],"wp:term":[{"taxonomy":"category","embeddable":true,"href":"https:\/\/www.hoymercedes.com.ar\/principal\/wp-json\/wp\/v2\/categories?post=26777"},{"taxonomy":"post_tag","embeddable":true,"href":"https:\/\/www.hoymercedes.com.ar\/principal\/wp-json\/wp\/v2\/tags?post=26777"}],"curies":[{"name":"wp","href":"https:\/\/api.w.org\/{rel}","templated":true}]}}