{"id":26781,"date":"2013-10-22T22:56:55","date_gmt":"2013-10-22T22:56:55","guid":{"rendered":"http:\/\/www.hoymercedes.com.ar\/principal\/?p=26781"},"modified":"2013-10-22T22:56:55","modified_gmt":"2013-10-22T22:56:55","slug":"ustarroz-encabeza-acto-de-entrega-de-becas","status":"publish","type":"post","link":"https:\/\/www.hoymercedes.com.ar\/principal\/2013\/10\/22\/ustarroz-encabeza-acto-de-entrega-de-becas\/","title":{"rendered":"Ustarroz encabeza acto de entrega de Becas"},"content":{"rendered":"<p><a href=\"https:\/\/www.hoymercedes.com.ar\/principal\/wp-content\/uploads\/2013\/10\/becas-fmpv.jpg\"><img loading=\"lazy\" decoding=\"async\" data-attachment-id=\"26783\" data-permalink=\"https:\/\/www.hoymercedes.com.ar\/principal\/2013\/10\/22\/ustarroz-encabeza-acto-de-entrega-de-becas\/becas-fmpv\/#main\" data-orig-file=\"https:\/\/www.hoymercedes.com.ar\/principal\/wp-content\/uploads\/2013\/10\/becas-fmpv.jpg\" data-orig-size=\"620,474\" data-comments-opened=\"1\" data-image-meta=\"{&quot;aperture&quot;:&quot;0&quot;,&quot;credit&quot;:&quot;&quot;,&quot;camera&quot;:&quot;BlackBerry 9320&quot;,&quot;caption&quot;:&quot;&quot;,&quot;created_timestamp&quot;:&quot;0&quot;,&quot;copyright&quot;:&quot;&quot;,&quot;focal_length&quot;:&quot;0&quot;,&quot;iso&quot;:&quot;0&quot;,&quot;shutter_speed&quot;:&quot;0&quot;,&quot;title&quot;:&quot;&quot;}\" data-image-title=\"becas-fmpv\" data-image-description=\"\" data-image-caption=\"\" data-large-file=\"https:\/\/www.hoymercedes.com.ar\/principal\/wp-content\/uploads\/2013\/10\/becas-fmpv.jpg\" class=\"aligncenter size-full wp-image-26783\" alt=\"becas-fmpv\" src=\"https:\/\/www.hoymercedes.com.ar\/principal\/wp-content\/uploads\/2013\/10\/becas-fmpv.jpg\" width=\"620\" height=\"474\" \/><\/a><\/p>\n<p><em><strong>Se llev\u00f3 a cabo el acto de entrega de Becas a estudiantes. En el mismo, Juan Ustarroz remarc\u00f3 que\u00a0\u201cel acceso a la educaci\u00f3n es un derecho de todos\u201d. Se trata de una ayuda econ\u00f3mica para estudiantes secundarios y terciarios.\u00a0<\/strong><\/em><\/p>\n<p>Las becas, un total de 140 de entre $ 500 y $ 1.000, fueron gestionadas por el propio Ustarroz y el diputado provincial Alberto Espa\u00f1a ante la C\u00e1mara baja bonaerense. En este primer encuentro se entregaron alrededor de 50.<\/p>\n<p><em>\u201cEste aporte va en ese camino, en el de tratar de facilitarles a todos los vecinos el acceso a la educaci\u00f3n<\/em>\u201d, manifest\u00f3\u00a0Juani Ustarroz.<\/p>\n<p>El candidato del Frente Mercedino para la Victoria, en este mismo sentido, record\u00f3 el proyecto trabajado por su bloque en el Honorable Concejo Deliberante para financiar un proyecto de Becas Municipales para Estudiantes a trav\u00e9s del Fondo Educativo que llega mensualmente a la ciudad a trav\u00e9s de la coparticipaci\u00f3n.<\/p>\n<p><em>\u00a0\u201cHay una ordenanza existente desde 2005 que nunca se pudo poner en pr\u00e1ctica porque el proyecto de Becas Municipales nunca se sostuvo econ\u00f3micamente. Por eso nosotros ahora presentamos este proyecto, el de nutrirlo con un porcentaje del Fondo Educativo \u2013que en lo que del a\u00f1o ya supera los tres millones de pesos-, para ayudar a los estudiantes terciarios que deben viajar a otras ciudades para seguir la carrera que eligieron<\/em>\u201d, dijo.<\/p>\n<p><em>\u201cParalelamente \u2013agreg\u00f3-, avanzamos en un proyecto para traer a Mercedes distintas carreras terciarias, como tecnicaturas y licenciaturas en distintas especialidades, para ampliar la oferta existente en la ciudad. Esta propuesta ya est\u00e1 en marcha y esperamos materializarla en los pr\u00f3ximos meses con un Centro Universitario Regional. La educaci\u00f3n es un aspecto central de nuestro proyecto, es el eje vertebrador del crecimiento\u201d.<\/em><\/p>\n<p><span style=\"color: #888888;\">Fuente: Frente Mercedino<\/span><\/p>\n","protected":false},"excerpt":{"rendered":"<p>Se llev\u00f3 a cabo el acto de entrega de Becas a estudiantes. En el mismo, Juan Ustarroz remarc\u00f3 que\u00a0\u201cel acceso &#8230; <a title=\"Ustarroz encabeza acto de entrega de Becas\" class=\"read-more\" href=\"https:\/\/www.hoymercedes.com.ar\/principal\/2013\/10\/22\/ustarroz-encabeza-acto-de-entrega-de-becas\/\" aria-label=\"Leer m\u00e1s sobre Ustarroz encabeza acto de entrega de Becas\">Leer m\u00e1s<\/a><\/p>\n","protected":false},"author":1,"featured_media":0,"comment_status":"open","ping_status":"open","sticky":false,"template":"","format":"standard","meta":{"_monsterinsights_skip_tracking":false,"_monsterinsights_sitenote_active":false,"_monsterinsights_sitenote_note":"","_monsterinsights_sitenote_category":0,"jetpack_post_was_ever_published":false,"_jetpack_newsletter_access":"","_jetpack_dont_email_post_to_subs":false,"_jetpack_newsletter_tier_id":0,"_jetpack_memberships_contains_paywalled_content":false,"_jetpack_memberships_contains_paid_content":false,"footnotes":"","jetpack_publicize_message":"","jetpack_publicize_feature_enabled":true,"jetpack_social_post_already_shared":true,"jetpack_social_options":{"image_generator_settings":{"template":"highway","default_image_id":0,"font":"","enabled":false},"version":2},"_wpas_customize_per_network":false},"categories":[23],"tags":[4074,585],"class_list":["post-26781","post","type-post","status-publish","format-standard","hentry","category-educacion","tag-becas-estudiantes","tag-juan-ustarroz","generate-columns","tablet-grid-50","mobile-grid-100","grid-parent","grid-50"],"jetpack_publicize_connections":[],"jetpack_featured_media_url":"","wps_subtitle":"","jetpack_sharing_enabled":true,"_links":{"self":[{"href":"https:\/\/www.hoymercedes.com.ar\/principal\/wp-json\/wp\/v2\/posts\/26781","targetHints":{"allow":["GET"]}}],"collection":[{"href":"https:\/\/www.hoymercedes.com.ar\/principal\/wp-json\/wp\/v2\/posts"}],"about":[{"href":"https:\/\/www.hoymercedes.com.ar\/principal\/wp-json\/wp\/v2\/types\/post"}],"author":[{"embeddable":true,"href":"https:\/\/www.hoymercedes.com.ar\/principal\/wp-json\/wp\/v2\/users\/1"}],"replies":[{"embeddable":true,"href":"https:\/\/www.hoymercedes.com.ar\/principal\/wp-json\/wp\/v2\/comments?post=26781"}],"version-history":[{"count":0,"href":"https:\/\/www.hoymercedes.com.ar\/principal\/wp-json\/wp\/v2\/posts\/26781\/revisions"}],"wp:attachment":[{"href":"https:\/\/www.hoymercedes.com.ar\/principal\/wp-json\/wp\/v2\/media?parent=26781"}],"wp:term":[{"taxonomy":"category","embeddable":true,"href":"https:\/\/www.hoymercedes.com.ar\/principal\/wp-json\/wp\/v2\/categories?post=26781"},{"taxonomy":"post_tag","embeddable":true,"href":"https:\/\/www.hoymercedes.com.ar\/principal\/wp-json\/wp\/v2\/tags?post=26781"}],"curies":[{"name":"wp","href":"https:\/\/api.w.org\/{rel}","templated":true}]}}