{"id":26794,"date":"2013-10-23T11:25:49","date_gmt":"2013-10-23T11:25:49","guid":{"rendered":"http:\/\/www.hoymercedes.com.ar\/principal\/?p=26794"},"modified":"2013-10-23T11:25:49","modified_gmt":"2013-10-23T11:25:49","slug":"podemos-propone-que-todas-las-escuelas-esten-conectadas","status":"publish","type":"post","link":"https:\/\/www.hoymercedes.com.ar\/principal\/2013\/10\/23\/podemos-propone-que-todas-las-escuelas-esten-conectadas\/","title":{"rendered":"PODEMOS propone que todas las escuelas est\u00e9n conectadas"},"content":{"rendered":"<p><strong>Por Podemos Mercedes<\/strong><\/p>\n<p>Proponemos que se instale WiFii en todas las escuelas p\u00fablicas y un lugar cerrado para los estudiantes.Desde el Frente Podemos vemos que la realidad nos indica que cada vez m\u00e1s j\u00f3venes utilizan los medios digitales para m\u00faltiples actividades, como ser actividades educativas, entretenimientos, socializaci\u00f3n por medio de las redes, convocatorias, transferencias de datos, tr\u00e1mites y un sinf\u00edn de posibilidades. Por otro lado tambi\u00e9n observamos con alegr\u00eda que Mercedes es una de las ciudades que ha logrado completar la distribuci\u00f3n de Netbook del Plan Conectar Igualdad en su poblaci\u00f3n estudiantil.<\/p>\n<p>Un desfajase se da cuando ante la existencia de la herramienta nos encontramos con la inexistencia de otra. Ejemplo de ello es que los j\u00f3venes y docentes cuentan con las computadoras, pero, no con el servicio de internet, ya que muchas de las escuelas de la ciudad a\u00fan no est\u00e1n todas conectadas.<\/p>\n<p>La Municipalidad de Mercedes posee una distribuci\u00f3n de Wi Fi gratis en diversos puntos de la ciudad, como bulevares y plazas as\u00ed como en algunas dependencias p\u00fablicas.\u00a0 Tal instancia nos resulta valiosa para sostener la conectividad y brindar un servicio p\u00fablico, testimonio de ello es ver a los j\u00f3venes mercedinos en los bancos de avenida 47 o en algunas plazas de la ciudad.<\/p>\n<p>Frente a esta realidad es que proponemos:<\/p>\n<p>&#8211;\u00a0\u00a0\u00a0\u00a0\u00a0\u00a0\u00a0\u00a0\u00a0\u00a0Que el Municipio extienda su red p\u00fablica de acceso a internet liberado colocando prioridad a las Escuelas P\u00fablicas y a los espacios cercanos a instituciones educativas, entendiendo tal situaci\u00f3n dar\u00e1 acceso a los j\u00f3venes de un servicio gratis, libre, p\u00fablico y gratuito. A las familias no las obliga a contratar un servicio oneroso dado que podr\u00edan tener horas de acceso los m\u00e1s j\u00f3venes.<\/p>\n<p>&#8211;\u00a0\u00a0\u00a0\u00a0\u00a0\u00a0\u00a0\u00a0\u00a0\u00a0Facilita la tarea docente que podr\u00eda agendar actividades en y post horario de clases con los diversos programas y propuestas de Educ.ar, Conectar Igualdad, Conectate, entre otras p\u00e1ginas de internet.<\/p>\n<p>&#8211;\u00a0\u00a0\u00a0\u00a0\u00a0\u00a0\u00a0\u00a0\u00a0\u00a0Liberar\u00eda a las instituciones educativas de pagar un servicio.<\/p>\n<p>&#8211;\u00a0\u00a0\u00a0\u00a0\u00a0\u00a0\u00a0\u00a0\u00a0\u00a0Generar un espacio p\u00fablico abierto durante el d\u00eda donde los j\u00f3venes puedan concurrir a realizar trabajos con las computadoras.<\/p>\n<p>Es una realidad que las notebook est\u00e1n dentro de la sociedad, que tienen fines educativos y que son un elemento valioso para la formaci\u00f3n y la inclusi\u00f3n. Es por esto que consideramos \u00a0importante la posibilidad de explotar dicho recurso en toda su extensi\u00f3n para que se concrete en su totalidad el objetivo de la inclusi\u00f3n digital de miles de j\u00f3venes mercedinos.<\/p>\n","protected":false},"excerpt":{"rendered":"<p>Por Podemos Mercedes Proponemos que se instale WiFii en todas las escuelas p\u00fablicas y un lugar cerrado para los estudiantes.Desde &#8230; <a title=\"PODEMOS propone que todas las escuelas est\u00e9n conectadas\" class=\"read-more\" href=\"https:\/\/www.hoymercedes.com.ar\/principal\/2013\/10\/23\/podemos-propone-que-todas-las-escuelas-esten-conectadas\/\" aria-label=\"Leer m\u00e1s sobre PODEMOS propone que todas las escuelas est\u00e9n conectadas\">Leer m\u00e1s<\/a><\/p>\n","protected":false},"author":1,"featured_media":0,"comment_status":"open","ping_status":"open","sticky":false,"template":"","format":"standard","meta":{"_monsterinsights_skip_tracking":false,"_monsterinsights_sitenote_active":false,"_monsterinsights_sitenote_note":"","_monsterinsights_sitenote_category":0,"jetpack_post_was_ever_published":false,"_jetpack_newsletter_access":"","_jetpack_dont_email_post_to_subs":false,"_jetpack_newsletter_tier_id":0,"_jetpack_memberships_contains_paywalled_content":false,"_jetpack_memberships_contains_paid_content":false,"footnotes":"","jetpack_publicize_message":"","jetpack_publicize_feature_enabled":true,"jetpack_social_post_already_shared":true,"jetpack_social_options":{"image_generator_settings":{"template":"highway","default_image_id":0,"font":"","enabled":false},"version":2},"_wpas_customize_per_network":false},"categories":[5],"tags":[3616,4077],"class_list":["post-26794","post","type-post","status-publish","format-standard","hentry","category-politica","tag-podemos-mercedes","tag-wi-fi-escuelas","generate-columns","tablet-grid-50","mobile-grid-100","grid-parent","grid-50"],"jetpack_publicize_connections":[],"jetpack_featured_media_url":"","wps_subtitle":"","jetpack_sharing_enabled":true,"_links":{"self":[{"href":"https:\/\/www.hoymercedes.com.ar\/principal\/wp-json\/wp\/v2\/posts\/26794","targetHints":{"allow":["GET"]}}],"collection":[{"href":"https:\/\/www.hoymercedes.com.ar\/principal\/wp-json\/wp\/v2\/posts"}],"about":[{"href":"https:\/\/www.hoymercedes.com.ar\/principal\/wp-json\/wp\/v2\/types\/post"}],"author":[{"embeddable":true,"href":"https:\/\/www.hoymercedes.com.ar\/principal\/wp-json\/wp\/v2\/users\/1"}],"replies":[{"embeddable":true,"href":"https:\/\/www.hoymercedes.com.ar\/principal\/wp-json\/wp\/v2\/comments?post=26794"}],"version-history":[{"count":0,"href":"https:\/\/www.hoymercedes.com.ar\/principal\/wp-json\/wp\/v2\/posts\/26794\/revisions"}],"wp:attachment":[{"href":"https:\/\/www.hoymercedes.com.ar\/principal\/wp-json\/wp\/v2\/media?parent=26794"}],"wp:term":[{"taxonomy":"category","embeddable":true,"href":"https:\/\/www.hoymercedes.com.ar\/principal\/wp-json\/wp\/v2\/categories?post=26794"},{"taxonomy":"post_tag","embeddable":true,"href":"https:\/\/www.hoymercedes.com.ar\/principal\/wp-json\/wp\/v2\/tags?post=26794"}],"curies":[{"name":"wp","href":"https:\/\/api.w.org\/{rel}","templated":true}]}}