{"id":26808,"date":"2013-10-23T15:56:01","date_gmt":"2013-10-23T15:56:01","guid":{"rendered":"http:\/\/www.hoymercedes.com.ar\/principal\/?p=26808"},"modified":"2013-10-24T00:57:17","modified_gmt":"2013-10-24T00:57:17","slug":"ustarroz-la-gente-esta-muy-contenta-y-conforme-con-la-propuesta-del-frente%c2%b7","status":"publish","type":"post","link":"https:\/\/www.hoymercedes.com.ar\/principal\/2013\/10\/23\/ustarroz-la-gente-esta-muy-contenta-y-conforme-con-la-propuesta-del-frente%c2%b7\/","title":{"rendered":"Ustarroz: \u00abla gente est\u00e1 muy contenta y conforme con la propuesta del Frente\u00bb"},"content":{"rendered":"<p><em><strong>El primer candidato a concejal, \u201cJuani\u201d Ustarroz, dialog\u00f3 con Semanario D\u00e9cadas y se refiri\u00f3 a varios temas y las pr\u00f3ximas elecciones. Adem\u00e1s hizo referencia a que se siente con pilas para rato.<\/strong><\/em><\/p>\n<p><strong>Predio de la Trocha<\/strong><\/p>\n<p>El pasado s\u00e1bado fue inaugurado el predio de la Trocha donde miles de personas pasaron a visitar el \u201cnuevo\u201d estado del lugar que hac\u00eda mucho tiempo se encontraba en abandono. El Dr. Ustarroz se mostr\u00f3 muy agradecido con los que pasaron por el predio y la realizaci\u00f3n del evento que transcurri\u00f3 como estaba planeado. \u201cHa sido una inauguraci\u00f3n extraordinaria, donde se acerc\u00f3 la familia con su equipo de mate, sillas y disfrut\u00f3 de cada espect\u00e1culo que se desarroll\u00f3. Se les ha dado un lugar a j\u00f3venes m\u00fasicos de nuestra ciudad que pudieron demostrar sus habilidades art\u00edsticas con total libertad. Tambi\u00e9n los artesanos pudieron ofrecer sus productos sin tener ning\u00fan costo alguno. Los bomberos voluntarios, una instituci\u00f3n tan noble y digna de Mercedes, estuvieron a cargo de la cantina y logr\u00f3 una buena recaudaci\u00f3n. Fue una jornada maravillosa. Recuperar ese predio de seis hect\u00e1reas que est\u00e1 en el coraz\u00f3n de la ciudad, luego de desmalezarlo e iluminarlo, creo que es algo muy gratificante\u201d, expresaba Ustarroz.<\/p>\n<p>Con respecto a lo que se viene en el predio \u201cJuani\u201d mencionaba la iluminaci\u00f3n del and\u00e9n, la restauraci\u00f3n de todo el edificio y \u201cesto se hace con la articulaci\u00f3n de naci\u00f3n y provincia, y como todas las cosas en la vida, sacrificio, esfuerzo y trabajo\u201d, expresaba.<\/p>\n<p>Es sabido p\u00fablicamente que acusan al gobierno de cederlo a una agrupaci\u00f3n que tiene directa relaci\u00f3n con \u201cLa Campora\u201d, al respecto Ustarroz dec\u00eda: \u201cel predio ha sido cedido formalmente el uso a una ONG, que lo \u00fanico que tiene es la administraci\u00f3n del uso\u201d.<\/p>\n<p><strong>Inauguraci\u00f3n de la nueva sede de ANSES<\/strong><\/p>\n<p>Si bien hasta el momento lo que se sabe es de la inauguraci\u00f3n, Ustarroz hizo un breve relato de la funci\u00f3n que le toca afrontar el nuevo edificio \u201cla ANSES no s\u00f3lo logr\u00f3 recuperar una esquina que estaba abandonada. Mercedes en su momento fue la \u201cPerla del Oeste\u201d, una ciudad pujante de lo administrativo y que a trav\u00e9s del tiempo, y el caso del ANSES, fue perdiendo la dependencia de muchos municipios. Cuando asum\u00ed en el 2010 eran dos los municipios, y hoy ya son 26. Esto es jerarquizar a la ciudad, generar m\u00e1s recursos, porque no solamente funciona a nivel local, sino tambi\u00e9n regional. Los servicios son los que se prestaban anteriormente, pero con la posibilidad de incorporar cada vez m\u00e1s. Ejemplo: uno de los temas prioritarios es el del plan ProCreAr y estamos articulando con el Banco Hipotecario para que despu\u00e9s del sorteo del 22 podamos contar con personal de la entidad para que pueda despejar todas las dudas y la gente no tenga que viajar a otras ciudades\u201d.<\/p>\n<p><strong>De cara al 27 de octubre<\/strong><\/p>\n<p>El Frente Mercedino consigui\u00f3 posicionarse como la fuerza pol\u00edtica en segundo lugar en las PASO, desde all\u00ed \u201cJuani\u201d hace un balance y comprueba un acompa\u00f1amiento m\u00e1s profundo para este 27 de octubre. \u201cLo que vemos es una mayor inserci\u00f3n en sectores que antes eran m\u00e1s dif\u00edciles, se nos est\u00e1n abriendo muchas puertas, la gente est\u00e1 muy contenta y conforme con la propuesta del Frente, que tiene que ver con sumar proyectos concretos y reales para la ciudad, que justamente redundan en beneficios para todos los mercedinos, entonces esto hace que el Frente tenga una perspectiva de crecimiento con respecto a agosto\u201d, nos dec\u00eda Ustarroz.<\/p>\n<p><strong>\u201cHay pilas para rato, los agravios que uno sufre son siempre de un mismo sector\u201d<\/strong><\/p>\n<p>Con respecto a una posible desvinculaci\u00f3n con el Frente Mercedino y de la pol\u00edtica, Ustarroz nos dec\u00eda: \u201cHay pilas para rato, los agravios que uno sufre son siempre de un mismo sector, a m\u00ed no me afecta, el cuero se va ensanchando, por ah\u00ed si debo reconocer que al tener tres hijos, una familia, perjudican, pero uno sabe lo que busca a trav\u00e9s de la funci\u00f3n p\u00fablica. Cada vez siento m\u00e1s energ\u00eda y m\u00e1s fuerza, porque la misma gente te lo va transmitiendo. El s\u00e1bado bastaba caminar por la Trocha, y recibir tantos gestos de cari\u00f1o y afecto. Afortunadamente me pasa muy seguido esto porque integro y conduzco un espacio que est\u00e1 compuesto por muchos hombres y mujeres de nuestra ciudad de todos los sectores sociales, de todas las edades y tienen una clara vocaci\u00f3n de trabajo y de servicio\u201d.<\/p>\n","protected":false},"excerpt":{"rendered":"<p>El primer candidato a concejal, \u201cJuani\u201d Ustarroz, dialog\u00f3 con Semanario D\u00e9cadas y se refiri\u00f3 a varios temas y las pr\u00f3ximas &#8230; <a title=\"Ustarroz: \u00abla gente est\u00e1 muy contenta y conforme con la propuesta del Frente\u00bb\" class=\"read-more\" href=\"https:\/\/www.hoymercedes.com.ar\/principal\/2013\/10\/23\/ustarroz-la-gente-esta-muy-contenta-y-conforme-con-la-propuesta-del-frente%c2%b7\/\" aria-label=\"Leer m\u00e1s sobre Ustarroz: \u00abla gente est\u00e1 muy contenta y conforme con la propuesta del Frente\u00bb\">Leer m\u00e1s<\/a><\/p>\n","protected":false},"author":1,"featured_media":0,"comment_status":"open","ping_status":"open","sticky":false,"template":"","format":"standard","meta":{"_monsterinsights_skip_tracking":false,"_monsterinsights_sitenote_active":false,"_monsterinsights_sitenote_note":"","_monsterinsights_sitenote_category":0,"jetpack_post_was_ever_published":false,"_jetpack_newsletter_access":"","_jetpack_dont_email_post_to_subs":false,"_jetpack_newsletter_tier_id":0,"_jetpack_memberships_contains_paywalled_content":false,"_jetpack_memberships_contains_paid_content":false,"footnotes":"","jetpack_publicize_message":"","jetpack_publicize_feature_enabled":true,"jetpack_social_post_already_shared":true,"jetpack_social_options":{"image_generator_settings":{"template":"highway","default_image_id":0,"font":"","enabled":false},"version":2},"_wpas_customize_per_network":false},"categories":[5],"tags":[424],"class_list":["post-26808","post","type-post","status-publish","format-standard","hentry","category-politica","tag-ustarroz","generate-columns","tablet-grid-50","mobile-grid-100","grid-parent","grid-50"],"jetpack_publicize_connections":[],"jetpack_featured_media_url":"","wps_subtitle":"","jetpack_sharing_enabled":true,"_links":{"self":[{"href":"https:\/\/www.hoymercedes.com.ar\/principal\/wp-json\/wp\/v2\/posts\/26808","targetHints":{"allow":["GET"]}}],"collection":[{"href":"https:\/\/www.hoymercedes.com.ar\/principal\/wp-json\/wp\/v2\/posts"}],"about":[{"href":"https:\/\/www.hoymercedes.com.ar\/principal\/wp-json\/wp\/v2\/types\/post"}],"author":[{"embeddable":true,"href":"https:\/\/www.hoymercedes.com.ar\/principal\/wp-json\/wp\/v2\/users\/1"}],"replies":[{"embeddable":true,"href":"https:\/\/www.hoymercedes.com.ar\/principal\/wp-json\/wp\/v2\/comments?post=26808"}],"version-history":[{"count":0,"href":"https:\/\/www.hoymercedes.com.ar\/principal\/wp-json\/wp\/v2\/posts\/26808\/revisions"}],"wp:attachment":[{"href":"https:\/\/www.hoymercedes.com.ar\/principal\/wp-json\/wp\/v2\/media?parent=26808"}],"wp:term":[{"taxonomy":"category","embeddable":true,"href":"https:\/\/www.hoymercedes.com.ar\/principal\/wp-json\/wp\/v2\/categories?post=26808"},{"taxonomy":"post_tag","embeddable":true,"href":"https:\/\/www.hoymercedes.com.ar\/principal\/wp-json\/wp\/v2\/tags?post=26808"}],"curies":[{"name":"wp","href":"https:\/\/api.w.org\/{rel}","templated":true}]}}