{"id":26829,"date":"2013-10-24T14:14:13","date_gmt":"2013-10-24T14:14:13","guid":{"rendered":"http:\/\/www.hoymercedes.com.ar\/principal\/?p=26829"},"modified":"2013-10-24T14:14:13","modified_gmt":"2013-10-24T14:14:13","slug":"mic-y-la-necesidad-de-cortar-boleta-nosotros-vamos-a-sacar-el-doble-de-votos-dos-mil-seran-el-voto-util","status":"publish","type":"post","link":"https:\/\/www.hoymercedes.com.ar\/principal\/2013\/10\/24\/mic-y-la-necesidad-de-cortar-boleta-nosotros-vamos-a-sacar-el-doble-de-votos-dos-mil-seran-el-voto-util\/","title":{"rendered":"MIC y la necesidad de cortar boleta: \u00abNosotros vamos a sacar el doble de votos, dos mil ser\u00e1n el voto \u00fatil\u00bb"},"content":{"rendered":"<p><a href=\"https:\/\/www.hoymercedes.com.ar\/principal\/wp-content\/uploads\/2013\/10\/mic.jpg\"><img loading=\"lazy\" decoding=\"async\" data-attachment-id=\"26831\" data-permalink=\"https:\/\/www.hoymercedes.com.ar\/principal\/2013\/10\/24\/mic-y-la-necesidad-de-cortar-boleta-nosotros-vamos-a-sacar-el-doble-de-votos-dos-mil-seran-el-voto-util\/mic-3\/#main\" data-orig-file=\"https:\/\/www.hoymercedes.com.ar\/principal\/wp-content\/uploads\/2013\/10\/mic.jpg\" data-orig-size=\"620,938\" data-comments-opened=\"1\" data-image-meta=\"{&quot;aperture&quot;:&quot;0&quot;,&quot;credit&quot;:&quot;&quot;,&quot;camera&quot;:&quot;&quot;,&quot;caption&quot;:&quot;&quot;,&quot;created_timestamp&quot;:&quot;0&quot;,&quot;copyright&quot;:&quot;&quot;,&quot;focal_length&quot;:&quot;0&quot;,&quot;iso&quot;:&quot;0&quot;,&quot;shutter_speed&quot;:&quot;0&quot;,&quot;title&quot;:&quot;&quot;}\" data-image-title=\"mic\" data-image-description=\"\" data-image-caption=\"\" data-large-file=\"https:\/\/www.hoymercedes.com.ar\/principal\/wp-content\/uploads\/2013\/10\/mic.jpg\" class=\"aligncenter size-full wp-image-26831\" alt=\"mic\" src=\"https:\/\/www.hoymercedes.com.ar\/principal\/wp-content\/uploads\/2013\/10\/mic.jpg\" width=\"620\" height=\"938\" srcset=\"https:\/\/www.hoymercedes.com.ar\/principal\/wp-content\/uploads\/2013\/10\/mic.jpg 620w, https:\/\/www.hoymercedes.com.ar\/principal\/wp-content\/uploads\/2013\/10\/mic-409x620.jpg 409w\" sizes=\"auto, (max-width: 620px) 100vw, 620px\" \/><\/a><\/p>\n<p><em><strong>El MIC llega a las urnas del 27 de octubre con una sola instancia y es la local para \u00a0Concejales y Consejeros Escolares, pero lo que caracteriza a esta fuerza es el gran crecimiento que ha tenido en los \u00faltimos tiempos. Si bien en las PASO qued\u00f3 posicionada en el tercer lugar, buscara el pr\u00f3ximo 27 superar el piso de votos y poder sumar 3 concejales al HCD.<\/strong><\/em><\/p>\n<p>Su m\u00e1ximo representante, Jos\u00e9 Cestari, acompa\u00f1ado de otros candidatos, dialogaron d\u00edas atr\u00e1s con la prensa \u00a0y luego de mostrarse muy positivos y con mucha confianza, el propio Cestari dio un ejemplo concreto de c\u00f3mo votar para poder elegir a su fuerza pol\u00edtica y no perder votos como ocurri\u00f3 en las elecciones anteriores debido al mal corte de boleta.<\/p>\n<p>Este 27 se eligen diputados nacionales, senadores provinciales y concejales y consejeros escolares, esta \u00faltima categor\u00eda es donde se inserta la fuerza MIC, es por eso que el concejal insiste en el \u201cbuen\u201d corte de boleta para no ser voto impugnado.<\/p>\n<p>Cabe recordar que el MIC, insisten desde la fuerza, no cuenta con el apoyo econ\u00f3mico de ninguna clase de fuerza pol\u00edtica y costean todos los gastos con fondos propios de sus bolsillos.<\/p>\n<p><em>\u201cEl 11 de agosto la gente nos dio un voto de confianza important\u00edsimo, estamos recontra agradecidos, esperemos duplicar este esfuerzo\u201d<\/em>, comentaba Cestari.<\/p>\n<p>A su vez el candidato en segundo t\u00e9rmino, Juan Carlos Badano mencion\u00f3: <em>\u201cHemos mantenido la coherencia, la responsabilidad y el trabajo durante este tiempo, donde hemos visto infinidades de peleas y enfrentamiento que no llegan a nada, el MIC ha seguido trabajando y presentado proyectos, siempre con el mismo ritmo de a\u00f1os no electorales, de modo que esa es nuestra carta de presentaci\u00f3n para el 27 de octubre. Que la gente sepa que somos la alternativa. Nada ni nadie nos ha comprado ni nos va a comprar\u201d<\/em>.<\/p>\n<p>Teresita Mansilla, candidata en cuarto lugar, se mostr\u00f3 muy agradecida por el acompa\u00f1amiento de la gente, tambi\u00e9n recalc\u00f3 la importancia que tiene el corte de boleta.<\/p>\n<p>Si bien hasta el momento se conocieron diversas encuestas que ponen al MIC en una escala superior a las PASO, Cestari pidi\u00f3 ser prudente y que el verdadero resultado se conocer\u00e1 el pr\u00f3ximo 27.<\/p>\n<p><strong>Pronostico Cestari<\/strong><\/p>\n<p><em>\u201cNosotros vamos a sacar el doble de votos, porque mil votos van a venir de gente que no nos conoc\u00eda. El bomm del MIC que comenz\u00f3 el 11 de agosto est\u00e1 pronto de llegar a su punto m\u00e1s alto. Dos mil votos ser\u00e1n del voto \u00fatil, este no llega, apoyemos al MIC que tiene posibilidades, y otros mil llegaran de gente que opt\u00f3 en primer instancia por fuerza que ya no participan el pr\u00f3ximo 27, ese es nuestro pron\u00f3stico\u201d,<\/em> as\u00ed se expresaba Jos\u00e9 Cestari, donde queda m\u00e1s que claro la confianza que depositan en los vecinos.<\/p>\n<p>&nbsp;<\/p>\n","protected":false},"excerpt":{"rendered":"<p>El MIC llega a las urnas del 27 de octubre con una sola instancia y es la local para \u00a0Concejales &#8230; <a title=\"MIC y la necesidad de cortar boleta: \u00abNosotros vamos a sacar el doble de votos, dos mil ser\u00e1n el voto \u00fatil\u00bb\" class=\"read-more\" href=\"https:\/\/www.hoymercedes.com.ar\/principal\/2013\/10\/24\/mic-y-la-necesidad-de-cortar-boleta-nosotros-vamos-a-sacar-el-doble-de-votos-dos-mil-seran-el-voto-util\/\" aria-label=\"Leer m\u00e1s sobre MIC y la necesidad de cortar boleta: \u00abNosotros vamos a sacar el doble de votos, dos mil ser\u00e1n el voto \u00fatil\u00bb\">Leer m\u00e1s<\/a><\/p>\n","protected":false},"author":1,"featured_media":0,"comment_status":"open","ping_status":"open","sticky":false,"template":"","format":"standard","meta":{"_monsterinsights_skip_tracking":false,"_monsterinsights_sitenote_active":false,"_monsterinsights_sitenote_note":"","_monsterinsights_sitenote_category":0,"jetpack_post_was_ever_published":false,"_jetpack_newsletter_access":"","_jetpack_dont_email_post_to_subs":false,"_jetpack_newsletter_tier_id":0,"_jetpack_memberships_contains_paywalled_content":false,"_jetpack_memberships_contains_paid_content":false,"footnotes":"","jetpack_publicize_message":"","jetpack_publicize_feature_enabled":true,"jetpack_social_post_already_shared":true,"jetpack_social_options":{"image_generator_settings":{"template":"highway","default_image_id":0,"font":"","enabled":false},"version":2},"_wpas_customize_per_network":false},"categories":[5],"tags":[321,1956],"class_list":["post-26829","post","type-post","status-publish","format-standard","hentry","category-politica","tag-jose-cestari","tag-mic-mercedes","generate-columns","tablet-grid-50","mobile-grid-100","grid-parent","grid-50"],"jetpack_publicize_connections":[],"jetpack_featured_media_url":"","wps_subtitle":"","jetpack_sharing_enabled":true,"_links":{"self":[{"href":"https:\/\/www.hoymercedes.com.ar\/principal\/wp-json\/wp\/v2\/posts\/26829","targetHints":{"allow":["GET"]}}],"collection":[{"href":"https:\/\/www.hoymercedes.com.ar\/principal\/wp-json\/wp\/v2\/posts"}],"about":[{"href":"https:\/\/www.hoymercedes.com.ar\/principal\/wp-json\/wp\/v2\/types\/post"}],"author":[{"embeddable":true,"href":"https:\/\/www.hoymercedes.com.ar\/principal\/wp-json\/wp\/v2\/users\/1"}],"replies":[{"embeddable":true,"href":"https:\/\/www.hoymercedes.com.ar\/principal\/wp-json\/wp\/v2\/comments?post=26829"}],"version-history":[{"count":0,"href":"https:\/\/www.hoymercedes.com.ar\/principal\/wp-json\/wp\/v2\/posts\/26829\/revisions"}],"wp:attachment":[{"href":"https:\/\/www.hoymercedes.com.ar\/principal\/wp-json\/wp\/v2\/media?parent=26829"}],"wp:term":[{"taxonomy":"category","embeddable":true,"href":"https:\/\/www.hoymercedes.com.ar\/principal\/wp-json\/wp\/v2\/categories?post=26829"},{"taxonomy":"post_tag","embeddable":true,"href":"https:\/\/www.hoymercedes.com.ar\/principal\/wp-json\/wp\/v2\/tags?post=26829"}],"curies":[{"name":"wp","href":"https:\/\/api.w.org\/{rel}","templated":true}]}}