{"id":26848,"date":"2013-10-24T18:55:01","date_gmt":"2013-10-24T18:55:01","guid":{"rendered":"http:\/\/www.hoymercedes.com.ar\/principal\/?p=26848"},"modified":"2013-10-24T18:55:01","modified_gmt":"2013-10-24T18:55:01","slug":"daniel-scioli-queremos-trabajar-con-juani-y-todo-su-equipo","status":"publish","type":"post","link":"https:\/\/www.hoymercedes.com.ar\/principal\/2013\/10\/24\/daniel-scioli-queremos-trabajar-con-juani-y-todo-su-equipo\/","title":{"rendered":"Daniel Scioli: \u00abqueremos trabajar con Juani y todo su equipo\u00bb"},"content":{"rendered":"<p><em><strong>El gobernador de la Provincia de Buenos Aires llev\u00f3 a cabo una nueva visita a nuestra ciudad donde brind\u00f3 una conferencia de prensa junto a los integrantes del Frente Mercedino, como el candidato a concejal Juan Ustarroz, el Diputado Nacional Wado De Pedro y el Diputado Provincial Alberto Espa\u00f1a. Tambi\u00e9n estuvo Antonio Delfino, intendente de Suipacha.\u00a0<\/strong><\/em><\/p>\n<p>Scioli afirm\u00f3 que: <em>\u00abSoy un defensor del cambio que hemos encarado en la Provincia, que por primera vez est\u00e1 integrada en pol\u00edticas sociales, econ\u00f3micas productivas a un proyecto nacional y los resultados est\u00e1n a la vista\u201d<\/em><\/p>\n<p>El gobernador tuvo la bienvenido por parte de los miembros del Frente para la Victoria y llev\u00f3 a cabo un encuentro en la C\u00e1mara Econ\u00f3mica Mercedina.<\/p>\n<p>Scioli afirm\u00f3, entre otros conceptos, que:<em> \u00abEstamos para acompa\u00f1ar y para convocar a los compa\u00f1eros trabajadores a respaldar el domingo las pol\u00edticas que se han venido realizando (&#8230;) queremos trabajar con Juani y todo su equipo que est\u00e1 hoy aqu\u00ed, con el acompa\u00f1amiento de Alberto Espa\u00f1a, de Wado de Pedro, con el compromiso personal e institucional. (&#8230;) Estamos trabajando para solucionar los diversos problemas \u00a0(&#8230;) \u00a0Hemos recuperado los Argentino en los \u00faltimos a\u00f1os las mejores tradiciones. (&#8230;)\u00a0no se trata de votar a un gran candidato \u00a0como Juan y a todo su equipo que expresan fielmente esas pol\u00edticas p\u00fablicas, sino a convocar a un voto a favor de la provincia y del pa\u00eds\u00bb.\u00a0<\/em><\/p>\n<p>Consciente de que se encontraba en el C\u00e1mara Econ\u00f3mica manifest\u00f3 que han sido constantes las pol\u00edticas de apoyo a la industria y el comercio, para su impulso y sostenimiento, tanto del gobierno nacional como provincial y que: \u00ab<em>el gremio de la construcci\u00f3n es un movilizador de la econom\u00eda\u00bb<\/em> y remarc\u00f3 el<em> \u00abfuerte impulso de industrializaci\u00f3n del interior de la provincia de Buenos Aires\u00bb.<\/em><\/p>\n<p>En cuanto al a elecci\u00f3n sostuvo que hay que estar alerta a:\u00a0<em>\u00abLos candidatos que quieren sembrar miedo diciendo que la inflaci\u00f3n te va a licuar el salario, con la inseguridad\u00bb <\/em>remarcando que los integrante del Frente para la Victoria<em> \u00absiempre buscan pol\u00edticas en el mismo sentido, el de la integraci\u00f3n\u00bb.<\/em><\/p>\n<p>El gobernador dej\u00f3 su apoyo a la candidatura de Juan Ustarroz qui\u00e9n inici\u00f3 el encuentro recordando a N\u00e9stor Kirchner, sus valores, su tarea y remarc\u00f3 la pol\u00e9mica por el \u00abcuadro bajado el d\u00eda anterior\u00bb.<\/p>\n<p>De esta manera el Frente para la Victoria da un marco importante al cierre de campa\u00f1a que se viene realizando en \u00e9stas horas antes de la veda que regir\u00e1 con miras a las elecciones del pr\u00f3ximo domingo.<\/p>\n","protected":false},"excerpt":{"rendered":"<p>El gobernador de la Provincia de Buenos Aires llev\u00f3 a cabo una nueva visita a nuestra ciudad donde brind\u00f3 una &#8230; <a title=\"Daniel Scioli: \u00abqueremos trabajar con Juani y todo su equipo\u00bb\" class=\"read-more\" href=\"https:\/\/www.hoymercedes.com.ar\/principal\/2013\/10\/24\/daniel-scioli-queremos-trabajar-con-juani-y-todo-su-equipo\/\" aria-label=\"Leer m\u00e1s sobre Daniel Scioli: \u00abqueremos trabajar con Juani y todo su equipo\u00bb\">Leer m\u00e1s<\/a><\/p>\n","protected":false},"author":1,"featured_media":0,"comment_status":"open","ping_status":"open","sticky":false,"template":"","format":"standard","meta":{"_monsterinsights_skip_tracking":false,"_monsterinsights_sitenote_active":false,"_monsterinsights_sitenote_note":"","_monsterinsights_sitenote_category":0,"jetpack_post_was_ever_published":false,"_jetpack_newsletter_access":"","_jetpack_dont_email_post_to_subs":false,"_jetpack_newsletter_tier_id":0,"_jetpack_memberships_contains_paywalled_content":false,"_jetpack_memberships_contains_paid_content":false,"footnotes":"","jetpack_publicize_message":"","jetpack_publicize_feature_enabled":true,"jetpack_social_post_already_shared":true,"jetpack_social_options":{"image_generator_settings":{"template":"highway","default_image_id":0,"font":"","enabled":false},"version":2},"_wpas_customize_per_network":false},"categories":[5],"tags":[],"class_list":["post-26848","post","type-post","status-publish","format-standard","hentry","category-politica","generate-columns","tablet-grid-50","mobile-grid-100","grid-parent","grid-50"],"jetpack_publicize_connections":[],"jetpack_featured_media_url":"","wps_subtitle":"","jetpack_sharing_enabled":true,"_links":{"self":[{"href":"https:\/\/www.hoymercedes.com.ar\/principal\/wp-json\/wp\/v2\/posts\/26848","targetHints":{"allow":["GET"]}}],"collection":[{"href":"https:\/\/www.hoymercedes.com.ar\/principal\/wp-json\/wp\/v2\/posts"}],"about":[{"href":"https:\/\/www.hoymercedes.com.ar\/principal\/wp-json\/wp\/v2\/types\/post"}],"author":[{"embeddable":true,"href":"https:\/\/www.hoymercedes.com.ar\/principal\/wp-json\/wp\/v2\/users\/1"}],"replies":[{"embeddable":true,"href":"https:\/\/www.hoymercedes.com.ar\/principal\/wp-json\/wp\/v2\/comments?post=26848"}],"version-history":[{"count":0,"href":"https:\/\/www.hoymercedes.com.ar\/principal\/wp-json\/wp\/v2\/posts\/26848\/revisions"}],"wp:attachment":[{"href":"https:\/\/www.hoymercedes.com.ar\/principal\/wp-json\/wp\/v2\/media?parent=26848"}],"wp:term":[{"taxonomy":"category","embeddable":true,"href":"https:\/\/www.hoymercedes.com.ar\/principal\/wp-json\/wp\/v2\/categories?post=26848"},{"taxonomy":"post_tag","embeddable":true,"href":"https:\/\/www.hoymercedes.com.ar\/principal\/wp-json\/wp\/v2\/tags?post=26848"}],"curies":[{"name":"wp","href":"https:\/\/api.w.org\/{rel}","templated":true}]}}