{"id":26868,"date":"2013-10-25T02:29:46","date_gmt":"2013-10-25T02:29:46","guid":{"rendered":"http:\/\/www.hoymercedes.com.ar\/principal\/?p=26868"},"modified":"2013-10-25T02:29:46","modified_gmt":"2013-10-25T02:29:46","slug":"selva-lo-del-cuadro-de-nestor-es-una-opereta-mediatica-berreta-de-la-campora-en-mercedes","status":"publish","type":"post","link":"https:\/\/www.hoymercedes.com.ar\/principal\/2013\/10\/25\/selva-lo-del-cuadro-de-nestor-es-una-opereta-mediatica-berreta-de-la-campora-en-mercedes\/","title":{"rendered":"Selva: \u201cLo del cuadro de N\u00e9stor es una opereta medi\u00e1tica berreta de La C\u00e1mpora en Mercedes\u201d"},"content":{"rendered":"<p><a href=\"https:\/\/www.hoymercedes.com.ar\/principal\/wp-content\/uploads\/2013\/10\/cuadro1.jpg\"><img loading=\"lazy\" decoding=\"async\" data-attachment-id=\"26870\" data-permalink=\"https:\/\/www.hoymercedes.com.ar\/principal\/2013\/10\/25\/selva-lo-del-cuadro-de-nestor-es-una-opereta-mediatica-berreta-de-la-campora-en-mercedes\/cuadro1\/#main\" data-orig-file=\"https:\/\/www.hoymercedes.com.ar\/principal\/wp-content\/uploads\/2013\/10\/cuadro1.jpg\" data-orig-size=\"620,168\" data-comments-opened=\"1\" data-image-meta=\"{&quot;aperture&quot;:&quot;0&quot;,&quot;credit&quot;:&quot;&quot;,&quot;camera&quot;:&quot;&quot;,&quot;caption&quot;:&quot;&quot;,&quot;created_timestamp&quot;:&quot;0&quot;,&quot;copyright&quot;:&quot;&quot;,&quot;focal_length&quot;:&quot;0&quot;,&quot;iso&quot;:&quot;0&quot;,&quot;shutter_speed&quot;:&quot;0&quot;,&quot;title&quot;:&quot;&quot;}\" data-image-title=\"cuadro1\" data-image-description=\"\" data-image-caption=\"\" data-large-file=\"https:\/\/www.hoymercedes.com.ar\/principal\/wp-content\/uploads\/2013\/10\/cuadro1.jpg\" class=\"aligncenter size-full wp-image-26870\" alt=\"cuadro1\" src=\"https:\/\/www.hoymercedes.com.ar\/principal\/wp-content\/uploads\/2013\/10\/cuadro1.jpg\" width=\"620\" height=\"168\" \/><\/a> <a href=\"https:\/\/www.hoymercedes.com.ar\/principal\/wp-content\/uploads\/2013\/10\/cuadro2.jpg\"><img loading=\"lazy\" decoding=\"async\" data-attachment-id=\"26871\" data-permalink=\"https:\/\/www.hoymercedes.com.ar\/principal\/2013\/10\/25\/selva-lo-del-cuadro-de-nestor-es-una-opereta-mediatica-berreta-de-la-campora-en-mercedes\/cuadro2\/#main\" data-orig-file=\"https:\/\/www.hoymercedes.com.ar\/principal\/wp-content\/uploads\/2013\/10\/cuadro2.jpg\" data-orig-size=\"620,269\" data-comments-opened=\"1\" data-image-meta=\"{&quot;aperture&quot;:&quot;0&quot;,&quot;credit&quot;:&quot;&quot;,&quot;camera&quot;:&quot;&quot;,&quot;caption&quot;:&quot;&quot;,&quot;created_timestamp&quot;:&quot;0&quot;,&quot;copyright&quot;:&quot;&quot;,&quot;focal_length&quot;:&quot;0&quot;,&quot;iso&quot;:&quot;0&quot;,&quot;shutter_speed&quot;:&quot;0&quot;,&quot;title&quot;:&quot;&quot;}\" data-image-title=\"cuadro2\" data-image-description=\"\" data-image-caption=\"\" data-large-file=\"https:\/\/www.hoymercedes.com.ar\/principal\/wp-content\/uploads\/2013\/10\/cuadro2.jpg\" class=\"aligncenter size-full wp-image-26871\" alt=\"cuadro2\" src=\"https:\/\/www.hoymercedes.com.ar\/principal\/wp-content\/uploads\/2013\/10\/cuadro2.jpg\" width=\"620\" height=\"269\" \/><\/a><\/p>\n<p>El intendente de Mercedes se manifest\u00f3 tras los cuestionamientos por un cuadro del ex presidente N\u00e9stor Kirchner que desapareci\u00f3 de una conferencia de prensa en el centro de esa ciudad. \u201c<em>Alguien se llev\u00f3 el cuadro. Es una operaci\u00f3n como otras que se dieron en los \u00faltimos tiempos<\/em>\u201d, agreg\u00f3 Selva.<\/p>\n<p>En\u00a0declaraciones radiales, Carlos Selva explic\u00f3: <em>\u201cAl sal\u00f3n entr\u00f3 mucha gente que no tiene nada que ver con la organizaci\u00f3n de la conferencia de prensa y lo peor de todo es que el cuadro desapareci\u00f3. A\u00fan no lo pudimos encontrar, alguien se lo llev\u00f3\u201d.<\/em><\/p>\n<p>El jefe comunal, adem\u00e1s, dej\u00f3 en claro que Massa visit\u00f3 el sal\u00f3n principal de la agrupaci\u00f3n que lleva como nombre N\u00e9stor Kirchner, pero<em> \u201cno estaba en el lugar cuando se organiz\u00f3 la conferencia\u201d.<\/em><\/p>\n<p><em>\u201cEn este sal\u00f3n tenemos una foto gigante de N\u00e9stor y a su lado est\u00e1 la de Eva Per\u00f3n. Todo saben que es una opereta medi\u00e1tica de La C\u00e1mpora en Mercedes, como otras que se dieron en los \u00faltimos tiempos. Esto muestra la desesperaci\u00f3n del oficialismo y la parcialidad de medios paraoficiales como CN23\u201d<\/em>, explic\u00f3 Selva.<\/p>\n<p><span style=\"color: #888888;\">Fuente: Prensa Frente Renovador<\/span><\/p>\n","protected":false},"excerpt":{"rendered":"<p>El intendente de Mercedes se manifest\u00f3 tras los cuestionamientos por un cuadro del ex presidente N\u00e9stor Kirchner que desapareci\u00f3 de &#8230; <a title=\"Selva: \u201cLo del cuadro de N\u00e9stor es una opereta medi\u00e1tica berreta de La C\u00e1mpora en Mercedes\u201d\" class=\"read-more\" href=\"https:\/\/www.hoymercedes.com.ar\/principal\/2013\/10\/25\/selva-lo-del-cuadro-de-nestor-es-una-opereta-mediatica-berreta-de-la-campora-en-mercedes\/\" aria-label=\"Leer m\u00e1s sobre Selva: \u201cLo del cuadro de N\u00e9stor es una opereta medi\u00e1tica berreta de La C\u00e1mpora en Mercedes\u201d\">Leer m\u00e1s<\/a><\/p>\n","protected":false},"author":1,"featured_media":0,"comment_status":"open","ping_status":"open","sticky":false,"template":"","format":"standard","meta":{"_monsterinsights_skip_tracking":false,"_monsterinsights_sitenote_active":false,"_monsterinsights_sitenote_note":"","_monsterinsights_sitenote_category":0,"jetpack_post_was_ever_published":false,"_jetpack_newsletter_access":"","_jetpack_dont_email_post_to_subs":false,"_jetpack_newsletter_tier_id":0,"_jetpack_memberships_contains_paywalled_content":false,"_jetpack_memberships_contains_paid_content":false,"footnotes":"","jetpack_publicize_message":"","jetpack_publicize_feature_enabled":true,"jetpack_social_post_already_shared":true,"jetpack_social_options":{"image_generator_settings":{"template":"highway","default_image_id":0,"font":"","enabled":false},"version":2},"_wpas_customize_per_network":false},"categories":[5],"tags":[4094,39],"class_list":["post-26868","post","type-post","status-publish","format-standard","hentry","category-politica","tag-bajan-cuadro-de-nestor","tag-carlos-selva","generate-columns","tablet-grid-50","mobile-grid-100","grid-parent","grid-50"],"jetpack_publicize_connections":[],"jetpack_featured_media_url":"","wps_subtitle":"","jetpack_sharing_enabled":true,"_links":{"self":[{"href":"https:\/\/www.hoymercedes.com.ar\/principal\/wp-json\/wp\/v2\/posts\/26868","targetHints":{"allow":["GET"]}}],"collection":[{"href":"https:\/\/www.hoymercedes.com.ar\/principal\/wp-json\/wp\/v2\/posts"}],"about":[{"href":"https:\/\/www.hoymercedes.com.ar\/principal\/wp-json\/wp\/v2\/types\/post"}],"author":[{"embeddable":true,"href":"https:\/\/www.hoymercedes.com.ar\/principal\/wp-json\/wp\/v2\/users\/1"}],"replies":[{"embeddable":true,"href":"https:\/\/www.hoymercedes.com.ar\/principal\/wp-json\/wp\/v2\/comments?post=26868"}],"version-history":[{"count":0,"href":"https:\/\/www.hoymercedes.com.ar\/principal\/wp-json\/wp\/v2\/posts\/26868\/revisions"}],"wp:attachment":[{"href":"https:\/\/www.hoymercedes.com.ar\/principal\/wp-json\/wp\/v2\/media?parent=26868"}],"wp:term":[{"taxonomy":"category","embeddable":true,"href":"https:\/\/www.hoymercedes.com.ar\/principal\/wp-json\/wp\/v2\/categories?post=26868"},{"taxonomy":"post_tag","embeddable":true,"href":"https:\/\/www.hoymercedes.com.ar\/principal\/wp-json\/wp\/v2\/tags?post=26868"}],"curies":[{"name":"wp","href":"https:\/\/api.w.org\/{rel}","templated":true}]}}