{"id":26873,"date":"2013-10-25T11:39:13","date_gmt":"2013-10-25T11:39:13","guid":{"rendered":"http:\/\/www.hoymercedes.com.ar\/principal\/?p=26873"},"modified":"2013-10-25T11:39:13","modified_gmt":"2013-10-25T11:39:13","slug":"mic-cerro-campana-con-caminata-y-dialogo-con-vecinos","status":"publish","type":"post","link":"https:\/\/www.hoymercedes.com.ar\/principal\/2013\/10\/25\/mic-cerro-campana-con-caminata-y-dialogo-con-vecinos\/","title":{"rendered":"MIC Cerr\u00f3 campa\u00f1a con caminata y di\u00e1logo con vecinos"},"content":{"rendered":"<p><a href=\"https:\/\/www.hoymercedes.com.ar\/principal\/wp-content\/uploads\/2013\/10\/mic-cierredecampa\u00f1a.jpg\"><img loading=\"lazy\" decoding=\"async\" data-attachment-id=\"26880\" data-permalink=\"https:\/\/www.hoymercedes.com.ar\/principal\/2013\/10\/25\/mic-cerro-campana-con-caminata-y-dialogo-con-vecinos\/mic-cierredecampana\/#main\" data-orig-file=\"https:\/\/www.hoymercedes.com.ar\/principal\/wp-content\/uploads\/2013\/10\/mic-cierredecampa\u00f1a.jpg\" data-orig-size=\"620,465\" data-comments-opened=\"1\" data-image-meta=\"{&quot;aperture&quot;:&quot;3.2&quot;,&quot;credit&quot;:&quot;&quot;,&quot;camera&quot;:&quot;DSC-W620&quot;,&quot;caption&quot;:&quot;&quot;,&quot;created_timestamp&quot;:&quot;1382638976&quot;,&quot;copyright&quot;:&quot;&quot;,&quot;focal_length&quot;:&quot;5&quot;,&quot;iso&quot;:&quot;100&quot;,&quot;shutter_speed&quot;:&quot;0.02&quot;,&quot;title&quot;:&quot;&quot;}\" data-image-title=\"mic-cierredecampa\u00f1a\" data-image-description=\"\" data-image-caption=\"\" data-large-file=\"https:\/\/www.hoymercedes.com.ar\/principal\/wp-content\/uploads\/2013\/10\/mic-cierredecampa\u00f1a.jpg\" class=\"aligncenter size-full wp-image-26880\" alt=\"mic-cierredecampa\u00f1a\" src=\"https:\/\/www.hoymercedes.com.ar\/principal\/wp-content\/uploads\/2013\/10\/mic-cierredecampa\u00f1a.jpg\" width=\"620\" height=\"465\" \/><\/a><\/p>\n<p><em><strong>El viernes 24 de octubre, en horas de la tarde, los integrantes del MIC realizaron el cierre de campa\u00f1a. Para el mismo llevaron a cabo una recorrida caminando por el centro de Mercedes en la que siguieron repartiendo boletas y dialogando con los vecinos.<\/strong><\/em><\/p>\n<p><em><strong><\/strong><\/em><br \/>\nEl Primer candidato a concejal, Profesor Jos\u00e9 Cestari, manifest\u00f3 \u201cAntes que cualquier otra cosa, lo primero y m\u00e1s importante es agradecerles el apoyo y el afecto demostrado durante la campa\u00f1a a todos los mercedinos, que en las PASO del 11 de agosto nos posicionaron como la tercera fuerza con el 11,18 % (ingresando dos concejales), la \u00fanica fuerza pol\u00edtica no oficialista que lleg\u00f3 a este lugar. Somos la \u00fanica opci\u00f3n exclusivamente vecinal.<br \/>\nMantuvimos la coherencia de mantener la determinaci\u00f3n de ir como un espacio local, sin referencias nacionales o provinciales en la boleta.<br \/>\nCreemos que el Vecinalismo se construye desde lo territorial, de poner el o\u00eddo a la gente, de caminar la calle, de trabajar en equipo, etc.<br \/>\nEn nuestra lista confluyen vecinos de distintos pensamientos e ideolog\u00edas. Pero nos une algo que trasciende cualquier diferencia: las ganas de trabajar, de hacer de Mercedes una ciudad mejor, de recuperar lo que perdimos. Entendimos que subordinar esta pasi\u00f3n que nos agrupa a un espacio nacional determinado era injusto, era ego\u00edsta, pero tiene un beneficio impagable: la libertad.<br \/>\nLa libertad completa de pelear por lo que amamos: Mercedes.<br \/>\nLa democracia exige una representaci\u00f3n local de las distintas expresiones pol\u00edticas nacionales, eso es indudable, as\u00ed debe funcionar. Pero tambi\u00e9n requiere la existencia de espacios como el nuestro, en el que la defensa de los derechos del vecino no est\u00e9 supeditada al mandato de autoridades o intereses superiores. Ese es el lugar por el que peleamos: una batalla cotidiana para mejorar nuestra calidad de vida y en la que cada logro, m\u00e1s grande o m\u00e1s chico, nos llena de orgullo y alegr\u00eda. Una batalla cotidiana para favorecer el trabajo, la salud, la educaci\u00f3n, el ambiente, la seguridad. Y una batalla cotidiana pero fundamental para erradicar el peor de los males: la corrupci\u00f3n.<br \/>\nSeremos los fiscales del dinero que pagamos los vecinos para garantizar que se use en recursos necesarios. Con transparencia. Con honestidad.<br \/>\nAcompa\u00f1arnos en estas elecciones exige una tarea adicional: el corte de boleta. Pero haremos que valga la pena. Para cortar con la inseguridad, para cortar con el desempleo, para cortar con la falta de higiene, para cortar con la corrupci\u00f3n. A eso los invitamos, estimados vecinos, muchas gracias\u201d.<\/p>\n<p><span style=\"color: #888888;\">Fuente: MIC<\/span><\/p>\n","protected":false},"excerpt":{"rendered":"<p>El viernes 24 de octubre, en horas de la tarde, los integrantes del MIC realizaron el cierre de campa\u00f1a. Para &#8230; <a title=\"MIC Cerr\u00f3 campa\u00f1a con caminata y di\u00e1logo con vecinos\" class=\"read-more\" href=\"https:\/\/www.hoymercedes.com.ar\/principal\/2013\/10\/25\/mic-cerro-campana-con-caminata-y-dialogo-con-vecinos\/\" aria-label=\"Leer m\u00e1s sobre MIC Cerr\u00f3 campa\u00f1a con caminata y di\u00e1logo con vecinos\">Leer m\u00e1s<\/a><\/p>\n","protected":false},"author":1,"featured_media":0,"comment_status":"open","ping_status":"open","sticky":false,"template":"","format":"standard","meta":{"_monsterinsights_skip_tracking":false,"_monsterinsights_sitenote_active":false,"_monsterinsights_sitenote_note":"","_monsterinsights_sitenote_category":0,"jetpack_post_was_ever_published":false,"_jetpack_newsletter_access":"","_jetpack_dont_email_post_to_subs":false,"_jetpack_newsletter_tier_id":0,"_jetpack_memberships_contains_paywalled_content":false,"_jetpack_memberships_contains_paid_content":false,"footnotes":"","jetpack_publicize_message":"","jetpack_publicize_feature_enabled":true,"jetpack_social_post_already_shared":true,"jetpack_social_options":{"image_generator_settings":{"template":"highway","default_image_id":0,"font":"","enabled":false},"version":2},"_wpas_customize_per_network":false},"categories":[5],"tags":[321,4098,4099,1972,1956,4097],"class_list":["post-26873","post","type-post","status-publish","format-standard","hentry","category-politica","tag-jose-cestari","tag-juan-carlos-badano","tag-mercedes-movimiento-comunal","tag-mic","tag-mic-mercedes","tag-pedro-deluca","generate-columns","tablet-grid-50","mobile-grid-100","grid-parent","grid-50"],"jetpack_publicize_connections":[],"jetpack_featured_media_url":"","wps_subtitle":"","jetpack_sharing_enabled":true,"_links":{"self":[{"href":"https:\/\/www.hoymercedes.com.ar\/principal\/wp-json\/wp\/v2\/posts\/26873","targetHints":{"allow":["GET"]}}],"collection":[{"href":"https:\/\/www.hoymercedes.com.ar\/principal\/wp-json\/wp\/v2\/posts"}],"about":[{"href":"https:\/\/www.hoymercedes.com.ar\/principal\/wp-json\/wp\/v2\/types\/post"}],"author":[{"embeddable":true,"href":"https:\/\/www.hoymercedes.com.ar\/principal\/wp-json\/wp\/v2\/users\/1"}],"replies":[{"embeddable":true,"href":"https:\/\/www.hoymercedes.com.ar\/principal\/wp-json\/wp\/v2\/comments?post=26873"}],"version-history":[{"count":0,"href":"https:\/\/www.hoymercedes.com.ar\/principal\/wp-json\/wp\/v2\/posts\/26873\/revisions"}],"wp:attachment":[{"href":"https:\/\/www.hoymercedes.com.ar\/principal\/wp-json\/wp\/v2\/media?parent=26873"}],"wp:term":[{"taxonomy":"category","embeddable":true,"href":"https:\/\/www.hoymercedes.com.ar\/principal\/wp-json\/wp\/v2\/categories?post=26873"},{"taxonomy":"post_tag","embeddable":true,"href":"https:\/\/www.hoymercedes.com.ar\/principal\/wp-json\/wp\/v2\/tags?post=26873"}],"curies":[{"name":"wp","href":"https:\/\/api.w.org\/{rel}","templated":true}]}}