{"id":26887,"date":"2013-10-25T16:56:31","date_gmt":"2013-10-25T16:56:31","guid":{"rendered":"http:\/\/www.hoymercedes.com.ar\/principal\/?p=26887"},"modified":"2013-10-25T16:56:31","modified_gmt":"2013-10-25T16:56:31","slug":"pami-mercedes-entrego-subsidios-y-festejo-con-jubilados-y-abuelos","status":"publish","type":"post","link":"https:\/\/www.hoymercedes.com.ar\/principal\/2013\/10\/25\/pami-mercedes-entrego-subsidios-y-festejo-con-jubilados-y-abuelos\/","title":{"rendered":"PAMI Mercedes entreg\u00f3 subsidios y festej\u00f3 con jubilados y abuelos"},"content":{"rendered":"<p><a href=\"https:\/\/www.hoymercedes.com.ar\/principal\/wp-content\/uploads\/2013\/10\/pami.fiesta.1JPG.jpg\"><img loading=\"lazy\" decoding=\"async\" data-attachment-id=\"26889\" data-permalink=\"https:\/\/www.hoymercedes.com.ar\/principal\/2013\/10\/25\/pami-mercedes-entrego-subsidios-y-festejo-con-jubilados-y-abuelos\/pami-fiesta-1jpg\/#main\" data-orig-file=\"https:\/\/www.hoymercedes.com.ar\/principal\/wp-content\/uploads\/2013\/10\/pami.fiesta.1JPG.jpg\" data-orig-size=\"620,231\" data-comments-opened=\"1\" data-image-meta=\"{&quot;aperture&quot;:&quot;3.1&quot;,&quot;credit&quot;:&quot;&quot;,&quot;camera&quot;:&quot;COOLPIX L310&quot;,&quot;caption&quot;:&quot;&quot;,&quot;created_timestamp&quot;:&quot;1382731765&quot;,&quot;copyright&quot;:&quot;&quot;,&quot;focal_length&quot;:&quot;4.5&quot;,&quot;iso&quot;:&quot;400&quot;,&quot;shutter_speed&quot;:&quot;0.033333333333333&quot;,&quot;title&quot;:&quot;&quot;}\" data-image-title=\"pami.fiesta.1JPG\" data-image-description=\"\" data-image-caption=\"\" data-large-file=\"https:\/\/www.hoymercedes.com.ar\/principal\/wp-content\/uploads\/2013\/10\/pami.fiesta.1JPG.jpg\" class=\"aligncenter size-full wp-image-26889\" alt=\"pami.fiesta.1JPG\" src=\"https:\/\/www.hoymercedes.com.ar\/principal\/wp-content\/uploads\/2013\/10\/pami.fiesta.1JPG.jpg\" width=\"620\" height=\"231\" \/><\/a><\/p>\n<p><em><strong>Con un importante acto realizado en el \u00e1mbito del Circulo Italiano el PAMI de nuestra ciudad hizo entrega de dos subsidios a entidades de jubilados para que realicen diversas obras en las mejoras de sus espacios de reuni\u00f3n. En encuentro cont\u00f3\u00a0con la presencia de Juan Ustarroz, Mat\u00edas Dematei, show en vivo y m\u00e1s de 200 jubilados locales.<\/strong><\/em><\/p>\n<p>La reuni\u00f3n permiti\u00f3\u00a0 que Rosa, muy emocionada, de el Centro \u201c21 de septiembre\u201d\u00a0recibiera un subsidio de 20.000 pesos y tambi\u00e9n Ponce y Gigliote la misma cifra para el Centro de Jubilados que representan. El subsidio fue entregado por el jefe local del PAMI, Mat\u00edas Dematei.<\/p>\n<p>Ustarroz, al hablar, mencion\u00f3:\u00a0\u201ces muy importante encontrarnos, reunirnos y compartir un momento con la gente que forj\u00f3 \u00e9sta ciudad, como se debe hacer, a trav\u00e9s del esfuerzo, del trabajo, de la honestidad. Para nosotros que vemos en ustedes a nuestros abuelos, a personas que est\u00e1n en una edad de la vida donde casi todo es amor, casi todo es ternura y fomentar m\u00e1s centros de jubilados significa contar con m\u00e1s lugares de encuentro, de amistad y uni\u00f3n y esto le hace muy bien no solamente a ustedes que pueden compartir y salir al encuentro, de amigos y amigas, sino tambi\u00e9n nos\u00a0 hace bien a nosotros, a los que venimos atr\u00e1s y vemos que la gente que trabaj\u00f3 toda la vida se une, se organiza y hace cosas (\u2026) todos los que est\u00e1n ac\u00e1 pueden si quieren ir a votar, lo que les guste y no por eso vamos a dejar de encontrarnos, esto es la democracia, lo importante, por eso lo que digan pasa. Ustedes lo saben mejor que nosotros. Con agravios no se construye nada. Esto no se hizo por elecciones. Se hace por el amor y la fuerza que tienen. Los centros de jubilados se inauguran para que as\u00ed sea. Que el esfuerzo de los mayores, de toda la vida, sea reflejado en la sociedad. Tenemos un solo objetivo, que ese lugar sea un espacio hermoso para ustedes, para los que vendr\u00e1n, para construir una historia colectiva, com\u00fan entre todos\u201d<\/p>\n<p>Po su parte, Damatei manifest\u00f3:\u00a0\u201csimplemente quiero decirles gracias. Estoy muy contento trabajar todos los d\u00edas con ustedes. Es un orgullo y quisiera los d\u00edas tengan m\u00e1s horas porque cada d\u00eda me brindan experiencias maravillosas. Queremos siempre compartir estas actividades que nos ayuda a tener una mejor calidad de vida, para mejor salud, para estar juntos, como los viajes, las reuniones en los Centros. Estamos disponibles para ustedes y lo saben. Muchas gracias por estar presentes\u201d.<\/p>\n<p><img loading=\"lazy\" decoding=\"async\" data-attachment-id=\"26890\" data-permalink=\"https:\/\/www.hoymercedes.com.ar\/principal\/2013\/10\/25\/pami-mercedes-entrego-subsidios-y-festejo-con-jubilados-y-abuelos\/pami-fiesta-2\/#main\" data-orig-file=\"https:\/\/www.hoymercedes.com.ar\/principal\/wp-content\/uploads\/2013\/10\/pami.fiesta.2.jpg\" data-orig-size=\"620,325\" data-comments-opened=\"1\" data-image-meta=\"{&quot;aperture&quot;:&quot;3.2&quot;,&quot;credit&quot;:&quot;&quot;,&quot;camera&quot;:&quot;COOLPIX L310&quot;,&quot;caption&quot;:&quot;&quot;,&quot;created_timestamp&quot;:&quot;1382734596&quot;,&quot;copyright&quot;:&quot;&quot;,&quot;focal_length&quot;:&quot;5.6&quot;,&quot;iso&quot;:&quot;800&quot;,&quot;shutter_speed&quot;:&quot;0.025&quot;,&quot;title&quot;:&quot;&quot;}\" data-image-title=\"pami.fiesta.2\" data-image-description=\"\" data-image-caption=\"\" data-large-file=\"https:\/\/www.hoymercedes.com.ar\/principal\/wp-content\/uploads\/2013\/10\/pami.fiesta.2.jpg\" class=\"aligncenter size-full wp-image-26890\" alt=\"pami.fiesta.2\" src=\"https:\/\/www.hoymercedes.com.ar\/principal\/wp-content\/uploads\/2013\/10\/pami.fiesta.2.jpg\" width=\"620\" height=\"325\" \/><\/p>\n<p>Luego del acto central, los jubilados y abuelos vivieron el show en vivo de la artista local Fernanda Ottolini que durante casi dos horas los hizo bailar y participar en el sal\u00f3n completo del C\u00edrculo Italiano donde adem\u00e1s contaron con una cazuela caliente, tortas, gaseosas y confituras en una jornada que durante la tarde del jueves los hizo vivir juntos un momento de encuentro.<\/p>\n<p><a href=\"https:\/\/www.hoymercedes.com.ar\/principal\/wp-content\/uploads\/2013\/10\/pami.fiesta.3.jpg\"><img loading=\"lazy\" decoding=\"async\" data-attachment-id=\"26891\" data-permalink=\"https:\/\/www.hoymercedes.com.ar\/principal\/2013\/10\/25\/pami-mercedes-entrego-subsidios-y-festejo-con-jubilados-y-abuelos\/pami-fiesta-3\/#main\" data-orig-file=\"https:\/\/www.hoymercedes.com.ar\/principal\/wp-content\/uploads\/2013\/10\/pami.fiesta.3.jpg\" data-orig-size=\"620,388\" data-comments-opened=\"1\" data-image-meta=\"{&quot;aperture&quot;:&quot;3.6&quot;,&quot;credit&quot;:&quot;&quot;,&quot;camera&quot;:&quot;COOLPIX L310&quot;,&quot;caption&quot;:&quot;&quot;,&quot;created_timestamp&quot;:&quot;1382734601&quot;,&quot;copyright&quot;:&quot;&quot;,&quot;focal_length&quot;:&quot;8.4&quot;,&quot;iso&quot;:&quot;800&quot;,&quot;shutter_speed&quot;:&quot;0.02&quot;,&quot;title&quot;:&quot;&quot;}\" data-image-title=\"pami.fiesta.3\" data-image-description=\"\" data-image-caption=\"\" data-large-file=\"https:\/\/www.hoymercedes.com.ar\/principal\/wp-content\/uploads\/2013\/10\/pami.fiesta.3.jpg\" class=\"aligncenter size-full wp-image-26891\" alt=\"pami.fiesta.3\" src=\"https:\/\/www.hoymercedes.com.ar\/principal\/wp-content\/uploads\/2013\/10\/pami.fiesta.3.jpg\" width=\"620\" height=\"388\" \/><\/a><\/p>\n","protected":false},"excerpt":{"rendered":"<p>Con un importante acto realizado en el \u00e1mbito del Circulo Italiano el PAMI de nuestra ciudad hizo entrega de dos &#8230; <a title=\"PAMI Mercedes entreg\u00f3 subsidios y festej\u00f3 con jubilados y abuelos\" class=\"read-more\" href=\"https:\/\/www.hoymercedes.com.ar\/principal\/2013\/10\/25\/pami-mercedes-entrego-subsidios-y-festejo-con-jubilados-y-abuelos\/\" aria-label=\"Leer m\u00e1s sobre PAMI Mercedes entreg\u00f3 subsidios y festej\u00f3 con jubilados y abuelos\">Leer m\u00e1s<\/a><\/p>\n","protected":false},"author":1,"featured_media":0,"comment_status":"open","ping_status":"open","sticky":false,"template":"","format":"standard","meta":{"_monsterinsights_skip_tracking":false,"_monsterinsights_sitenote_active":false,"_monsterinsights_sitenote_note":"","_monsterinsights_sitenote_category":0,"jetpack_post_was_ever_published":false,"_jetpack_newsletter_access":"","_jetpack_dont_email_post_to_subs":false,"_jetpack_newsletter_tier_id":0,"_jetpack_memberships_contains_paywalled_content":false,"_jetpack_memberships_contains_paid_content":false,"footnotes":"","jetpack_publicize_message":"","jetpack_publicize_feature_enabled":true,"jetpack_social_post_already_shared":true,"jetpack_social_options":{"image_generator_settings":{"template":"highway","default_image_id":0,"font":"","enabled":false},"version":2},"_wpas_customize_per_network":false},"categories":[8],"tags":[272,3810,500],"class_list":["post-26887","post","type-post","status-publish","format-standard","hentry","category-sociedad","tag-fernanda-ottolini","tag-matias-dematei","tag-pami-mercedes","generate-columns","tablet-grid-50","mobile-grid-100","grid-parent","grid-50"],"jetpack_publicize_connections":[],"jetpack_featured_media_url":"","wps_subtitle":"","jetpack_sharing_enabled":true,"_links":{"self":[{"href":"https:\/\/www.hoymercedes.com.ar\/principal\/wp-json\/wp\/v2\/posts\/26887","targetHints":{"allow":["GET"]}}],"collection":[{"href":"https:\/\/www.hoymercedes.com.ar\/principal\/wp-json\/wp\/v2\/posts"}],"about":[{"href":"https:\/\/www.hoymercedes.com.ar\/principal\/wp-json\/wp\/v2\/types\/post"}],"author":[{"embeddable":true,"href":"https:\/\/www.hoymercedes.com.ar\/principal\/wp-json\/wp\/v2\/users\/1"}],"replies":[{"embeddable":true,"href":"https:\/\/www.hoymercedes.com.ar\/principal\/wp-json\/wp\/v2\/comments?post=26887"}],"version-history":[{"count":0,"href":"https:\/\/www.hoymercedes.com.ar\/principal\/wp-json\/wp\/v2\/posts\/26887\/revisions"}],"wp:attachment":[{"href":"https:\/\/www.hoymercedes.com.ar\/principal\/wp-json\/wp\/v2\/media?parent=26887"}],"wp:term":[{"taxonomy":"category","embeddable":true,"href":"https:\/\/www.hoymercedes.com.ar\/principal\/wp-json\/wp\/v2\/categories?post=26887"},{"taxonomy":"post_tag","embeddable":true,"href":"https:\/\/www.hoymercedes.com.ar\/principal\/wp-json\/wp\/v2\/tags?post=26887"}],"curies":[{"name":"wp","href":"https:\/\/api.w.org\/{rel}","templated":true}]}}