{"id":26920,"date":"2013-10-27T17:22:20","date_gmt":"2013-10-27T17:22:20","guid":{"rendered":"http:\/\/www.hoymercedes.com.ar\/principal\/?p=26920"},"modified":"2013-10-27T17:22:20","modified_gmt":"2013-10-27T17:22:20","slug":"resquintuvimos-casi-el-doble-de-fiscales-en-frente-de-izquieda","status":"publish","type":"post","link":"https:\/\/www.hoymercedes.com.ar\/principal\/2013\/10\/27\/resquintuvimos-casi-el-doble-de-fiscales-en-frente-de-izquieda\/","title":{"rendered":"Resquin:\u00bbtuvimos casi el doble de fiscales en Frente de Izquieda\u00bb"},"content":{"rendered":"<p><a href=\"https:\/\/www.hoymercedes.com.ar\/principal\/wp-content\/uploads\/2013\/10\/P1090939.jpg\"><img loading=\"lazy\" decoding=\"async\" data-attachment-id=\"26922\" data-permalink=\"https:\/\/www.hoymercedes.com.ar\/principal\/2013\/10\/27\/resquintuvimos-casi-el-doble-de-fiscales-en-frente-de-izquieda\/p1090939\/#main\" data-orig-file=\"https:\/\/www.hoymercedes.com.ar\/principal\/wp-content\/uploads\/2013\/10\/P1090939.jpg\" data-orig-size=\"620,784\" data-comments-opened=\"1\" data-image-meta=\"{&quot;aperture&quot;:&quot;3.1&quot;,&quot;credit&quot;:&quot;&quot;,&quot;camera&quot;:&quot;DMC-S1&quot;,&quot;caption&quot;:&quot;&quot;,&quot;created_timestamp&quot;:&quot;1382660677&quot;,&quot;copyright&quot;:&quot;&quot;,&quot;focal_length&quot;:&quot;5&quot;,&quot;iso&quot;:&quot;800&quot;,&quot;shutter_speed&quot;:&quot;0.016666666666667&quot;,&quot;title&quot;:&quot;&quot;}\" data-image-title=\"P1090939\" data-image-description=\"\" data-image-caption=\"\" data-large-file=\"https:\/\/www.hoymercedes.com.ar\/principal\/wp-content\/uploads\/2013\/10\/P1090939.jpg\" class=\"aligncenter size-full wp-image-26922\" alt=\"P1090939\" src=\"https:\/\/www.hoymercedes.com.ar\/principal\/wp-content\/uploads\/2013\/10\/P1090939.jpg\" width=\"620\" height=\"784\" srcset=\"https:\/\/www.hoymercedes.com.ar\/principal\/wp-content\/uploads\/2013\/10\/P1090939.jpg 620w, https:\/\/www.hoymercedes.com.ar\/principal\/wp-content\/uploads\/2013\/10\/P1090939-490x620.jpg 490w\" sizes=\"auto, (max-width: 620px) 100vw, 620px\" \/><\/a><\/p>\n<p><strong><em>Sergio Resquin, referente del Frente de Izquierda de nuestra ciudad que en las PASO hicieron una gran elecci\u00f3n destac\u00f3 la gran cantidad de fiscales que se sumaron en las \u00faltimas jornadas a su fuerza pol\u00edtica.<\/em><\/strong><\/p>\n<p>Resqu\u00edn en di\u00e1logo con HoyMercedes y La Tribuna manifest\u00f3: <em>\u00abse ha hecho una gran campa\u00f1a con una militancia aguerrida siempre\u00a0transpirando\u00a0la camiseta como se dice en deporte \u00a0que buscamos por primera vez en la historia meter un gran bloque de diputados \u00a0de la izquierda (&#8230;) estamos esperando que se arribe a tener diputados de Salta, Mendoza, Santa Cruz, Buenos Aires y Altamira que tambi\u00e9n est\u00e1 muy cerca tambi\u00e9n.Este es nuestro gran objetivo, adem\u00e1s de arribar a concejos deliberantes\u00bb.<\/em><\/p>\n<p>Respecto a la participaci\u00f3n local coment\u00f3: \u00abtenemos una gran cantidad de j\u00f3venes que se han sumado a fiscalizar Hemos casi duplicado la cantidad \u00a0en el d\u00eda de hoy. Creo que es parte del mill\u00f3n de votos que sacamos en agosto y la gran expectativa \u00a0que despertamos en sectores de la juventud\u00bb<\/p>\n<p>Sergio Resqu\u00edn, como fiscal general, se encontraba recorriendo espacios de votaci\u00f3n.<\/p>\n<p><span style=\"color: #003366;\">Fuente: HoyMercedes.com \/ FmLaTribuna<\/span><\/p>\n","protected":false},"excerpt":{"rendered":"<p>Sergio Resquin, referente del Frente de Izquierda de nuestra ciudad que en las PASO hicieron una gran elecci\u00f3n destac\u00f3 la &#8230; <a title=\"Resquin:\u00bbtuvimos casi el doble de fiscales en Frente de Izquieda\u00bb\" class=\"read-more\" href=\"https:\/\/www.hoymercedes.com.ar\/principal\/2013\/10\/27\/resquintuvimos-casi-el-doble-de-fiscales-en-frente-de-izquieda\/\" aria-label=\"Leer m\u00e1s sobre Resquin:\u00bbtuvimos casi el doble de fiscales en Frente de Izquieda\u00bb\">Leer m\u00e1s<\/a><\/p>\n","protected":false},"author":1,"featured_media":0,"comment_status":"open","ping_status":"open","sticky":false,"template":"","format":"standard","meta":{"_monsterinsights_skip_tracking":false,"_monsterinsights_sitenote_active":false,"_monsterinsights_sitenote_note":"","_monsterinsights_sitenote_category":0,"jetpack_post_was_ever_published":false,"_jetpack_newsletter_access":"","_jetpack_dont_email_post_to_subs":false,"_jetpack_newsletter_tier_id":0,"_jetpack_memberships_contains_paywalled_content":false,"_jetpack_memberships_contains_paid_content":false,"footnotes":"","jetpack_publicize_message":"","jetpack_publicize_feature_enabled":true,"jetpack_social_post_already_shared":true,"jetpack_social_options":{"image_generator_settings":{"template":"highway","default_image_id":0,"font":"","enabled":false},"version":2},"_wpas_customize_per_network":false},"categories":[8],"tags":[3572,1322,3394],"class_list":["post-26920","post","type-post","status-publish","format-standard","hentry","category-sociedad","tag-frente-de-izquierda-mercedes","tag-partido-obrero-mercedes","tag-sergio-resquin","generate-columns","tablet-grid-50","mobile-grid-100","grid-parent","grid-50"],"jetpack_publicize_connections":[],"jetpack_featured_media_url":"","wps_subtitle":"","jetpack_sharing_enabled":true,"_links":{"self":[{"href":"https:\/\/www.hoymercedes.com.ar\/principal\/wp-json\/wp\/v2\/posts\/26920","targetHints":{"allow":["GET"]}}],"collection":[{"href":"https:\/\/www.hoymercedes.com.ar\/principal\/wp-json\/wp\/v2\/posts"}],"about":[{"href":"https:\/\/www.hoymercedes.com.ar\/principal\/wp-json\/wp\/v2\/types\/post"}],"author":[{"embeddable":true,"href":"https:\/\/www.hoymercedes.com.ar\/principal\/wp-json\/wp\/v2\/users\/1"}],"replies":[{"embeddable":true,"href":"https:\/\/www.hoymercedes.com.ar\/principal\/wp-json\/wp\/v2\/comments?post=26920"}],"version-history":[{"count":0,"href":"https:\/\/www.hoymercedes.com.ar\/principal\/wp-json\/wp\/v2\/posts\/26920\/revisions"}],"wp:attachment":[{"href":"https:\/\/www.hoymercedes.com.ar\/principal\/wp-json\/wp\/v2\/media?parent=26920"}],"wp:term":[{"taxonomy":"category","embeddable":true,"href":"https:\/\/www.hoymercedes.com.ar\/principal\/wp-json\/wp\/v2\/categories?post=26920"},{"taxonomy":"post_tag","embeddable":true,"href":"https:\/\/www.hoymercedes.com.ar\/principal\/wp-json\/wp\/v2\/tags?post=26920"}],"curies":[{"name":"wp","href":"https:\/\/api.w.org\/{rel}","templated":true}]}}