{"id":26936,"date":"2013-10-27T23:45:47","date_gmt":"2013-10-27T23:45:47","guid":{"rendered":"http:\/\/www.hoymercedes.com.ar\/principal\/?p=26936"},"modified":"2013-10-27T23:45:47","modified_gmt":"2013-10-27T23:45:47","slug":"gana-comodo-bozzini-seguido-de-ustarroz-y-cestari","status":"publish","type":"post","link":"https:\/\/www.hoymercedes.com.ar\/principal\/2013\/10\/27\/gana-comodo-bozzini-seguido-de-ustarroz-y-cestari\/","title":{"rendered":"Gana c\u00f3modo Bozzini, seguido de Ustarroz y Cestari"},"content":{"rendered":"<p><em><strong>Tras casi 75 mesas contabilizadas el candidato del Frente Renovador Ricardo Bozzini se impone con comodidad contre el Frente Mercedino encabezado por Juan Ustarroz y seguido con unos primeros n\u00fameros que le dan major elecci\u00f3n que las PASO el MIC de Jos\u00e9 Cestari.<\/strong><\/em><\/p>\n<p>En los primeros datos la diferencia es importante. En algunas meses le sac\u00f3 el doble.<\/p>\n<p>Los datos que se conocen muestran:<\/p>\n<p>Ricardo Bozzini: 7443 votos.<\/p>\n<p>Juan Ustarroz: 5844 votos.<\/p>\n<p>Jos\u00e9 Cestari: 2569 votos.<\/p>\n<p>Oscar Albini: 1508.<\/p>\n<p>La tendencia, a este momento, es irreversible generando una porcentaje que ser\u00eca el siguiente:<\/p>\n<p>Bozzini: 38.93%<\/p>\n<p>Ustarroz: 30.57%<\/p>\n<p>Cestari: 13.44%<\/p>\n<p>Albini7.89%<\/p>\n<p>&nbsp;<\/p>\n","protected":false},"excerpt":{"rendered":"<p>Tras casi 75 mesas contabilizadas el candidato del Frente Renovador Ricardo Bozzini se impone con comodidad contre el Frente Mercedino &#8230; <a title=\"Gana c\u00f3modo Bozzini, seguido de Ustarroz y Cestari\" class=\"read-more\" href=\"https:\/\/www.hoymercedes.com.ar\/principal\/2013\/10\/27\/gana-comodo-bozzini-seguido-de-ustarroz-y-cestari\/\" aria-label=\"Leer m\u00e1s sobre Gana c\u00f3modo Bozzini, seguido de Ustarroz y Cestari\">Leer m\u00e1s<\/a><\/p>\n","protected":false},"author":1,"featured_media":0,"comment_status":"open","ping_status":"open","sticky":false,"template":"","format":"standard","meta":{"_monsterinsights_skip_tracking":false,"_monsterinsights_sitenote_active":false,"_monsterinsights_sitenote_note":"","_monsterinsights_sitenote_category":0,"jetpack_post_was_ever_published":false,"_jetpack_newsletter_access":"","_jetpack_dont_email_post_to_subs":false,"_jetpack_newsletter_tier_id":0,"_jetpack_memberships_contains_paywalled_content":false,"_jetpack_memberships_contains_paid_content":false,"footnotes":"","jetpack_publicize_message":"","jetpack_publicize_feature_enabled":true,"jetpack_social_post_already_shared":true,"jetpack_social_options":{"image_generator_settings":{"template":"highway","default_image_id":0,"font":"","enabled":false},"version":2},"_wpas_customize_per_network":false},"categories":[5],"tags":[3590],"class_list":["post-26936","post","type-post","status-publish","format-standard","hentry","category-politica","tag-elecciones-mercedes-2013","generate-columns","tablet-grid-50","mobile-grid-100","grid-parent","grid-50"],"jetpack_publicize_connections":[],"jetpack_featured_media_url":"","wps_subtitle":"","jetpack_sharing_enabled":true,"_links":{"self":[{"href":"https:\/\/www.hoymercedes.com.ar\/principal\/wp-json\/wp\/v2\/posts\/26936","targetHints":{"allow":["GET"]}}],"collection":[{"href":"https:\/\/www.hoymercedes.com.ar\/principal\/wp-json\/wp\/v2\/posts"}],"about":[{"href":"https:\/\/www.hoymercedes.com.ar\/principal\/wp-json\/wp\/v2\/types\/post"}],"author":[{"embeddable":true,"href":"https:\/\/www.hoymercedes.com.ar\/principal\/wp-json\/wp\/v2\/users\/1"}],"replies":[{"embeddable":true,"href":"https:\/\/www.hoymercedes.com.ar\/principal\/wp-json\/wp\/v2\/comments?post=26936"}],"version-history":[{"count":0,"href":"https:\/\/www.hoymercedes.com.ar\/principal\/wp-json\/wp\/v2\/posts\/26936\/revisions"}],"wp:attachment":[{"href":"https:\/\/www.hoymercedes.com.ar\/principal\/wp-json\/wp\/v2\/media?parent=26936"}],"wp:term":[{"taxonomy":"category","embeddable":true,"href":"https:\/\/www.hoymercedes.com.ar\/principal\/wp-json\/wp\/v2\/categories?post=26936"},{"taxonomy":"post_tag","embeddable":true,"href":"https:\/\/www.hoymercedes.com.ar\/principal\/wp-json\/wp\/v2\/tags?post=26936"}],"curies":[{"name":"wp","href":"https:\/\/api.w.org\/{rel}","templated":true}]}}