{"id":26938,"date":"2013-10-28T02:14:11","date_gmt":"2013-10-28T02:14:11","guid":{"rendered":"http:\/\/www.hoymercedes.com.ar\/principal\/?p=26938"},"modified":"2013-10-28T02:14:11","modified_gmt":"2013-10-28T02:14:11","slug":"cuanto-mas-y-cuanto-menos-obtuvo-cada-fuerza","status":"publish","type":"post","link":"https:\/\/www.hoymercedes.com.ar\/principal\/2013\/10\/28\/cuanto-mas-y-cuanto-menos-obtuvo-cada-fuerza\/","title":{"rendered":"Cu\u00e1nto m\u00e1s y cuanto menos obtuvo cada fuerza"},"content":{"rendered":"<p><em><strong>Las fuerzas que compitieron en las elecciones tras pasar el primer momento electoral que fueron las PASO vieron su caudal de voto modificado. Algunas obtuvieron m\u00e1s, otras menos.<\/strong><\/em><\/p>\n<p>En los n\u00fameros que se conoc\u00edan \u00e9ste domingo por la noche ya se pod\u00eda empezar a ver la composici\u00f3n conseguida por cada fuerza.<\/p>\n<p>Los datos son:<\/p>\n<p>Frente Renovador &#8211; Bozzini &#8211; Subi\u00f3 &#8211; 3115 votos<\/p>\n<p>Frente para la Victoria &#8211; Ustarroz \u00a0&#8211; Subi\u00f3 &#8211; 564 votos<\/p>\n<p>Mercedes Independiente Comunal &#8211; Cestari &#8211; Subi\u00f3 &#8211; 1140 votos<\/p>\n<p>Frente Progresista C\u00edvico y Social &#8211; Albini &#8211; Baj\u00f3 &#8211; 739 votos<\/p>\n<p>Alianza Frente de Izquierda &#8211; Demarco &#8211; Subi\u00f3 &#8211; 114 votos.<\/p>\n<p>Unidos por la Libertad y el Trabajo &#8211; Calzatta &#8211; Baj\u00f3 &#8211; 1501 votos.<\/p>\n<p>PODEMOS &#8211; Bonafina &#8211; Baj\u00f3 &#8211; 300 votos<\/p>\n","protected":false},"excerpt":{"rendered":"<p>Las fuerzas que compitieron en las elecciones tras pasar el primer momento electoral que fueron las PASO vieron su caudal &#8230; <a title=\"Cu\u00e1nto m\u00e1s y cuanto menos obtuvo cada fuerza\" class=\"read-more\" href=\"https:\/\/www.hoymercedes.com.ar\/principal\/2013\/10\/28\/cuanto-mas-y-cuanto-menos-obtuvo-cada-fuerza\/\" aria-label=\"Leer m\u00e1s sobre Cu\u00e1nto m\u00e1s y cuanto menos obtuvo cada fuerza\">Leer m\u00e1s<\/a><\/p>\n","protected":false},"author":1,"featured_media":0,"comment_status":"open","ping_status":"open","sticky":false,"template":"","format":"standard","meta":{"_monsterinsights_skip_tracking":false,"_monsterinsights_sitenote_active":false,"_monsterinsights_sitenote_note":"","_monsterinsights_sitenote_category":0,"jetpack_post_was_ever_published":false,"_jetpack_newsletter_access":"","_jetpack_dont_email_post_to_subs":false,"_jetpack_newsletter_tier_id":0,"_jetpack_memberships_contains_paywalled_content":false,"_jetpack_memberships_contains_paid_content":false,"footnotes":"","jetpack_publicize_message":"","jetpack_publicize_feature_enabled":true,"jetpack_social_post_already_shared":true,"jetpack_social_options":{"image_generator_settings":{"template":"highway","default_image_id":0,"font":"","enabled":false},"version":2},"_wpas_customize_per_network":false},"categories":[5],"tags":[4109,3572,3647,3616],"class_list":["post-26938","post","type-post","status-publish","format-standard","hentry","category-politica","tag-elecciones-2013-mercedes","tag-frente-de-izquierda-mercedes","tag-frente-renovador-mercedes","tag-podemos-mercedes","generate-columns","tablet-grid-50","mobile-grid-100","grid-parent","grid-50"],"jetpack_publicize_connections":[],"jetpack_featured_media_url":"","wps_subtitle":"","jetpack_sharing_enabled":true,"_links":{"self":[{"href":"https:\/\/www.hoymercedes.com.ar\/principal\/wp-json\/wp\/v2\/posts\/26938","targetHints":{"allow":["GET"]}}],"collection":[{"href":"https:\/\/www.hoymercedes.com.ar\/principal\/wp-json\/wp\/v2\/posts"}],"about":[{"href":"https:\/\/www.hoymercedes.com.ar\/principal\/wp-json\/wp\/v2\/types\/post"}],"author":[{"embeddable":true,"href":"https:\/\/www.hoymercedes.com.ar\/principal\/wp-json\/wp\/v2\/users\/1"}],"replies":[{"embeddable":true,"href":"https:\/\/www.hoymercedes.com.ar\/principal\/wp-json\/wp\/v2\/comments?post=26938"}],"version-history":[{"count":0,"href":"https:\/\/www.hoymercedes.com.ar\/principal\/wp-json\/wp\/v2\/posts\/26938\/revisions"}],"wp:attachment":[{"href":"https:\/\/www.hoymercedes.com.ar\/principal\/wp-json\/wp\/v2\/media?parent=26938"}],"wp:term":[{"taxonomy":"category","embeddable":true,"href":"https:\/\/www.hoymercedes.com.ar\/principal\/wp-json\/wp\/v2\/categories?post=26938"},{"taxonomy":"post_tag","embeddable":true,"href":"https:\/\/www.hoymercedes.com.ar\/principal\/wp-json\/wp\/v2\/tags?post=26938"}],"curies":[{"name":"wp","href":"https:\/\/api.w.org\/{rel}","templated":true}]}}