{"id":26941,"date":"2013-10-28T02:44:42","date_gmt":"2013-10-28T02:44:42","guid":{"rendered":"http:\/\/www.hoymercedes.com.ar\/principal\/?p=26941"},"modified":"2013-10-28T02:44:42","modified_gmt":"2013-10-28T02:44:42","slug":"bozzini-15-360-ustarroz-11-735-cestari-5-452-votos","status":"publish","type":"post","link":"https:\/\/www.hoymercedes.com.ar\/principal\/2013\/10\/28\/bozzini-15-360-ustarroz-11-735-cestari-5-452-votos\/","title":{"rendered":"Bozzini: 15.360; Ustarroz: 11.735; Cestari: 5.452\t votos"},"content":{"rendered":"<p><a href=\"https:\/\/www.hoymercedes.com.ar\/principal\/wp-content\/uploads\/2013\/10\/resultadoselecciones2013.png\"><img loading=\"lazy\" decoding=\"async\" data-attachment-id=\"26943\" data-permalink=\"https:\/\/www.hoymercedes.com.ar\/principal\/2013\/10\/28\/bozzini-15-360-ustarroz-11-735-cestari-5-452-votos\/resultadoselecciones2013\/#main\" data-orig-file=\"https:\/\/www.hoymercedes.com.ar\/principal\/wp-content\/uploads\/2013\/10\/resultadoselecciones2013.png\" data-orig-size=\"620,438\" data-comments-opened=\"1\" data-image-meta=\"{&quot;aperture&quot;:&quot;0&quot;,&quot;credit&quot;:&quot;&quot;,&quot;camera&quot;:&quot;&quot;,&quot;caption&quot;:&quot;&quot;,&quot;created_timestamp&quot;:&quot;0&quot;,&quot;copyright&quot;:&quot;&quot;,&quot;focal_length&quot;:&quot;0&quot;,&quot;iso&quot;:&quot;0&quot;,&quot;shutter_speed&quot;:&quot;0&quot;,&quot;title&quot;:&quot;&quot;}\" data-image-title=\"resultadoselecciones2013\" data-image-description=\"\" data-image-caption=\"\" data-large-file=\"https:\/\/www.hoymercedes.com.ar\/principal\/wp-content\/uploads\/2013\/10\/resultadoselecciones2013.png\" class=\"aligncenter size-full wp-image-26943\" alt=\"resultadoselecciones2013\" src=\"https:\/\/www.hoymercedes.com.ar\/principal\/wp-content\/uploads\/2013\/10\/resultadoselecciones2013.png\" width=\"620\" height=\"438\" \/><\/a><\/p>\n<p><em><strong>Los resultados de las 151 mesas de nuestra ciudad se conocieron durante la noche del domingo en el sitio oficial de la Provincia de Buenos Aires. Bozzini logr\u00f3 15.360 votos, Ustarroz 11.735 y Cestari 5452 siendo las cabezas de las primeras tres fuerzas en ingresar concejales.<\/strong><\/em><\/p>\n<p>Las elecciones que despertaron gran expectativa en buena parte \u00a0de los mercedinos arrojaron un resultado que dar\u00e1 para el an\u00e1lisis durante varios d\u00edas. Pero, los datos oficiales se hicieron conocer durante la noche del domingo desde la Provincia de Buenos Aires con los siguientes n\u00fameros.<\/p>\n<p>Frente Renovador: 15.380 \u00a0&#8211; \u00a039,09%<\/p>\n<p>Frente Mercedino: \u00a011.735 \u00a0&#8211; \u00a029,83%<\/p>\n<p>Mercedes Independiente Comunal: 5.452 \u00a0&#8211; \u00a0 13,86%<\/p>\n<p>Frente Progresista C\u00edvico y Social: 3.220 \u00a0&#8211; \u00a08,18%<\/p>\n<p>Frente de Izquierda y los Trabajadores: 1.863 \u00a0&#8211; \u00a0 4,74%<\/p>\n<p>Unidos por la Libertad y el Trabajo: 1.194 \u00a0 &#8211; \u00a03,03%<\/p>\n<p>Frente Popular Democr\u00e1tico y Social: \u00a0501 \u00a0 &#8211; \u00a01,27%<\/p>\n<p>&nbsp;<\/p>\n<p>De \u00e9sta manera el ingreso al Concejo Deliberante ser\u00eda lo siguiente:<\/p>\n<p>&nbsp;<\/p>\n<p>&#8211; Ricardo Bozzini, Juan Carlos Ben\u00edtez, Sabrina Selva, Juan Navarro<\/p>\n<p>&#8211; Juan Ustarroz, Patricia Prenitune, Mat\u00edas Dematei<\/p>\n<p>&#8211; Jos\u00e9 Cestari, Carlos Badano<\/p>\n<p>Respecto a los Consejeros Escolares:<\/p>\n<p>Entren los tres candidatos del Frente Renovador:<\/p>\n<p>&#8211; Carlos Saporitti, Yanina Oviedo y Marcelo Disciullo.<\/p>\n","protected":false},"excerpt":{"rendered":"<p>Los resultados de las 151 mesas de nuestra ciudad se conocieron durante la noche del domingo en el sitio oficial &#8230; <a title=\"Bozzini: 15.360; Ustarroz: 11.735; Cestari: 5.452\t votos\" class=\"read-more\" href=\"https:\/\/www.hoymercedes.com.ar\/principal\/2013\/10\/28\/bozzini-15-360-ustarroz-11-735-cestari-5-452-votos\/\" aria-label=\"Leer m\u00e1s sobre Bozzini: 15.360; Ustarroz: 11.735; Cestari: 5.452\t votos\">Leer m\u00e1s<\/a><\/p>\n","protected":false},"author":1,"featured_media":0,"comment_status":"open","ping_status":"open","sticky":false,"template":"","format":"standard","meta":{"_monsterinsights_skip_tracking":false,"_monsterinsights_sitenote_active":false,"_monsterinsights_sitenote_note":"","_monsterinsights_sitenote_category":0,"jetpack_post_was_ever_published":false,"_jetpack_newsletter_access":"","_jetpack_dont_email_post_to_subs":false,"_jetpack_newsletter_tier_id":0,"_jetpack_memberships_contains_paywalled_content":false,"_jetpack_memberships_contains_paid_content":false,"footnotes":"","jetpack_publicize_message":"","jetpack_publicize_feature_enabled":true,"jetpack_social_post_already_shared":true,"jetpack_social_options":{"image_generator_settings":{"template":"highway","default_image_id":0,"font":"","enabled":false},"version":2},"_wpas_customize_per_network":false},"categories":[5],"tags":[4110],"class_list":["post-26941","post","type-post","status-publish","format-standard","hentry","category-politica","tag-elecciones-mercedes-resultados","generate-columns","tablet-grid-50","mobile-grid-100","grid-parent","grid-50"],"jetpack_publicize_connections":[],"jetpack_featured_media_url":"","wps_subtitle":"","jetpack_sharing_enabled":true,"_links":{"self":[{"href":"https:\/\/www.hoymercedes.com.ar\/principal\/wp-json\/wp\/v2\/posts\/26941","targetHints":{"allow":["GET"]}}],"collection":[{"href":"https:\/\/www.hoymercedes.com.ar\/principal\/wp-json\/wp\/v2\/posts"}],"about":[{"href":"https:\/\/www.hoymercedes.com.ar\/principal\/wp-json\/wp\/v2\/types\/post"}],"author":[{"embeddable":true,"href":"https:\/\/www.hoymercedes.com.ar\/principal\/wp-json\/wp\/v2\/users\/1"}],"replies":[{"embeddable":true,"href":"https:\/\/www.hoymercedes.com.ar\/principal\/wp-json\/wp\/v2\/comments?post=26941"}],"version-history":[{"count":0,"href":"https:\/\/www.hoymercedes.com.ar\/principal\/wp-json\/wp\/v2\/posts\/26941\/revisions"}],"wp:attachment":[{"href":"https:\/\/www.hoymercedes.com.ar\/principal\/wp-json\/wp\/v2\/media?parent=26941"}],"wp:term":[{"taxonomy":"category","embeddable":true,"href":"https:\/\/www.hoymercedes.com.ar\/principal\/wp-json\/wp\/v2\/categories?post=26941"},{"taxonomy":"post_tag","embeddable":true,"href":"https:\/\/www.hoymercedes.com.ar\/principal\/wp-json\/wp\/v2\/tags?post=26941"}],"curies":[{"name":"wp","href":"https:\/\/api.w.org\/{rel}","templated":true}]}}