{"id":26955,"date":"2013-10-28T16:02:29","date_gmt":"2013-10-28T16:02:29","guid":{"rendered":"http:\/\/www.hoymercedes.com.ar\/principal\/?p=26955"},"modified":"2013-10-28T16:02:29","modified_gmt":"2013-10-28T16:02:29","slug":"resultado-elecciones-en-suipacha-giles-y-navarro","status":"publish","type":"post","link":"https:\/\/www.hoymercedes.com.ar\/principal\/2013\/10\/28\/resultado-elecciones-en-suipacha-giles-y-navarro\/","title":{"rendered":"Resultado elecciones en Suipacha, Giles y Navarro"},"content":{"rendered":"<p><a href=\"https:\/\/www.hoymercedes.com.ar\/principal\/wp-content\/uploads\/2013\/10\/federicosuipacha.jpg\"><img loading=\"lazy\" decoding=\"async\" data-attachment-id=\"26957\" data-permalink=\"https:\/\/www.hoymercedes.com.ar\/principal\/2013\/10\/28\/resultado-elecciones-en-suipacha-giles-y-navarro\/federicosuipacha-2\/#main\" data-orig-file=\"https:\/\/www.hoymercedes.com.ar\/principal\/wp-content\/uploads\/2013\/10\/federicosuipacha.jpg\" data-orig-size=\"620,413\" data-comments-opened=\"1\" data-image-meta=\"{&quot;aperture&quot;:&quot;0&quot;,&quot;credit&quot;:&quot;&quot;,&quot;camera&quot;:&quot;&quot;,&quot;caption&quot;:&quot;&quot;,&quot;created_timestamp&quot;:&quot;0&quot;,&quot;copyright&quot;:&quot;&quot;,&quot;focal_length&quot;:&quot;0&quot;,&quot;iso&quot;:&quot;0&quot;,&quot;shutter_speed&quot;:&quot;0&quot;,&quot;title&quot;:&quot;&quot;}\" data-image-title=\"federicosuipacha\" data-image-description=\"\" data-image-caption=\"\" data-large-file=\"https:\/\/www.hoymercedes.com.ar\/principal\/wp-content\/uploads\/2013\/10\/federicosuipacha.jpg\" class=\"aligncenter size-full wp-image-26957\" alt=\"federicosuipacha\" src=\"https:\/\/www.hoymercedes.com.ar\/principal\/wp-content\/uploads\/2013\/10\/federicosuipacha.jpg\" width=\"620\" height=\"413\" \/><\/a><\/p>\n<p><b><i>Las ciudades de Suipacha, Giles y Luj\u00e1n tambi\u00e9n dieron su veredicto en las \u00faltimas elecciones. En Suipacha y Luj\u00e1n perdi\u00f3 el oficilismo mientras que en San Andr\u00e9s de Giles gan\u00f3 con una buena cosecha de votos. Los resultados son los siguientes.<\/i><\/b><\/p>\n<h1><b>Suipacha<\/b><\/h1>\n<p>Suipacha mostr\u00f3 un rev\u00e9s para Antonio Delfino qui\u00e9n desde el oficialimo pensaba dar vueltas el resultado de las Primarias donde hab\u00eda perdido por dos votos. En esta ocasi\u00f3n la diferencia fue mucho m\u00e1s grande a favor de Uni\u00f3n Pro.<\/p>\n<p>Los datos de Suipacha son:<\/p>\n<p>Espacio Uni\u00f3n Pro &#8211; 2.824 votos &#8211; 40,97% &#8211; Alejandro Federico<\/p>\n<p>Frente para la Victoria\u00a0\u00a0 &#8211; 2.551 votos &#8211; 37,01% &#8211; Antonio Ins\u00faa \/ Antonio Delfino<\/p>\n<p>Compromiso Federal\u00a0\u00a0\u00a0\u00a0 &#8211; 1.141 \u2013 votos &#8211; \u00a016,56% &#8211; Dario Mu\u00f1oz<\/p>\n<p>Frente Renovador &#8211; 376 \u2013 votos &#8211; 5,46% &#8211; Fabian Malnero<\/p>\n<p>De esta manera la oposici\u00f3n gan\u00f3 las elecciones por una diferencia mayor a las obtenidas en las PASO dejando en segundo lugar al testimonial intendente Antonio Delfino.<\/p>\n<p><img loading=\"lazy\" decoding=\"async\" data-attachment-id=\"26959\" data-permalink=\"https:\/\/www.hoymercedes.com.ar\/principal\/2013\/10\/28\/resultado-elecciones-en-suipacha-giles-y-navarro\/guibaudfestejo\/#main\" data-orig-file=\"https:\/\/www.hoymercedes.com.ar\/principal\/wp-content\/uploads\/2013\/10\/guibaudfestejo.jpg\" data-orig-size=\"620,411\" data-comments-opened=\"1\" data-image-meta=\"{&quot;aperture&quot;:&quot;0&quot;,&quot;credit&quot;:&quot;&quot;,&quot;camera&quot;:&quot;&quot;,&quot;caption&quot;:&quot;&quot;,&quot;created_timestamp&quot;:&quot;0&quot;,&quot;copyright&quot;:&quot;&quot;,&quot;focal_length&quot;:&quot;0&quot;,&quot;iso&quot;:&quot;0&quot;,&quot;shutter_speed&quot;:&quot;0&quot;,&quot;title&quot;:&quot;&quot;}\" data-image-title=\"guibaudfestejo\" data-image-description=\"\" data-image-caption=\"\" data-large-file=\"https:\/\/www.hoymercedes.com.ar\/principal\/wp-content\/uploads\/2013\/10\/guibaudfestejo.jpg\" class=\"aligncenter size-full wp-image-26959\" alt=\"guibaudfestejo\" src=\"https:\/\/www.hoymercedes.com.ar\/principal\/wp-content\/uploads\/2013\/10\/guibaudfestejo.jpg\" width=\"620\" height=\"411\" \/><\/p>\n<p>&nbsp;<\/p>\n<h1><b>Luj\u00e1n<\/b><\/h1>\n<p>En la ciudad de Luj\u00e1n gan\u00f3 el Frente Renovador con Federico Guibaud seguido del oficialismo con N\u00e9stor Lucciani y dejando en tercer lugar al Frente para la Victoria que tambi\u00e9n coloc\u00f3 concejales. En esta caso la victoria es de la oposici\u00f3n al intendente Lucciani.<\/p>\n<p>Frente Renovado &#8211; 17.810 votos &#8211; 30,52% &#8211; Federico Guibaud<\/p>\n<p>Frente progresista C\u00edvico y Social &#8211; 13.812 votos\u00a0 &#8211;\u00a0 23,67% &#8211; N\u00e9stor Lucciani<\/p>\n<p>Frente para la Victoria\u00a0\u00a0 &#8211; 13.445 votos &#8211; 23,04% &#8211; Leonardo Boto<\/p>\n<p>Unidos por la Libertad y el Trabajo &#8211; 5.483 votos &#8211; 9,40% &#8211; Pablo Tonini<\/p>\n<p>Marea Popular &#8211; 2.565 votos &#8211;\u00a0\u00a0 4,40% &#8211; Santiago Deschutter<\/p>\n<p>Frente Social de la Provincia de Buenos Aires\u00a0\u00a0\u00a0 &#8211; 2.424 votos &#8211;\u00a0\u00a0 4,15% &#8211;\u00a0 Adriana Rosso<\/p>\n<p>Frente de Izquierda y de los Trabajadores &#8211; 1.853 votos &#8211; 3,18%\u00a0 &#8211; Arnoldo Troncoso<\/p>\n<p>Compromiso Federal\u00a0\u00a0\u00a0\u00a0 &#8211; 954 votos -1,64% &#8211; Ariel Perez<\/p>\n<p>El nuevo cuerpo deliberativo de Lujan que ampli\u00f3 las bacas ser\u00e1:<\/p>\n<p><b>&#8211; FpV \u2013 Corriente Peronista Descamisado<\/b><\/p>\n<p>Leonardo Miglioranza (2011-2015)<\/p>\n<p><b>\u00a0&#8211; Frente Renovador<\/b><\/p>\n<p>Federico Guibaud (2013-2017)<\/p>\n<p>Silvia Scarzo (2013-2017)<\/p>\n<p>Marcelo Musso (2013-2017)<\/p>\n<p>Jonatan Fattorini (2013-2017)<\/p>\n<p><b>&#8211; Uni\u00f3n Celeste y Blanco<\/b><\/p>\n<p>Eraldo Gonz\u00e1lez (2011-2015)<\/p>\n<p>Jorge Artero (2011-2015)<\/p>\n<p><b>&#8211; FpV \u2013 Partido Justicialista<\/b><\/p>\n<p>C\u00e9sar Siror (2011-2015)<\/p>\n<p>Mariano Ruiz Pando (2011-2015)<\/p>\n<p>Marisol Taffi (2011-2015)<\/p>\n<p>Leonardo Boto (2013-2017)<\/p>\n<p>Facundo Romero (2013-2017)<\/p>\n<p>Vanina Pascual\u00edn (2013-2017)<\/p>\n<p><b>&#8211; Frente Progresista C\u00edvico y Social<\/b><\/p>\n<p>&nbsp;<\/p>\n<p>Carlos Pedro P\u00e9rez (2011-2015)<\/p>\n<p>Hilda Colombo (2011-2015)<\/p>\n<p>Santiago Sarobe (2011-2015)<\/p>\n<p>N\u00e9stor Luciani (2013-2017)<\/p>\n<p>Fernando Casset (2013-2017)<\/p>\n<p>M\u00f3nica Laporte (2013-2017)<\/p>\n<p><img loading=\"lazy\" decoding=\"async\" data-attachment-id=\"26958\" data-permalink=\"https:\/\/www.hoymercedes.com.ar\/principal\/2013\/10\/28\/resultado-elecciones-en-suipacha-giles-y-navarro\/ghione-giles\/#main\" data-orig-file=\"https:\/\/www.hoymercedes.com.ar\/principal\/wp-content\/uploads\/2013\/10\/ghione-giles.jpg\" data-orig-size=\"620,465\" data-comments-opened=\"1\" data-image-meta=\"{&quot;aperture&quot;:&quot;0&quot;,&quot;credit&quot;:&quot;&quot;,&quot;camera&quot;:&quot;&quot;,&quot;caption&quot;:&quot;&quot;,&quot;created_timestamp&quot;:&quot;0&quot;,&quot;copyright&quot;:&quot;&quot;,&quot;focal_length&quot;:&quot;0&quot;,&quot;iso&quot;:&quot;0&quot;,&quot;shutter_speed&quot;:&quot;0&quot;,&quot;title&quot;:&quot;&quot;}\" data-image-title=\"ghione-giles\" data-image-description=\"\" data-image-caption=\"\" data-large-file=\"https:\/\/www.hoymercedes.com.ar\/principal\/wp-content\/uploads\/2013\/10\/ghione-giles.jpg\" class=\"aligncenter size-full wp-image-26958\" alt=\"ghione-giles\" src=\"https:\/\/www.hoymercedes.com.ar\/principal\/wp-content\/uploads\/2013\/10\/ghione-giles.jpg\" width=\"620\" height=\"465\" \/><\/p>\n<p>&nbsp;<\/p>\n<h1><b>San Andr\u00e9s de Giles<\/b><\/h1>\n<p>El intendente Ghione se llev\u00f3 una buena elecci\u00f3n qued\u00e1ndose con la victoria y manteniendo el control del Concejo Deliberante. En San Andr\u00e9s de Giles la victoria fue del oficialismo.<\/p>\n<p>Frente Renovador\u00a0 &#8211; 5920 votos &#8211; \u00a043.65%\u00a0 &#8211; Casta\u00f1os<\/p>\n<p>Frente Para La Victoria 3908 votos &#8211; 28.81% &#8211; Ponte<\/p>\n<p>Frente C\u00edvico y Social \u00a0&#8211; 2547 votos &#8211; 18.87% &#8211; Miravalles<\/p>\n<p>Frente Por la Libertad y el Trabajo &#8211; \u00a0843 votos \u00a0&#8211; 6.22% Mart\u00ednez<\/p>\n<p>Frente de Izquierda \u00a0227 votos 1.67% &#8211; L\u00f3pez<\/p>\n<p>Compromiso Federal 118 votos 0.87% &#8211; Castrillo<\/p>\n","protected":false},"excerpt":{"rendered":"<p>Las ciudades de Suipacha, Giles y Luj\u00e1n tambi\u00e9n dieron su veredicto en las \u00faltimas elecciones. En Suipacha y Luj\u00e1n perdi\u00f3 &#8230; <a title=\"Resultado elecciones en Suipacha, Giles y Navarro\" class=\"read-more\" href=\"https:\/\/www.hoymercedes.com.ar\/principal\/2013\/10\/28\/resultado-elecciones-en-suipacha-giles-y-navarro\/\" aria-label=\"Leer m\u00e1s sobre Resultado elecciones en Suipacha, Giles y Navarro\">Leer m\u00e1s<\/a><\/p>\n","protected":false},"author":1,"featured_media":0,"comment_status":"open","ping_status":"open","sticky":false,"template":"","format":"standard","meta":{"_monsterinsights_skip_tracking":false,"_monsterinsights_sitenote_active":false,"_monsterinsights_sitenote_note":"","_monsterinsights_sitenote_category":0,"jetpack_post_was_ever_published":false,"_jetpack_newsletter_access":"","_jetpack_dont_email_post_to_subs":false,"_jetpack_newsletter_tier_id":0,"_jetpack_memberships_contains_paywalled_content":false,"_jetpack_memberships_contains_paid_content":false,"footnotes":"","jetpack_publicize_message":"","jetpack_publicize_feature_enabled":true,"jetpack_social_post_already_shared":true,"jetpack_social_options":{"image_generator_settings":{"template":"highway","default_image_id":0,"font":"","enabled":false},"version":2},"_wpas_customize_per_network":false},"categories":[5],"tags":[3635,4112,971,86],"class_list":["post-26955","post","type-post","status-publish","format-standard","hentry","category-politica","tag-elecciones-2013","tag-elecciones-suipacha","tag-giles","tag-lujan","generate-columns","tablet-grid-50","mobile-grid-100","grid-parent","grid-50"],"jetpack_publicize_connections":[],"jetpack_featured_media_url":"","wps_subtitle":"","jetpack_sharing_enabled":true,"_links":{"self":[{"href":"https:\/\/www.hoymercedes.com.ar\/principal\/wp-json\/wp\/v2\/posts\/26955","targetHints":{"allow":["GET"]}}],"collection":[{"href":"https:\/\/www.hoymercedes.com.ar\/principal\/wp-json\/wp\/v2\/posts"}],"about":[{"href":"https:\/\/www.hoymercedes.com.ar\/principal\/wp-json\/wp\/v2\/types\/post"}],"author":[{"embeddable":true,"href":"https:\/\/www.hoymercedes.com.ar\/principal\/wp-json\/wp\/v2\/users\/1"}],"replies":[{"embeddable":true,"href":"https:\/\/www.hoymercedes.com.ar\/principal\/wp-json\/wp\/v2\/comments?post=26955"}],"version-history":[{"count":0,"href":"https:\/\/www.hoymercedes.com.ar\/principal\/wp-json\/wp\/v2\/posts\/26955\/revisions"}],"wp:attachment":[{"href":"https:\/\/www.hoymercedes.com.ar\/principal\/wp-json\/wp\/v2\/media?parent=26955"}],"wp:term":[{"taxonomy":"category","embeddable":true,"href":"https:\/\/www.hoymercedes.com.ar\/principal\/wp-json\/wp\/v2\/categories?post=26955"},{"taxonomy":"post_tag","embeddable":true,"href":"https:\/\/www.hoymercedes.com.ar\/principal\/wp-json\/wp\/v2\/tags?post=26955"}],"curies":[{"name":"wp","href":"https:\/\/api.w.org\/{rel}","templated":true}]}}